{"id":5424,"date":"2011-04-22T08:02:25","date_gmt":"2011-04-22T12:02:25","guid":{"rendered":"http:\/\/www.lecarrefourdesopinions.ca\/?p=5424"},"modified":"2011-04-22T08:02:25","modified_gmt":"2011-04-22T12:02:25","slug":"les-voeux-de-paques-du-carrefour-des-opinions","status":"publish","type":"post","link":"http:\/\/www.lecarrefourdesopinions.ca\/?p=5424","title":{"rendered":"Les voeux de P\u00e2ques du Carrefour des opinions"},"content":{"rendered":"<h2><em><strong>P\u00e2ques est de retour!<\/strong><\/em><\/h2>\n<p><em><strong>Les Romains de l\u2019Antiquit\u00e9 consid\u00e9raient que le d\u00e9but de l\u2019ann\u00e9e se situait au printemps, au moment du renouveau de la nature.<\/strong><\/em><\/p>\n<p><em><strong>P\u00e2ques est cette date symbolique qui souligne un nouveau d\u00e9part.<\/strong><\/em><\/p>\n<p><em><strong>On peut le constater tout autour de nous, avec Dame Nature qui d\u00e9cide r\u00e9solument en cette occasion de se faire une nouvelle beaut\u00e9, avec le r\u00e9veil de la nature, le retour des oiseaux migrateurs, l\u2019\u00e9closion des bourgeons.<img loading=\"lazy\" decoding=\"async\" class=\"alignright size-thumbnail wp-image-5433\" title=\"mimosa 4\" src=\"http:\/\/www.lecarrefourdesopinions.ca\/wp-content\/uploads\/2011\/04\/mimosa-41-134x107.jpg\" alt=\"\" width=\"134\" height=\"107\" \/><\/strong><\/em><\/p>\n<p><em><strong>Ainsi l\u2019hiver alangui d\u2019une beaut\u00e9 endormie fait place au renouveau d\u2019un printemps sans pudeur.<\/strong><\/em><\/p>\n<p><em><strong>C\u2019est le vrai t\u00e9moignage vivant du Myst\u00e8re de la R\u00e9surrection.<\/strong><\/em><\/p>\n<p><em><strong>Une occasion pour nous tous de rena\u00eetre \u00e0 une saison nouvelle. Une nouvelle chance, un moment d\u2019\u00e9merveillement devant la renaissance de la vie.<\/strong><\/em><\/p>\n<p><em><strong>C\u2019est le grand r\u00e9veil Miraculeux de la nature qui nous \u00e9blouit par la beaut\u00e9 de ses couleurs, sa verdure et son ciel d\u2019azur.<\/strong><\/em><\/p>\n<p>&nbsp;<\/p>\n<p><em><strong><img loading=\"lazy\" decoding=\"async\" class=\"alignleft size-full wp-image-5447\" title=\"panier de paques 3\" src=\"http:\/\/www.lecarrefourdesopinions.ca\/wp-content\/uploads\/2011\/04\/panier-de-paques-3.jpg\" alt=\"\" width=\"196\" height=\"177\" \/><br \/><\/strong><\/em><\/p>\n<p><em><strong><span style=\"color: #ffffff;\">.<\/span><\/strong><\/em><\/p>\n<p><em><strong><span style=\"color: #ffffff;\">.<\/span><\/strong><\/em><\/p>\n<p><em><strong>Voici pour vous un plein panier de V\u0153ux de P\u00e2ques, aux couleurs de l\u2019arc-en-ciel, pr\u00e9lude du beau temps \u00e0 venir.<\/strong><\/em><\/p>\n<p><em><strong>Rappelons-nous que l\u2019avenir, c\u2019est du pass\u00e9 en pr\u00e9paration.<\/strong><\/em><\/p>\n<p><em><strong> <\/strong><\/em><\/p>\n<p><em><strong><span style=\"color: #ffffff;\"><br \/><\/span><\/strong><\/em><\/p>\n<p><em><strong><span style=\"color: #ffffff;\"><br \/><\/span><\/strong><\/em><\/p>\n<p><em><strong><span style=\"color: #ffffff;\"> <\/span><span style=\"color: #ffffff;\">.<\/span><\/strong><\/em><\/p>\n<p><em><strong><span style=\"color: #ffffff;\"> <\/span><span style=\"color: #ffffff;\">.<\/span><\/strong><\/em><\/p>\n<p><em><strong><span style=\"color: #ffffff;\"><br \/><\/span><\/strong><\/em><\/p>\n<p><em><strong>Au nom du comit\u00e9 de r\u00e9daction et du conseil d\u2019administration du Carrefour des opinions, <\/strong><\/em><\/p>\n<h2><em><strong>nos meilleurs v\u0153ux de P\u00e2ques \u00e0 tous nos lecteurs.<br \/><\/strong><\/em><\/h2>\n<p><em><strong><br \/><\/strong><\/em><\/p>\n<p>&nbsp;<\/p>\n<p><em><strong> Abel Claude Arslanian<\/strong><\/em><\/p>\n<p><em><strong> pr\u00e9sident du CA<\/strong><\/em><\/p>\n<p><em><strong><span style=\"color: #ffffff;\">.<\/span><\/strong><\/em><\/p>\n<p><img loading=\"lazy\" decoding=\"async\" class=\"aligncenter size-full wp-image-5439\" title=\"guirlande de paques\" src=\"http:\/\/www.lecarrefourdesopinions.ca\/wp-content\/uploads\/2011\/04\/guirlande-de-paques1.jpg\" alt=\"\" width=\"507\" height=\"29\" srcset=\"http:\/\/www.lecarrefourdesopinions.ca\/wp-content\/uploads\/2011\/04\/guirlande-de-paques1.jpg 507w, http:\/\/www.lecarrefourdesopinions.ca\/wp-content\/uploads\/2011\/04\/guirlande-de-paques1-300x17.jpg 300w, http:\/\/www.lecarrefourdesopinions.ca\/wp-content\/uploads\/2011\/04\/guirlande-de-paques1-400x22.jpg 400w\" sizes=\"auto, (max-width: 507px) 100vw, 507px\" \/><\/p>\n<p><em><strong><span style=\"color: #ffffff;\"><br \/><\/span><\/strong><\/em><\/p>\n<script type=\"text\/javascript\">\n\nvar addthis_config = {\"data_track_clickback\":false,\"data_track_addressbar\":false,\"data_track_textcopy\":false};\n<\/script><script type=\"text\/javascript\" src=\"\/\/s7.addthis.com\/js\/250\/addthis_widget.js#pubid=a457a6d63fb9e6ccabdde4110343bd85\"><\/script>","protected":false},"excerpt":{"rendered":"<p>P\u00e2ques est de retour!<\/p>\n<p>Les Romains de l\u2019Antiquit\u00e9 consid\u00e9raient que le d\u00e9but de l\u2019ann\u00e9e se situait au printemps, au moment du renouveau de la nature.<\/p>\n<p>P\u00e2ques est cette date symbolique qui souligne un nouveau d\u00e9part.<\/p>\n<p>On peut &hellip;<\/p>\n","protected":false},"author":1,"featured_media":0,"comment_status":"open","ping_status":"open","sticky":false,"template":"","format":"standard","meta":{"footnotes":""},"categories":[1],"tags":[],"class_list":["post-5424","post","type-post","status-publish","format-standard","hentry","category-accueil"],"_links":{"self":[{"href":"http:\/\/www.lecarrefourdesopinions.ca\/index.php?rest_route=\/wp\/v2\/posts\/5424","targetHints":{"allow":["GET"]}}],"collection":[{"href":"http:\/\/www.lecarrefourdesopinions.ca\/index.php?rest_route=\/wp\/v2\/posts"}],"about":[{"href":"http:\/\/www.lecarrefourdesopinions.ca\/index.php?rest_route=\/wp\/v2\/types\/post"}],"author":[{"embeddable":true,"href":"http:\/\/www.lecarrefourdesopinions.ca\/index.php?rest_route=\/wp\/v2\/users\/1"}],"replies":[{"embeddable":true,"href":"http:\/\/www.lecarrefourdesopinions.ca\/index.php?rest_route=%2Fwp%2Fv2%2Fcomments&post=5424"}],"version-history":[{"count":5,"href":"http:\/\/www.lecarrefourdesopinions.ca\/index.php?rest_route=\/wp\/v2\/posts\/5424\/revisions"}],"predecessor-version":[{"id":5456,"href":"http:\/\/www.lecarrefourdesopinions.ca\/index.php?rest_route=\/wp\/v2\/posts\/5424\/revisions\/5456"}],"wp:attachment":[{"href":"http:\/\/www.lecarrefourdesopinions.ca\/index.php?rest_route=%2Fwp%2Fv2%2Fmedia&parent=5424"}],"wp:term":[{"taxonomy":"category","embeddable":true,"href":"http:\/\/www.lecarrefourdesopinions.ca\/index.php?rest_route=%2Fwp%2Fv2%2Fcategories&post=5424"},{"taxonomy":"post_tag","embeddable":true,"href":"http:\/\/www.lecarrefourdesopinions.ca\/index.php?rest_route=%2Fwp%2Fv2%2Ftags&post=5424"}],"curies":[{"name":"wp","href":"https:\/\/api.w.org\/{rel}","templated":true}]}}