{"id":5417,"date":"2011-05-25T09:06:28","date_gmt":"2011-05-25T13:06:28","guid":{"rendered":"http:\/\/www.lecarrefourdesopinions.ca\/?p=5417"},"modified":"2011-05-25T09:06:28","modified_gmt":"2011-05-25T13:06:28","slug":"art-contemporain-du-senegal-a-montreal","status":"publish","type":"post","link":"http:\/\/www.lecarrefourdesopinions.ca\/?p=5417","title":{"rendered":"ART CONTEMPORAIN DU S\u00c9N\u00c9GAL \u00c0 MONTR\u00c9AL"},"content":{"rendered":"<p><span style=\"color: #3366ff;\"><strong>ART CONTEMPORAIN DU S\u00c9N\u00c9GAL \u00c0 MONTR\u00c9AL<\/strong><\/span><\/p>\n<p><strong> <\/strong><\/p>\n<p><img loading=\"lazy\" decoding=\"async\" class=\"alignleft size-thumbnail wp-image-5418\" title=\"yves Alavo\" src=\"http:\/\/www.lecarrefourdesopinions.ca\/wp-content\/uploads\/2011\/04\/yves-Alavo2-112x107.jpg\" alt=\"\" width=\"112\" height=\"107\" \/> <em>Par Yves ALAVO\u00a0\u00a0 <br \/><\/em><\/p>\n<p>&nbsp;<\/p>\n<p>&nbsp;<\/p>\n<p style=\"text-align: justify;\">Six artistes s\u00e9n\u00e9galais de trois g\u00e9n\u00e9rations diff\u00e9rentes explorent, \u00e0 travers vid\u00e9os, photos, peintures et autres m\u00e9dias, le th\u00e8me de la temporalit\u00e9 dans <strong><em>Temps \u2013 Dialogue sur l\u2019art contemporain du S\u00e9n\u00e9gal<\/em><\/strong>. Enrichie d\u2019activit\u00e9s connexes, l\u2019exposition se veut un catalyseur pour \u00e9largir les perspectives sur la diaspora africaine et faire d\u00e9couvrir les nouvelles formes d\u2019arts contemporains s\u00e9n\u00e9galais, jusqu\u2019au 7 mai 2011 dans deux lieux (voir plus bas).<\/p>\n<p style=\"text-align: justify;\">\n<p style=\"text-align: justify;\">Dans le cadre de l&rsquo;exposition <em>Temps \u2013 Dialogue sur l&rsquo;art contemporain du S\u00e9n\u00e9gal<\/em>, Fatou Kand\u00e9 Senghor et Piniang ont donn\u00e9 une conf\u00e9rence \u00e0 OBORO au cours de laquelle ils ont parl\u00e9 de leur travail artistique tout en effectuant une mise en contexte de la r\u00e9alit\u00e9 d&rsquo;un <img loading=\"lazy\" decoding=\"async\" class=\"alignleft size-full wp-image-5420\" title=\"Oeuvre de Fatou Kand\u00e9 Senghor3[1]\" src=\"http:\/\/www.lecarrefourdesopinions.ca\/wp-content\/uploads\/2011\/04\/Oeuvre-de-Fatou-Kand\u00e9-Senghor31.jpg\" alt=\"\" width=\"425\" height=\"283\" srcset=\"http:\/\/www.lecarrefourdesopinions.ca\/wp-content\/uploads\/2011\/04\/Oeuvre-de-Fatou-Kand\u00e9-Senghor31.jpg 425w, http:\/\/www.lecarrefourdesopinions.ca\/wp-content\/uploads\/2011\/04\/Oeuvre-de-Fatou-Kand\u00e9-Senghor31-300x199.jpg 300w, http:\/\/www.lecarrefourdesopinions.ca\/wp-content\/uploads\/2011\/04\/Oeuvre-de-Fatou-Kand\u00e9-Senghor31-400x266.jpg 400w\" sizes=\"auto, (max-width: 425px) 100vw, 425px\" \/>artiste en arts m\u00e9diatiques au S\u00e9n\u00e9gal. \u00a0Comment parviennent-ils \u00e0 maintenir leur pratique dans un pays qui a peu de moyens techniques, peu de ressources financi\u00e8res et des coupures d&rsquo;\u00e9lectricit\u00e9 quotidiennes ? \u00a0Comment les arts m\u00e9diatiques s&rsquo;inscrivent-ils dans une culture o\u00f9 l&rsquo;art traditionnel est toujours tr\u00e8s pr\u00e9sent et dominant ? \u00a0Voici quelques unes des questions qui ont \u00e9t\u00e9 abord\u00e9es par les deux artistes en compagnie du commissaire Pierre Beaudoin.<\/p>\n<p style=\"text-align: justify;\">\n<p style=\"text-align: justify;\"><strong>Fatou Kand\u00e9 Senghor<\/strong> a fond\u00e9 \u00e0 Dakar une plateforme de recherche artistique utilisant les nouvelles technologies<em>, le Waru Studio<\/em>, qui fonctionne comme un laboratoire d&rsquo;exp\u00e9rimentation en art, science et technologie, \u00e9cologie et politique du changement. \u00a0Convaincue que l&rsquo;art sur le continent africain est une arme tr\u00e8s efficace pour r\u00e9soudre les probl\u00e8mes des Africains, elle incite beaucoup de jeunes venus de tous les horizons \u00e0 fr\u00e9quenter le <em>Waru <\/em>pour aff\u00fbter leurs intuitions artistiques et technologiques au profit des S\u00e9n\u00e9galais et des Africains. \u00a0Dipl\u00f4m\u00e9e de l&rsquo;Universit\u00e9 Charles de Gaulle Lille III (France) en \u00e9tudes cin\u00e9matographiques, elle poss\u00e8de une exp\u00e9rience solide et diversifi\u00e9e qu&rsquo;elle met au service d&rsquo;une jeunesse engag\u00e9e et soucieuse de se r\u00e9aliser et de prendre sa place dans le devenir et la confection du destin de leur soci\u00e9t\u00e9.<\/p>\n<p style=\"text-align: justify;\">\n<p style=\"text-align: justify;\">Le travail de <strong>Piniang<\/strong> est avant tout une r\u00e9flexion sur l&rsquo;\u00e9volution de l&rsquo;homme et son environnement. \u00a0Son \u0153uvre picturale et num\u00e9rique prend en compte le quotidien des soci\u00e9t\u00e9s et int\u00e8gre certains \u00e9l\u00e9ments de r\u00e9f\u00e9rence culturelle du milieu. \u00a0Il parodie le monde de l&rsquo;information en liant l&rsquo;homme, la ville et la soci\u00e9t\u00e9. Sa d\u00e9marche est bas\u00e9e sur la synth\u00e8se de la mati\u00e8re. \u00a0Dipl\u00f4m\u00e9 de l&rsquo;\u00c9cole Nationale des <img loading=\"lazy\" decoding=\"async\" class=\"alignleft size-medium wp-image-5421\" title=\"art_contemporain_senegal_web[1]\" src=\"http:\/\/www.lecarrefourdesopinions.ca\/wp-content\/uploads\/2011\/04\/art_contemporain_senegal_web1-200x300.jpg\" alt=\"\" width=\"200\" height=\"300\" srcset=\"http:\/\/www.lecarrefourdesopinions.ca\/wp-content\/uploads\/2011\/04\/art_contemporain_senegal_web1-200x300.jpg 200w, http:\/\/www.lecarrefourdesopinions.ca\/wp-content\/uploads\/2011\/04\/art_contemporain_senegal_web1-400x599.jpg 400w, http:\/\/www.lecarrefourdesopinions.ca\/wp-content\/uploads\/2011\/04\/art_contemporain_senegal_web1.jpg 427w\" sizes=\"auto, (max-width: 200px) 100vw, 200px\" \/>Arts du S\u00e9n\u00e9gal, Piniang est connu comme peintre et vid\u00e9aste. \u00a0Il a \u00e9galement suivi une formation en multim\u00e9dia et animation vid\u00e9o au Studio d&rsquo;Animation Pictoon \u00e0 Dakar. \u00a0Ses \u0153uvres sont r\u00e9guli\u00e8rement pr\u00e9sent\u00e9es en Afrique et dans plusieurs pays sur la sc\u00e8ne internationale. \u00a0En mai et juin 2010, il a \u00e9t\u00e9 en r\u00e9sidence au Bronx Museum \u00e0 New York.<\/p>\n<p style=\"text-align: justify;\">\n<p style=\"text-align: justify;\"><strong>Pierre Beaudoin, <\/strong>travailleur culturel, artiste en art performance et commissaire, Pierre Beaudoin est actif dans le milieu des arts visuels et m\u00e9diatiques depuis 25 ans. \u00a0Bas\u00e9 \u00e0 Montr\u00e9al, il a rempli plusieurs mandats de conception et de gestion de projets, notamment pour le Conseil des Arts du Canada, le Regroupement des centres d&rsquo;artistes autog\u00e9r\u00e9s du Qu\u00e9bec, OBORO et le Conseil qu\u00e9b\u00e9cois des arts m\u00e9diatiques. \u00a0Il effectue \u00e9galement des mandats de coaching en d\u00e9veloppement organisationnel, restructuration d&rsquo;organisme et m\u00e9diation culturelle. \u00a0Ses performances ont \u00e9t\u00e9 pr\u00e9sent\u00e9es \u00e0 travers le Canada, en Italie et en Pologne. \u00a0\u00c0 titre de commissaire, il a organis\u00e9 plusieurs \u00e9v\u00e9nements, dont Shed&rsquo;art, trois soir\u00e9es de performance r\u00e9unissant six artistes montr\u00e9alais.\u00a0 En plus de publier divers textes dont<\/p>\n<p style=\"text-align: justify;\">\u00ab Errance, petite prose po\u00e9tique \u00bb pour le catalogue <em>Dispositifs<\/em> de Pierre Fournier, Pierre Beaudoin travaille actuellement \u00e0 la pr\u00e9paration d&rsquo;un nouveau projet de commissariat visant \u00e0 inclure des artistes de trois pays africains.<\/p>\n<p style=\"text-align: justify;\">\n<p style=\"text-align: justify;\">Tr\u00e8s sp\u00e9cial de souligner, lors du vernissage de l\u2019exposition au MAI (Montr\u00e9al Arts Interculturels), la prestation unique et brillante de SE M Amadou Tidiane Wone, ambassadeur de la R\u00e9publique du S\u00e9n\u00e9gal au Canada. \u00a0Il a en effet, les mains libres, sans r\u00e9f\u00e9rences, de l\u2019abondance de son savoir, pr\u00e9sent\u00e9 chaque artiste (ils sont six), leurs production ainsi que leur parcours avec une \u00e9loquence rare.\u00a0 SE M Wone a dress\u00e9 avec brio un tableau savant de l\u2019\u00e9tat de l\u2019art contemporain du S\u00e9n\u00e9gal\u00a0: les grandes tendances, les sp\u00e9cialit\u00e9s, le contexte social et politique et l\u2019impact sur le d\u00e9veloppement culturel national et international.<\/p>\n<p style=\"text-align: justify;\"><strong><span style=\"color: #3366ff;\">Tous les d\u00e9tails <\/span><\/strong>:<\/p>\n<p style=\"text-align: justify;\"><strong>1.\u00a0 SBC, galerie d&rsquo;art contemporain<\/strong><\/p>\n<p style=\"text-align: justify;\">372, rue Sainte-Catherine Ouest, espace 507.<\/p>\n<p style=\"text-align: justify;\">T\u00e9l\u00e9phone\u00a0: 514-861-9992.<\/p>\n<p style=\"text-align: justify;\">Du mercredi au samedi de 12 \u00e0 17 h 00<\/p>\n<p style=\"text-align: justify;\">Les \u0153uvres des trois autres artistes \u2014 A\u00efcha A\u00efdara, Samba Fall et Pape Seydi \u2014 sont pr\u00e9sent\u00e9es \u00e0 la SBC galerie d\u2019art contemporain.<\/p>\n<p style=\"text-align: justify;\"><a href=\"http:\/\/www.sbcgallery.ca\/\">www.sbcgallery.ca<\/a><\/p>\n<p style=\"text-align: justify;\"><strong>2.\u00a0 \u00c0 la galerie du MAI (Montr\u00e9al, arts interculturels)<\/strong><\/p>\n<p style=\"text-align: justify;\">3680, rue Jeanne-Mance, <strong>jusqu&rsquo;au 7 mai 2011. <\/strong><\/p>\n<p style=\"text-align: justify;\">T\u00e9l\u00e9phone\u00a0: 514-982-1812.<\/p>\n<p style=\"text-align: justify;\">Du mardi au samedi de 15h \u00e0 18h 00<\/p>\n<p style=\"text-align: justify;\">Commissaire : Pierre Beaudoin<\/p>\n<p style=\"text-align: justify;\">Artistes : Serigne Mbaye Camara, Piniang, Fatou Kand\u00e9 Sanghor<\/p>\n<p style=\"text-align: justify;\">Horaire de la galerie : du mardi au samedi, de 12h \u00e0 18h<\/p>\n<p style=\"text-align: justify;\"><a href=\"http:\/\/www.m-a-i.qc.ca\/francais\/index.asp\">http:\/\/www.m-a-i.qc.ca\/francais\/index.asp<\/a><\/p>\n<p style=\"text-align: justify;\">Articles de presse :<\/p>\n<p style=\"text-align: justify;\"><a href=\"http:\/\/www.ledevoir.com\/culture\/arts-visuels\/320703\/expositions-le-temps-senegalais\">http:\/\/www.ledevoir.com\/culture\/arts-visuels\/320703\/expositions-le-temps-senegalais<\/a><\/p>\n<p style=\"text-align: justify;\">\n<p style=\"text-align: justify;\"><a href=\"http:\/\/www.montrealmirror.com\/wp\/2011\/04\/07\/artsweek-21\/\">http:\/\/www.montrealmirror.com\/wp\/2011\/04\/07\/artsweek-21\/<\/a><\/p>\n<p style=\"text-align: justify;\"><strong> <\/strong><\/p>\n<p style=\"text-align: justify;\"><strong>\u2026 l\u2019URL : entrevue de Pierre Beaudoin:<\/strong><\/p>\n<p style=\"text-align: justify;\"><strong>http:\/\/africa.rcinet.ca\/<\/strong><\/p>\n<p style=\"text-align: justify;\"><strong> <\/strong><\/p>\n<p style=\"text-align: justify;\"><strong>Photo de l\u2019artiste Pape Seydi ( SBC Galerie d\u2019art contemporain)<\/strong><\/p>\n<p style=\"text-align: justify;\"><strong>Photo de Fatou Kand\u00e9 (MAI).<\/strong><\/p>\n<p style=\"text-align: justify;\"><strong><img loading=\"lazy\" decoding=\"async\" class=\"alignleft size-full wp-image-5422\" title=\"au l\u00e8che doigts\" src=\"http:\/\/www.lecarrefourdesopinions.ca\/wp-content\/uploads\/2011\/04\/au-l\u00e8che-doigts2.jpg\" alt=\"\" width=\"554\" height=\"252\" srcset=\"http:\/\/www.lecarrefourdesopinions.ca\/wp-content\/uploads\/2011\/04\/au-l\u00e8che-doigts2.jpg 554w, http:\/\/www.lecarrefourdesopinions.ca\/wp-content\/uploads\/2011\/04\/au-l\u00e8che-doigts2-300x136.jpg 300w, http:\/\/www.lecarrefourdesopinions.ca\/wp-content\/uploads\/2011\/04\/au-l\u00e8che-doigts2-400x181.jpg 400w\" sizes=\"auto, (max-width: 554px) 100vw, 554px\" \/><br \/><\/strong><\/p>\n<p><strong> <\/strong><\/p>\n<script type=\"text\/javascript\">\n\nvar addthis_config = {\"data_track_clickback\":false,\"data_track_addressbar\":false,\"data_track_textcopy\":false};\n<\/script><script type=\"text\/javascript\" src=\"\/\/s7.addthis.com\/js\/250\/addthis_widget.js#pubid=a457a6d63fb9e6ccabdde4110343bd85\"><\/script>","protected":false},"excerpt":{"rendered":"<p><span style=\"color: #3366ff;\">ART CONTEMPORAIN DU S\u00c9N\u00c9GAL \u00c0 MONTR\u00c9AL<\/span><\/p>\n<\/p>\n<p> Par Yves ALAVO\u00a0\u00a0 <\/p>\n<p>&nbsp;<\/p>\n<p>&nbsp;<\/p>\n<p style=\"text-align: justify;\">Six artistes s\u00e9n\u00e9galais de trois g\u00e9n\u00e9rations diff\u00e9rentes explorent, \u00e0 travers vid\u00e9os, photos, peintures et autres m\u00e9dias, le th\u00e8me de la temporalit\u00e9 dans Temps \u2013 Dialogue sur &hellip;<\/p>\n","protected":false},"author":1,"featured_media":0,"comment_status":"open","ping_status":"open","sticky":false,"template":"","format":"standard","meta":{"footnotes":""},"categories":[1],"tags":[],"class_list":["post-5417","post","type-post","status-publish","format-standard","hentry","category-accueil"],"_links":{"self":[{"href":"http:\/\/www.lecarrefourdesopinions.ca\/index.php?rest_route=\/wp\/v2\/posts\/5417","targetHints":{"allow":["GET"]}}],"collection":[{"href":"http:\/\/www.lecarrefourdesopinions.ca\/index.php?rest_route=\/wp\/v2\/posts"}],"about":[{"href":"http:\/\/www.lecarrefourdesopinions.ca\/index.php?rest_route=\/wp\/v2\/types\/post"}],"author":[{"embeddable":true,"href":"http:\/\/www.lecarrefourdesopinions.ca\/index.php?rest_route=\/wp\/v2\/users\/1"}],"replies":[{"embeddable":true,"href":"http:\/\/www.lecarrefourdesopinions.ca\/index.php?rest_route=%2Fwp%2Fv2%2Fcomments&post=5417"}],"version-history":[{"count":3,"href":"http:\/\/www.lecarrefourdesopinions.ca\/index.php?rest_route=\/wp\/v2\/posts\/5417\/revisions"}],"predecessor-version":[{"id":5908,"href":"http:\/\/www.lecarrefourdesopinions.ca\/index.php?rest_route=\/wp\/v2\/posts\/5417\/revisions\/5908"}],"wp:attachment":[{"href":"http:\/\/www.lecarrefourdesopinions.ca\/index.php?rest_route=%2Fwp%2Fv2%2Fmedia&parent=5417"}],"wp:term":[{"taxonomy":"category","embeddable":true,"href":"http:\/\/www.lecarrefourdesopinions.ca\/index.php?rest_route=%2Fwp%2Fv2%2Fcategories&post=5417"},{"taxonomy":"post_tag","embeddable":true,"href":"http:\/\/www.lecarrefourdesopinions.ca\/index.php?rest_route=%2Fwp%2Fv2%2Ftags&post=5417"}],"curies":[{"name":"wp","href":"https:\/\/api.w.org\/{rel}","templated":true}]}}