{"id":5409,"date":"2011-05-04T11:59:45","date_gmt":"2011-05-04T15:59:45","guid":{"rendered":"http:\/\/www.lecarrefourdesopinions.ca\/?p=5409"},"modified":"2011-05-04T11:59:45","modified_gmt":"2011-05-04T15:59:45","slug":"les-40-ans-de-l%e2%80%99atelier-le-fil-d%e2%80%99ariane","status":"publish","type":"post","link":"http:\/\/www.lecarrefourdesopinions.ca\/?p=5409","title":{"rendered":"LES 40 ANS DE L\u2019ATELIER LE FIL D\u2019ARIANE"},"content":{"rendered":"<p><span style=\"color: #3366ff;\"><strong>LES 40 ANS DE L\u2019ATELIER LE FIL D\u2019ARIANE<\/strong><\/span><\/p>\n<p>&nbsp;<\/p>\n<p><img loading=\"lazy\" decoding=\"async\" class=\"alignleft size-thumbnail wp-image-5410\" title=\"yves Alavo\" src=\"http:\/\/www.lecarrefourdesopinions.ca\/wp-content\/uploads\/2011\/04\/yves-Alavo1-112x107.jpg\" alt=\"\" width=\"112\" height=\"107\" \/> <em><span style=\"color: #800000;\">Par Yves ALAVO<\/span><\/em><\/p>\n<p>&nbsp;<\/p>\n<p style=\"text-align: justify;\">Le Fil d\u2019Ariane est un atelier de travail pour des adultes ayant des limitations fonctionnelles sur le plan intellectuel.\u00a0 S\u2019appuyant sur les ressources cr\u00e9atrices de l\u2019individu, l\u2019atelier permet \u00e0 la personne handicap\u00e9e de s\u2019\u00e9panouir personnellement et de s\u2019int\u00e9grer socialement \u00e0 titre d\u2019artisan brodeur.<\/p>\n<p style=\"text-align: justify;\">\n<p style=\"text-align: justify;\"><img loading=\"lazy\" decoding=\"async\" class=\"alignleft size-medium wp-image-5412\" title=\"Roietreinne\" src=\"http:\/\/www.lecarrefourdesopinions.ca\/wp-content\/uploads\/2011\/04\/Roietreinne-300x257.jpg\" alt=\"\" width=\"300\" height=\"257\" srcset=\"http:\/\/www.lecarrefourdesopinions.ca\/wp-content\/uploads\/2011\/04\/Roietreinne-300x257.jpg 300w, http:\/\/www.lecarrefourdesopinions.ca\/wp-content\/uploads\/2011\/04\/Roietreinne-400x343.jpg 400w, http:\/\/www.lecarrefourdesopinions.ca\/wp-content\/uploads\/2011\/04\/Roietreinne.jpeg 583w\" sizes=\"auto, (max-width: 300px) 100vw, 300px\" \/>L\u2019\u00e9ducation par l\u2019art permet la conscientisation de soi et ouvre \u00e0 la communication par la r\u00e9alisation d\u2019\u0153uvres d\u2019art qui deviennent la contribution des artisans (nes) \u00e0 la soci\u00e9t\u00e9.\u00a0 L\u2019atelier propose \u00e0 chacun, par ses programmes de r\u00e9adaptation et d\u2019expression par l\u2019art, d\u2019exprimer ses potentialit\u00e9s, de d\u00e9velopper sa cr\u00e9ativit\u00e9 tout en faisant l\u2019apprentissage des habitudes et des habilet\u00e9s de travail.<\/p>\n<p style=\"text-align: justify;\">\n<p style=\"text-align: justify;\">Les objectifs g\u00e9n\u00e9raux:<\/p>\n<ul style=\"text-align: justify;\">\n<li>D\u00e9velopper l\u2019autonomie personnelle et      professionnelle des artisans (nes) b\u00e9n\u00e9ficiaires<\/li>\n<li>Favoriser l\u2019int\u00e9gration sociale et communautaire<\/li>\n<li>Sensibiliser le public aux possibilit\u00e9s      artistiques des personnes ayant des limitations intellectuelles<\/li>\n<li>Contribuer \u00e0 la vie artistique.<\/li>\n<\/ul>\n<p style=\"text-align: justify;\">\n<p style=\"text-align: justify;\"><span style=\"text-decoration: underline;\">Historique<\/span><\/p>\n<p style=\"text-align: justify;\">\n<p style=\"text-align: justify;\">En 1971, Louise Cimon-Annett et Louise Gervais fondaient L&rsquo;Atelier le Fil d&rsquo;Ariane. Elles souhaitaient offrir \u00e0 des adultes ayant une d\u00e9ficience intellectuelle, une occupation gratifiante. Un but dans la vie. Une possibilit\u00e9 de support financier partiel, leur cr\u00e9ant une place unique dans la soci\u00e9t\u00e9 par leur apport artistique.<\/p>\n<p style=\"text-align: justify;\">\n<p style=\"text-align: justify;\">Depuis 1971 L&rsquo;Atelier le Fil d&rsquo;Ariane a permis \u00e0 des centaines de personnes de d\u00e9couvrir un monde nouveau. Un monde de libert\u00e9 et de fiert\u00e9 \u00e0 travers l&rsquo;expression. Elles ont pu d\u00e9couvrir leur potentiel artistique et s&rsquo;accomplir personnellement sur de nombreux aspects de la vie quotidienne.<\/p>\n<p style=\"text-align: justify;\">\n<p style=\"text-align: justify;\">Comme Th\u00e9s\u00e9e de la mythologie grecque, \u00e0 qui Ariane avait donn\u00e9 un fil lui permettant de sortir du labyrinthe pour atteindre enfin le soleil de Cr\u00eate, ils ont trouv\u00e9 leur place au soleil.\u00a0 Cinq jours par semaine 20 personnes adultes de 18 ans et plus, se pr\u00e9sentent au travail <img loading=\"lazy\" decoding=\"async\" class=\"alignright size-medium wp-image-5413\" title=\"Oeuvre du fil d'ariane\" src=\"http:\/\/www.lecarrefourdesopinions.ca\/wp-content\/uploads\/2011\/04\/Oeuvre-du-fil-dariane-297x300.jpg\" alt=\"\" width=\"297\" height=\"300\" srcset=\"http:\/\/www.lecarrefourdesopinions.ca\/wp-content\/uploads\/2011\/04\/Oeuvre-du-fil-dariane-297x300.jpg 297w, http:\/\/www.lecarrefourdesopinions.ca\/wp-content\/uploads\/2011\/04\/Oeuvre-du-fil-dariane-400x403.jpg 400w, http:\/\/www.lecarrefourdesopinions.ca\/wp-content\/uploads\/2011\/04\/Oeuvre-du-fil-dariane.jpeg 500w\" sizes=\"auto, (max-width: 297px) 100vw, 297px\" \/>par leur propre moyen et accomplissent leurs t\u00e2ches dans un horaire r\u00e9gulier de travail. Ils produisent \u00e0 leur rythme des broderies d&rsquo;art aux coloris \u00e9clatants et uniques au monde.<\/p>\n<p style=\"text-align: justify;\">\n<p style=\"text-align: justify;\"><span style=\"text-decoration: underline;\">Plusieurs personnes remarquables<\/span><\/p>\n<p style=\"text-align: justify;\">\n<p style=\"text-align: justify;\">Les co-fondatrices Mmes Louise Cimon Annett et Louise P. Gervais avaient pour souci d\u2019apporter un soutien aux jeunes qui finissaient le cycle scolaire et qui, parce qu\u2019ils vivaient avec des handicaps ou des limitations intellectuelles, ne pouvaient pas trouver un milieu professionnel gratifiant ou d\u00e9velopper leurs talents.\u00a0 Depuis 40 ans, ce sont de nombreuses personnes qui poursuivent l\u2019\u0153uvre dont les directrices principales Mmes Trudel, Mich\u00e8le Joanette, Monique Laferri\u00e8re, Louise Pomminville, Lisette Claveau, ainsi que les \u00e9ducatrices qui ont donn\u00e9 beaucoup aux artisanes et artisans de broderie d\u2019art\u00a0: Mmes Diane Mathieu, Julie Mirabel.\u00a0 Ces deux derni\u00e8res \u00e9ducatrices sp\u00e9cialis\u00e9es et instructrice ayant aussi des fonctions d\u2019encadrement psychologique et th\u00e9rapeutique, ont particuli\u00e8rement fait l\u2019histoire de l\u2019organisme qui est soutenu par le r\u00e9seau de la Sant\u00e9 et des services sociaux.\u00a0 Notons aussi la part d\u00e9terminante des membres du CA.\u00a0 Au fil des ann\u00e9es, leur engagement ne s\u2019est pas d\u00e9menti. \u00a0L\u2019\u00e9quipe actuelle comprend sp\u00e9cialement\u00a0 Ga\u00e9tan Gagn\u00e9, Anouk, Fr\u00e9d\u00e9rique Roy.<\/p>\n<p style=\"text-align: justify;\">\n<p style=\"text-align: justify;\">\n<p style=\"text-align: justify;\">\n<p style=\"text-align: justify;\">\n<p style=\"text-align: justify;\">\n<p style=\"text-align: justify;\">Au cours des ann\u00e9es, les artisans du Fil d\u2019Ariane ont fait conna\u00eetre leurs \u0153uvres via les acquisitions des grandes entreprises, nationales et internationales, mais aussi gr\u00e2ce aux expositions faites aux \u00c9tats-Unis, au Japon (l\u2019Empereur a achet\u00e9 des \u0153uvres de l\u2019AFA), en Europe et dans plusieurs villes du Canada et du Qu\u00e9bec sous l\u2019\u00e9gide de <strong><em>Very Special Arts Internationa<\/em>l.<\/strong> Certains des artisans comme Chantal Bolla, Maryse Bouchard, parmi les plus anciens et anciennes\u00a0: Robert Barry, Alice Kowalchuk, Genevi\u00e8ve Leclerc, Nicole \u00a0Goudreau, Francis Nadeau, H\u00e9l\u00e8ne Ouellette, Dani\u00e8le Sehy, Julie Lapointe, Ma\u00ef Galipeau et Isabelle Colangelo ont aussi \u00e9t\u00e9 remarqu\u00e9 par leurs r\u00e9alisations originales et de haute teneur artistique.\u00a0 Pour une meilleure saisie du merveilleux et de la qualit\u00e9 unique des \u0153uvres cr\u00e9\u00e9es, une exposition aura lieu bient\u00f4t\u00a0:<\/p>\n<p style=\"text-align: justify;\">\n<p style=\"text-align: justify;\"><strong>INVITATION <\/strong>: Les membres du CA, les artisans et le personnel sont heureux de vous inviter \u00e0 c\u00e9l\u00e9brer et f\u00eater le 40<sup>e<\/sup> anniversaire de l\u2019Atelier le Fil d\u2019Ariane, sous la pr\u00e9sidence de Mme Kim Yaroshevskaya, com\u00e9dienne exceptionnelle qui a enchant\u00e9 les enfants de chez nous et d\u2019ailleurs avec ses contes pendant de longues et m\u00e9mortables ann\u00e9es.\u00a0 Le vernissage aura lieu Jeudi 5 mai 2011 \u00e0 18 h 00.\u00a0 RSVP au 514-842-5592 ou <a href=\"mailto:lisette.claveau.ariane@ssss.gouv.qc.ca\">lisette.claveau.ariane@ssss.gouv.qc.ca<\/a>.\u00a0 L\u2019exposition des \u0153uvres magnifiques se poursuivra vendredi 6 mai de 10 \u00e0 17 h 00 ainsi que samedi 7 mai et dimanche 8 mai 2011, de 11 \u00e0 17 h 00.\u00a0 <strong>L\u2019Atelier le Fil d\u2019Ariane est situ\u00e9 au 4837, rue Boyer, \u00e0 Montr\u00e9al.<\/strong><\/p>\n<p style=\"text-align: justify;\">\n<p style=\"text-align: justify;\">\n<p style=\"text-align: justify;\">Exposer en solo, l\u2019Atelier le Fil d\u2019Ariane l\u2019a fait.\u00a0 Les expositions r\u00e9centes\u00a0:<\/p>\n<p style=\"text-align: justify;\">\n<p style=\"text-align: justify;\">2008\u00a0\u00a0\u00a0\u00a0\u00a0\u00a0\u00a0\u00a0\u00a0\u00a0 STEWART HALL, Centre Culturel de Pointe-Claire<\/p>\n<p style=\"text-align: justify;\">LA SC\u00c8NE PARAMOUNT, Rouyn-Noranda<\/p>\n<p style=\"text-align: justify;\">\n<p style=\"text-align: justify;\">2008\u00a0\u00a0\u00a0\u00a0\u00a0\u00a0\u00a0\u00a0\u00a0 JOURN\u00c9E DES PATRIOTES, choix d&rsquo;une broderie d\u2019art par Altergo, remis \u00e0 G\u00e9rald<\/p>\n<p style=\"text-align: justify;\">Tremblay, maire de Montr\u00e9al<\/p>\n<p style=\"text-align: justify;\">\n<p style=\"text-align: justify;\">2009\u00a0\u00a0\u00a0\u00a0\u00a0\u00a0\u00a0\u00a0\u00a0 EXPOSITION ANNUELLE \u00c0 L&rsquo;ATELIER LE FIL D&rsquo;ARIANE, avec comme invit\u00e9es d&rsquo;honneur Monsieur David Levine, pr\u00e9sident-directeur g\u00e9n\u00e9ral de l&rsquo;Agence de sant\u00e9 et des services sociaux<\/p>\n<p style=\"text-align: justify;\">de Montr\u00e9al\u00a0 2011\u00a0\u00a0\u00a0\u00a0\u00a0\u00a0\u00a0\u00a0\u00a0\u00a0\u00a0\u00a0\u00a0\u00a0 Galerie 2456, Montr\u00e9al<\/p>\n<p style=\"text-align: justify;\"><a href=\"http:\/\/www.atelierlefildariane.org\/\">www.atelierlefildariane.org<\/a><\/p>\n<p style=\"text-align: justify;\"><img loading=\"lazy\" decoding=\"async\" class=\"alignleft size-medium wp-image-5415\" title=\"Voyages_VolmarBC\" src=\"http:\/\/www.lecarrefourdesopinions.ca\/wp-content\/uploads\/2011\/04\/Voyages_VolmarBC2-300x199.jpg\" alt=\"\" width=\"300\" height=\"199\" srcset=\"http:\/\/www.lecarrefourdesopinions.ca\/wp-content\/uploads\/2011\/04\/Voyages_VolmarBC2-300x199.jpg 300w, http:\/\/www.lecarrefourdesopinions.ca\/wp-content\/uploads\/2011\/04\/Voyages_VolmarBC2-400x266.jpg 400w, http:\/\/www.lecarrefourdesopinions.ca\/wp-content\/uploads\/2011\/04\/Voyages_VolmarBC2.jpg 853w\" sizes=\"auto, (max-width: 300px) 100vw, 300px\" \/><\/p>\n<p style=\"text-align: justify;\">\n<p style=\"text-align: justify;\">\n<script type=\"text\/javascript\">\n\nvar addthis_config = {\"data_track_clickback\":false,\"data_track_addressbar\":false,\"data_track_textcopy\":false};\n<\/script><script type=\"text\/javascript\" src=\"\/\/s7.addthis.com\/js\/250\/addthis_widget.js#pubid=a457a6d63fb9e6ccabdde4110343bd85\"><\/script>","protected":false},"excerpt":{"rendered":"<p><span style=\"color: #3366ff;\">LES 40 ANS DE L\u2019ATELIER LE FIL D\u2019ARIANE<\/span><\/p>\n<p>&nbsp;<\/p>\n<p> <span style=\"color: #800000;\">Par Yves ALAVO<\/span><\/p>\n<p>&nbsp;<\/p>\n<p style=\"text-align: justify;\">Le Fil d\u2019Ariane est un atelier de travail pour des adultes ayant des limitations fonctionnelles sur le plan intellectuel.\u00a0 S\u2019appuyant sur les ressources cr\u00e9atrices &hellip;<\/p>\n","protected":false},"author":1,"featured_media":0,"comment_status":"open","ping_status":"open","sticky":false,"template":"","format":"standard","meta":{"footnotes":""},"categories":[1],"tags":[],"class_list":["post-5409","post","type-post","status-publish","format-standard","hentry","category-accueil"],"_links":{"self":[{"href":"http:\/\/www.lecarrefourdesopinions.ca\/index.php?rest_route=\/wp\/v2\/posts\/5409","targetHints":{"allow":["GET"]}}],"collection":[{"href":"http:\/\/www.lecarrefourdesopinions.ca\/index.php?rest_route=\/wp\/v2\/posts"}],"about":[{"href":"http:\/\/www.lecarrefourdesopinions.ca\/index.php?rest_route=\/wp\/v2\/types\/post"}],"author":[{"embeddable":true,"href":"http:\/\/www.lecarrefourdesopinions.ca\/index.php?rest_route=\/wp\/v2\/users\/1"}],"replies":[{"embeddable":true,"href":"http:\/\/www.lecarrefourdesopinions.ca\/index.php?rest_route=%2Fwp%2Fv2%2Fcomments&post=5409"}],"version-history":[{"count":3,"href":"http:\/\/www.lecarrefourdesopinions.ca\/index.php?rest_route=\/wp\/v2\/posts\/5409\/revisions"}],"predecessor-version":[{"id":5618,"href":"http:\/\/www.lecarrefourdesopinions.ca\/index.php?rest_route=\/wp\/v2\/posts\/5409\/revisions\/5618"}],"wp:attachment":[{"href":"http:\/\/www.lecarrefourdesopinions.ca\/index.php?rest_route=%2Fwp%2Fv2%2Fmedia&parent=5409"}],"wp:term":[{"taxonomy":"category","embeddable":true,"href":"http:\/\/www.lecarrefourdesopinions.ca\/index.php?rest_route=%2Fwp%2Fv2%2Fcategories&post=5409"},{"taxonomy":"post_tag","embeddable":true,"href":"http:\/\/www.lecarrefourdesopinions.ca\/index.php?rest_route=%2Fwp%2Fv2%2Ftags&post=5409"}],"curies":[{"name":"wp","href":"https:\/\/api.w.org\/{rel}","templated":true}]}}