{"id":5392,"date":"2011-04-20T13:46:07","date_gmt":"2011-04-20T17:46:07","guid":{"rendered":"http:\/\/www.lecarrefourdesopinions.ca\/?p=5392"},"modified":"2011-04-20T13:46:07","modified_gmt":"2011-04-20T17:46:07","slug":"appel-a-soumissions","status":"publish","type":"post","link":"http:\/\/www.lecarrefourdesopinions.ca\/?p=5392","title":{"rendered":"APPEL A SOUMISSIONS"},"content":{"rendered":"<p><span style=\"color: #3366ff;\"><strong>APPEL A SOUMISSIONS<\/strong><\/span><\/p>\n<p>pour le 7e Festival International du <strong>FILM BLACK<\/strong> de Montr\u00e9al<\/p>\n<p>La 7e \u00e9dition du FIFBM aura lieu \u00e0 Montr\u00e9al du 21 septembre au 2 octobre 2011; Douze jours de partage, de m\u00e9tissage et de divertissement o\u00f9 seront pr\u00e9sent\u00e9es les plus belles et les plus \u00e9tonnantes d\u00e9couvertes du cin\u00e9ma BLACK. Un regard nouveau et rafraichissant sur le cin\u00e9ma noir des 4 coins du monde.<\/p>\n<p> Les inscriptions continuent pour les films de tout genre et toute dur\u00e9e : longs, moyens et courts-m\u00e9trages (fiction, documentaires, animation\u2026). Le formulaire d\u2019inscription, les conditions et r\u00e8glements sont disponibles sur le site du Festival au <a href=\"http:\/\/www.fondationfabiennecolas.org\/12all-1\/lt\/t_go.php?i=99&amp;e=MjgyOQ==&amp;l=-http--www.montrealblackfilm.com\/\">www.montrealbalckfilm.com<\/a> jusqu\u2019\u00e0 la date limite fix\u00e9e au <strong>20 Juin 2011<\/strong>. <\/p>\n<p> Le FIFBM offre \u00e9galement, aux d\u00e9butants comme aux professionnels, un concours de courts-m\u00e9trages &#8211; d\u00e9tails sont disponibles sur le site Web du Festival. <\/p>\n<p> Quant au jury qui fera la s\u00e9lection des gagnants, il sera compos\u00e9 de personnes de plusieurs nationalit\u00e9s, issues du milieu, toutes ind\u00e9pendantes de l\u2019organisation du Festival. <\/p>\n<p> <strong><\/strong><\/p>\n<p><strong>*********************************<\/strong><\/p>\n<p> Cr\u00e9\u00e9 par la  Fondation Fabienne Colas, organisme vou\u00e9 \u00e0 la promotion du Cin\u00e9ma, de l\u2019Art et de la  Culture tant sur le plan national qu\u2019international, le Festival International du Film Black de Montr\u00e9al (FIFBM) met en valeur le cin\u00e9ma ind\u00e9pendant d\u2019auteurs d\u2019ici et d\u2019ailleurs et cherche \u00e0 \u00e9mouvoir tous les milieux. Il encourage le cin\u00e9ma de qualit\u00e9 et permet les rencontres entre les professionnels de partout en plus de diversifier et d\u2019augmenter l\u2019offre culturelle et cin\u00e9matographique au Qu\u00e9bec et au Canada!<\/p>\n<p> Le FIFBM favorise une prise de conscience chez le grand public. Il offre aux gens de race noire la possibilit\u00e9 de renouer avec leur culture et aux autres, celle de d\u00e9couvrir un cin\u00e9ma et des r\u00e9alit\u00e9s autres. Un cin\u00e9ma en plein mouvement qui ne re\u00e7oit pas toujours l\u2019\u00e9clairage des projecteurs; un cin\u00e9ma in\u00e9dit, qui \u00e9meut, qui sensibilise et qui surprend.<\/p>\n<p>Plusieurs milliers de cin\u00e9philes sont attendus pour cette 7e \u00e9dition qui se pr\u00e9pare en grande pompe et promet d\u2019offrir une programmation encore plus riche et vari\u00e9e qu\u2019avant; un rendez-vous \u00e0 ne pas manquer!<\/p>\n<p> <strong>Le Festival International du Film Black de Montr\u00e9al<\/strong><br \/> <strong>Du 21 Septembre au 2 octobre 2011<\/strong><br \/> <a href=\"http:\/\/www.fondationfabiennecolas.org\/12all-1\/lt\/t_go.php?i=99&amp;e=MjgyOQ==&amp;l=-http--www.montrealblackfilm.com\/\">www.montrealblackfilm.com<\/a><br \/> <a href=\"http:\/\/www.fondationfabiennecolas.org\/12all-1\/lt\/t_go.php?i=99&amp;e=MjgyOQ==&amp;l=-http--www.fondationfabiennecolas.org\/\">www.fondationfabiennecolas.org<\/a><\/p>\n<p> <strong>Source<\/strong>:\u00a0\u00a0 Emile Castonguay<br \/> Directeur de la  Programmation du FIFBM \/ <br \/> emile@montrealblackfilm.com \/ www.montrealblackfilm.com <br \/> www.fondationfabiennecolas.org<\/p>\n<p><img loading=\"lazy\" decoding=\"async\" class=\"alignleft size-full wp-image-5394\" title=\"Voyages_VolmarBC\" src=\"http:\/\/www.lecarrefourdesopinions.ca\/wp-content\/uploads\/2011\/04\/Voyages_VolmarBC.jpg\" alt=\"\" width=\"853\" height=\"568\" srcset=\"http:\/\/www.lecarrefourdesopinions.ca\/wp-content\/uploads\/2011\/04\/Voyages_VolmarBC.jpg 853w, http:\/\/www.lecarrefourdesopinions.ca\/wp-content\/uploads\/2011\/04\/Voyages_VolmarBC-300x199.jpg 300w, http:\/\/www.lecarrefourdesopinions.ca\/wp-content\/uploads\/2011\/04\/Voyages_VolmarBC-400x266.jpg 400w\" sizes=\"auto, (max-width: 853px) 100vw, 853px\" \/><\/p>\n<script type=\"text\/javascript\">\n\nvar addthis_config = {\"data_track_clickback\":false,\"data_track_addressbar\":false,\"data_track_textcopy\":false};\n<\/script><script type=\"text\/javascript\" src=\"\/\/s7.addthis.com\/js\/250\/addthis_widget.js#pubid=a457a6d63fb9e6ccabdde4110343bd85\"><\/script>","protected":false},"excerpt":{"rendered":"<p><span style=\"color: #3366ff;\">APPEL A SOUMISSIONS<\/span><\/p>\n<p>pour le 7e Festival International du FILM BLACK de Montr\u00e9al<\/p>\n<p>La 7e \u00e9dition du FIFBM aura lieu \u00e0 Montr\u00e9al du 21 septembre au 2 octobre 2011; Douze jours de partage, de m\u00e9tissage et de &hellip;<\/p>\n","protected":false},"author":1,"featured_media":0,"comment_status":"open","ping_status":"open","sticky":false,"template":"","format":"standard","meta":{"footnotes":""},"categories":[1],"tags":[],"class_list":["post-5392","post","type-post","status-publish","format-standard","hentry","category-accueil"],"_links":{"self":[{"href":"http:\/\/www.lecarrefourdesopinions.ca\/index.php?rest_route=\/wp\/v2\/posts\/5392","targetHints":{"allow":["GET"]}}],"collection":[{"href":"http:\/\/www.lecarrefourdesopinions.ca\/index.php?rest_route=\/wp\/v2\/posts"}],"about":[{"href":"http:\/\/www.lecarrefourdesopinions.ca\/index.php?rest_route=\/wp\/v2\/types\/post"}],"author":[{"embeddable":true,"href":"http:\/\/www.lecarrefourdesopinions.ca\/index.php?rest_route=\/wp\/v2\/users\/1"}],"replies":[{"embeddable":true,"href":"http:\/\/www.lecarrefourdesopinions.ca\/index.php?rest_route=%2Fwp%2Fv2%2Fcomments&post=5392"}],"version-history":[{"count":3,"href":"http:\/\/www.lecarrefourdesopinions.ca\/index.php?rest_route=\/wp\/v2\/posts\/5392\/revisions"}],"predecessor-version":[{"id":5398,"href":"http:\/\/www.lecarrefourdesopinions.ca\/index.php?rest_route=\/wp\/v2\/posts\/5392\/revisions\/5398"}],"wp:attachment":[{"href":"http:\/\/www.lecarrefourdesopinions.ca\/index.php?rest_route=%2Fwp%2Fv2%2Fmedia&parent=5392"}],"wp:term":[{"taxonomy":"category","embeddable":true,"href":"http:\/\/www.lecarrefourdesopinions.ca\/index.php?rest_route=%2Fwp%2Fv2%2Fcategories&post=5392"},{"taxonomy":"post_tag","embeddable":true,"href":"http:\/\/www.lecarrefourdesopinions.ca\/index.php?rest_route=%2Fwp%2Fv2%2Ftags&post=5392"}],"curies":[{"name":"wp","href":"https:\/\/api.w.org\/{rel}","templated":true}]}}