{"id":5377,"date":"2011-04-20T13:44:54","date_gmt":"2011-04-20T17:44:54","guid":{"rendered":"http:\/\/www.lecarrefourdesopinions.ca\/?p=5377"},"modified":"2011-04-20T13:44:54","modified_gmt":"2011-04-20T17:44:54","slug":"la-greve-cette-arme-dangereuse","status":"publish","type":"post","link":"http:\/\/www.lecarrefourdesopinions.ca\/?p=5377","title":{"rendered":"La Gr\u00e8ve, cette Arme Dangereuse !.."},"content":{"rendered":"<p><span style=\"color: #3366ff;\"><strong>La Gr\u00e8ve<\/strong><strong>, cette Arme Dangereuse\u00a0!..<\/strong><\/span><\/p>\n<p>&nbsp;<\/p>\n<p><span style=\"color: #800000;\"><em> <img loading=\"lazy\" decoding=\"async\" class=\"alignleft size-thumbnail wp-image-5379\" title=\"photo \u00c9ric Nogard\" src=\"http:\/\/www.lecarrefourdesopinions.ca\/wp-content\/uploads\/2011\/04\/photo-\u00c9ric-Nogard4-134x107.jpg\" alt=\"\" width=\"134\" height=\"107\" \/>Par Eric E.G. NOGARD<\/em><\/span><\/p>\n<p>&nbsp;<\/p>\n<p><span style=\"color: #0000ff;\">Il ne viendrait \u00e0 Personne, surtout en France, Pays des Droits de l\u2019Homme par Excellence, donc en Martinique, cette Vielle Province Fran\u00e7aise, Amie des Grandes D\u00e9mocraties,<\/span><\/p>\n<p><span style=\"color: #0000ff;\"> <\/span><\/p>\n<p><span style=\"color: #0000ff;\">Il ne viendrait \u00e0 Personne \u2013disons nous \u2013 l\u2019id\u00e9e de Contester le Bien Fond\u00e9 du Droit de Gr\u00e8ve.<\/span><\/p>\n<p><span style=\"color: #0000ff;\"> <\/span><\/p>\n<p><span style=\"color: #0000ff;\">Dans notre propos, il n\u2019est donc pas question du Droit de Gr\u00e8ve, alors n\u2019en parlons plus.<\/span><\/p>\n<p><span style=\"color: #0000ff;\"> <\/span><\/p>\n<p><span style=\"color: #0000ff;\"> <\/span><\/p>\n<p><span style=\"color: #0000ff;\">Il s\u2019agit pour nous de la  <em><strong>Notion<\/strong><\/em><em><strong> de Stupidit\u00e9 Coupable d\u2019une Gr\u00e8ve<\/strong><\/em>.<\/span><\/p>\n<p><span style=\"color: #0000ff;\"> <\/span><\/p>\n<p><span style=\"color: #0000ff;\">Selon nous, pouss\u00e9e jusqu\u2019\u00e0 l\u2019Abus, une Gr\u00e8ve peut \u00eatre Coupable Voire Criminelle dans ses effets sinon dans ses Intentions, et il semble bien que ce soit\u00a0\u00a0 parfois le cas en Martinique.<\/span><\/p>\n<p><span style=\"color: #0000ff;\"> <\/span><\/p>\n<p><span style=\"color: #0000ff;\">Et, d\u00e8s lors que le Crime est av\u00e9r\u00e9, n\u2019y-a-t-il pas Obligation d\u2019en rechercher les Auteurs et les Causes, aussi, n\u2019y-a-t-il pas Obligation de d\u00e9terminer les Responsables, puis de les Sanctionner.<\/span><\/p>\n<p><span style=\"color: #0000ff;\"> <\/span><\/p>\n<p><span style=\"color: #0000ff;\"> <\/span><\/p>\n<p><span style=\"color: #0000ff;\">Comme nous avons d\u00e9j\u00e0 eu \u00e0 le souligner, tous les Pays des alentours reconnaissent eux aussi le Droit de Gr\u00e8ve.<\/span><\/p>\n<p><span style=\"color: #0000ff;\"> <\/span><\/p>\n<p><span style=\"color: #0000ff;\">Cependant, aucun d\u2019eux ne consentirait \u00e0 la pratique de Gr\u00e8ves \u00e0 la Martiniquaise\u00a0: peut-\u00eatre sont-ils plus arri\u00e9r\u00e9s que nous, ou peut-\u00eatre ont-ils plus que nous de la Mati\u00e8re Grise dans le Cr\u00e2ne.<\/span><\/p>\n<p><span style=\"color: #0000ff;\"> <\/span><\/p>\n<p><span style=\"color: #0000ff;\">En tout cas, ils ont le sens des limites \u00e0 ne pas franchir, eux qui pratiquent leurs Gr\u00e8ves sans Filet de Protection pour eux-m\u00eames et sans contrainte ni danger pour leurs non-gr\u00e9vistes et leurs Communaut\u00e9s.<\/span><\/p>\n<p><span style=\"color: #0000ff;\"> <\/span><\/p>\n<p><span style=\"color: #0000ff;\">Chez-eux, chacun est libre de faire gr\u00e8ve et d\u2019en informer l\u2019Opinion.<\/span><\/p>\n<p><span style=\"color: #0000ff;\"> <\/span><\/p>\n<p><span style=\"color: #0000ff;\">En revanche\u00a0:<\/span><\/p>\n<p><span style=\"color: #0000ff;\"> <\/span><\/p>\n<ul>\n<li><span style=\"color: #0000ff;\">Gare \u00e0 qui tente de forcer quiconque \u00e0 d\u00e9poser son Outil de Travail.<\/span><\/li>\n<\/ul>\n<p><span style=\"color: #0000ff;\"> <\/span><\/p>\n<ul>\n<li><span style=\"color: #0000ff;\">Gare \u00e0 qui tente d\u2019entraver la marche de l\u2019Entreprise.<\/span><\/li>\n<\/ul>\n<p><span style=\"color: #0000ff;\"> <\/span><\/p>\n<ul>\n<li><span style=\"color: #0000ff;\">Gare \u00e0 qui tente d\u2019abuser de son Droit de Gr\u00e8ve au pr\u00e9judice, que ce soit d\u2019un non-gr\u00e9viste, d\u2019un individu, de l\u2019Entreprise ou de la  Communaut\u00e9.<\/span><\/li>\n<\/ul>\n<p><span style=\"color: #0000ff;\"> <\/span><\/p>\n<ul>\n<li><span style=\"color: #0000ff;\">Chacun use Librement de son Droit de Gr\u00e8ve, \u00e0 ses risques ou \u00e0 son profit, il en fait son affaire, aux seuls d\u00e9pens de ce qui lui est Propre.<\/span><\/li>\n<\/ul>\n<p><span style=\"color: #0000ff;\"> <\/span><\/p>\n<ul>\n<li><span style=\"color: #0000ff;\">Nul ne b\u00e9n\u00e9ficie \u00e0 cet \u00e9gard \u2013 la Justice devant \u00eatre la m\u00eame pour tous \u2013 d\u2019aucune Protection L\u00e9gale Particuli\u00e8re\u00a0: Pas de Salari\u00e9s \u00ab\u00a0Prot\u00e9g\u00e9s\u00a0\u00bb, tout le monde est sur un pied d\u2019Egalit\u00e9 devant ses Fautes comme devant la Loi.<\/span><\/li>\n<\/ul>\n<p><span style=\"color: #0000ff;\"> <\/span><\/p>\n<p><span style=\"color: #0000ff;\">Comme quoi, il y a loin de leur Conception de la Gr\u00e8ve \u00e0 notre Parano\u00efa en la Mati\u00e8re.<\/span><\/p>\n<p><span style=\"color: #0000ff;\"> <\/span><\/p>\n<p><span style=\"color: #0000ff;\"> <\/span><\/p>\n<p><span style=\"color: #0000ff;\">Et ce n\u2019est pas tout car\u00a0:<\/span><\/p>\n<p><span style=\"color: #0000ff;\"> <\/span><\/p>\n<p><span style=\"color: #0000ff;\">\u00fc N\u2019est-ce pas \u00eatre riche que de gagner, en tant que salari\u00e9 et sans un centime \u00e0 investir, de quoi nourrir sa Famille et soi-m\u00eame, avec en plus combien d\u2019indemnit\u00e9s, de primes, de Cong\u00e9s Pay\u00e9s, avec une Couverture Sociale et Sanitaire, avec une Pension de Retraite \u00e0 Vie, nonobstant les Allocations Multiples dont on b\u00e9n\u00e9ficie.<\/span><\/p>\n<p><span style=\"color: #0000ff;\"> <\/span><\/p>\n<p><span style=\"color: #0000ff;\">N\u2019est-ce pas \u00eatre riche, compar\u00e9 au Paysan ou \u00e0 l\u2019Artisan au P\u00eacheur du r\u00e9gime Lib\u00e9ral.<\/span><\/p>\n<p><span style=\"color: #0000ff;\"> <\/span><\/p>\n<p><span style=\"color: #0000ff;\">N\u2019est-ce pas \u00eatre riche que de n\u2019avoir que Cinq Heures \u00e0 donner par jour, en retour\u00a0: quel Patron tiendrait le coup en ne donnant que \u00e7a \u00e0 son Entreprise.<\/span><\/p>\n<p><span style=\"color: #0000ff;\"> <\/span><\/p>\n<p><span style=\"color: #0000ff;\">\u00fc N\u2019est-ce pas \u00eatre stupide que de laisser prosp\u00e9rer cette boulimie dont on sait qu\u2019elle ne profite ni aux sans emploi, ni aux retrait\u00e9s, ni aux salari\u00e9s dans la mesure o\u00f9 les gr\u00e8ves les plus r\u00e9ussies ont pour cons\u00e9quences des augmentations de prix qui en annihilent les effets.<\/span><\/p>\n<p><span style=\"color: #0000ff;\"> <\/span><\/p>\n<p><span style=\"color: #0000ff;\">\u00fc N\u2019est-ce pas \u00eatre fort mal avis\u00e9 que de ne pas r\u00e9aliser, qu\u2019\u00e0 moins de demeurer au dessous du seuil de l\u2019insupportable \u2013 et ce seuil, nous l\u2019avons bel et bien franchi depuis belle lurette \u2013 les gr\u00e8ves pour augmentations abusives de salaire ne peuvent profiter qu\u2019\u00e0 ceux qui sont \u00ab\u00a0au pourcentage\u00a0\u00bb.<\/span><\/p>\n<p><span style=\"color: #0000ff;\"> <\/span><\/p>\n<p><span style=\"color: #0000ff;\">En effet, Salaires, Prix et Pr\u00e9l\u00e8vements sont au nombre des Composantes des Co\u00fbts de Revient, Assiette de leurs \u00ab\u00a0Tant pour Cent\u00a0\u00bb toujours le m\u00eame.<\/span><\/p>\n<p><span style=\"color: #0000ff;\"> <\/span><\/p>\n<p><span style=\"color: #0000ff;\">En Cons\u00e9quence, Plus Gros sont les Co\u00fbts, Plus Gros sont leurs Profits\u00a0!..<\/span><\/p>\n<p><span style=\"color: #0000ff;\"> <\/span><\/p>\n<p><span style=\"color: #0000ff;\">\u00fc N\u2019est-ce pas \u00eatre des Economistes mal inspir\u00e9s que de croire qu\u2019en laissant prosp\u00e9rer les gr\u00e8ves en mani\u00e8re d\u2019exp\u00e9dient, on remplira les caisses vides\u2026 vides comme sont les N\u00f4tres, H\u00e9las\u00a0!..<\/span><\/p>\n<p><span style=\"color: #0000ff;\"> <\/span><\/p>\n<p><span style=\"color: #0000ff;\">Car, il faut d\u00e9chanter, le seuil est atteint, tant du point de vue de la baisse \u00e0 la Consommation, de la Hausse du surendettement, que de l\u2019inaccessibilit\u00e9 des Co\u00fbts Martiniquais compar\u00e9s aux Co\u00fbts Mondiaux\u00a0: nous sommes mis \u00e0 l\u2019index sur le March\u00e9, la Martinique est trop \u00ab\u00a0Ch\u00e8re\u00a0\u00bb.<\/span><\/p>\n<p><span style=\"color: #0000ff;\"> <\/span><\/p>\n<p><span style=\"color: #0000ff;\">Nos Gr\u00e9vistes ne peuvent faire gr\u00e8ve que pour nos Petits Rois de Prusse.<\/span><\/p>\n<p><span style=\"color: #0000ff;\"> <\/span><\/p>\n<p><span style=\"color: #0000ff;\">Nos Gr\u00e9vistes seront les seuls \u00e0 payer l\u2019imp\u00f4t, les Caisses resteront vides.<\/span><\/p>\n<p><span style=\"color: #0000ff;\"> <\/span><\/p>\n<p><span style=\"color: #0000ff;\">Notre radeau coulera pour nous tous, sous le poids de nos dettes\u00a0: sauf \u00e0 changer notre fusil d\u2019\u00e9paule, mais le faire si on est manchot, c\u2019est une autre affaire, pour qui n\u2019est pas Proth\u00e9siste de G\u00e9nie.<\/span><\/p>\n<p><span style=\"color: #0000ff;\"> <\/span><\/p>\n<p><span style=\"color: #0000ff;\"> <\/span><\/p>\n<p><span style=\"color: #0000ff;\">Bien s\u00fbr, critiquer un bateau qui coule ne lui bouche pas les trous de sa coque.<\/span><\/p>\n<p><span style=\"color: #0000ff;\"> <\/span><\/p>\n<p><span style=\"color: #0000ff;\">Aussi sugg\u00e9rons-nous comme l\u2019e\u00fbt fait le Docteur Knock, attendu que les parties sont d\u00e9mocratiquement repr\u00e9sent\u00e9es et d\u00e9mocratiquement arbitr\u00e9es en cas de conflit\u00a0:<\/span><\/p>\n<p><span style=\"color: #0000ff;\"> <\/span><\/p>\n<p><span style=\"color: #0000ff;\">\u00d8 Que le choix des D\u00e9l\u00e9gu\u00e9s ne soit pas d\u00e9termin\u00e9 par des consid\u00e9rations affectives, mais de Comp\u00e9tence\u00a0: le plus comp\u00e9tent peut avoir la t\u00eate ou la couleur qu\u2019on n\u2019aime pas\u00a0!.. mais qu\u2019est-ce qui compte.<\/span><\/p>\n<p><span style=\"color: #0000ff;\"> <\/span><\/p>\n<p><span style=\"color: #0000ff;\">Qu\u2019importe, dans un Camp comme dans l\u2019autre, le Comp\u00e9tent vaut mieux que le \u00ab\u00a0chouchou\u00a0\u00bb dans les affaires s\u00e9rieuses.<\/span><\/p>\n<p><span style=\"color: #0000ff;\"> <\/span><\/p>\n<p><span style=\"color: #0000ff;\">\u00d8 Que Lucidit\u00e9 et Pragmatisme soient pr\u00e9f\u00e9r\u00e9s aux discours flatteurs, id\u00e9ologiques et trompeurs\u00a0: les Joutes Economiques r\u00e9clament des Economistes, pas des petits copains. Or, l\u2019Economiste est rarement un petit copain, m\u00eame s\u2019il ne condamne pas le Doudouisme.<\/span><\/p>\n<p><span style=\"color: #0000ff;\"> <\/span><\/p>\n<p><span style=\"color: #0000ff;\"> <\/span><\/p>\n<p><span style=\"color: #0000ff;\">De toute fa\u00e7on, l\u2019initiative, l\u2019autorisation et la dur\u00e9e d\u2019une Gr\u00e8ve \u2013 surtout en temps de crise \u2013 ne doivent \u00eatre l\u2019affaire, ni d\u2019enfants g\u00e2t\u00e9s, ni de Com\u00e9diens, ni de t\u00eates br\u00fbl\u00e9es.<\/span><\/p>\n<p><span style=\"color: #0000ff;\"> <\/span><\/p>\n<p><span style=\"color: #0000ff;\"><img decoding=\"async\" class=\"alignleft size-full wp-image-5383\" title=\"La greve\" src=\"http:\/\/www.lecarrefourdesopinions.ca\/wp-content\/uploads\/2011\/04\/La-greve1.bmp\" alt=\"\" \/><br \/><\/span><\/p>\n<p><span style=\"color: #0000ff;\"> <\/span><\/p>\n<p><span style=\"color: #0000ff;\">Pour la manier, il faut non pas des fantaisistes, mais bien des Sp\u00e9cialistes, tout comme en Chirurgie, tout comme en Balistique. Il convient qu\u2019on se le dise et qu\u2019on en tire les Cons\u00e9quences\u00a0: \u00ab\u00a0A chacun son M\u00e9tier et les veaux seront bien gard\u00e9s\u00a0\u00bb.<\/span><\/p>\n<p><strong><span style=\"text-decoration: underline;\">Liens Sugg\u00e9r\u00e9s\u00a0:<\/span><\/strong><\/p>\n<ul>\n<li><strong><a href=\"http:\/\/www.lescrutateur.com\/\">http:\/\/www.lescrutateur.com\/<\/a> <\/strong><\/li>\n<\/ul>\n<p><strong><a href=\"http:\/\/www.etatsgenerauxdeloutremer.fr\/reflexions\">http:\/\/www.etatsgenerauxdeloutremer.fr\/reflexions<\/a><\/strong><\/p>\n<p><strong><img loading=\"lazy\" decoding=\"async\" class=\"alignleft size-full wp-image-5385\" title=\"au l\u00e8che doigts\" src=\"http:\/\/www.lecarrefourdesopinions.ca\/wp-content\/uploads\/2011\/04\/au-l\u00e8che-doigts1.jpg\" alt=\"\" width=\"554\" height=\"252\" srcset=\"http:\/\/www.lecarrefourdesopinions.ca\/wp-content\/uploads\/2011\/04\/au-l\u00e8che-doigts1.jpg 554w, http:\/\/www.lecarrefourdesopinions.ca\/wp-content\/uploads\/2011\/04\/au-l\u00e8che-doigts1-300x136.jpg 300w, http:\/\/www.lecarrefourdesopinions.ca\/wp-content\/uploads\/2011\/04\/au-l\u00e8che-doigts1-400x181.jpg 400w\" sizes=\"auto, (max-width: 554px) 100vw, 554px\" \/><br \/><\/strong><\/p>\n<p><span style=\"color: #0000ff;\"> <\/span><\/p>\n<p><span style=\"color: #0000ff;\"> <\/span><\/p>\n<p><span style=\"color: #0000ff;\"> <\/span><\/p>\n<script type=\"text\/javascript\">\n\nvar addthis_config = {\"data_track_clickback\":false,\"data_track_addressbar\":false,\"data_track_textcopy\":false};\n<\/script><script type=\"text\/javascript\" src=\"\/\/s7.addthis.com\/js\/250\/addthis_widget.js#pubid=a457a6d63fb9e6ccabdde4110343bd85\"><\/script>","protected":false},"excerpt":{"rendered":"<p><span style=\"color: #3366ff;\">La Gr\u00e8ve, cette Arme Dangereuse\u00a0!..<\/span><\/p>\n<p>&nbsp;<\/p>\n<p><span style=\"color: #800000;\"> Par Eric E.G. NOGARD<\/span><\/p>\n<p>&nbsp;<\/p>\n<p><span style=\"color: #0000ff;\">Il ne viendrait \u00e0 Personne, surtout en France, Pays des Droits de l\u2019Homme par Excellence, donc en Martinique, cette Vielle Province Fran\u00e7aise, Amie des Grandes <\/span>&hellip;<\/p>\n","protected":false},"author":1,"featured_media":0,"comment_status":"open","ping_status":"open","sticky":false,"template":"","format":"standard","meta":{"footnotes":""},"categories":[1],"tags":[],"class_list":["post-5377","post","type-post","status-publish","format-standard","hentry","category-accueil"],"_links":{"self":[{"href":"http:\/\/www.lecarrefourdesopinions.ca\/index.php?rest_route=\/wp\/v2\/posts\/5377","targetHints":{"allow":["GET"]}}],"collection":[{"href":"http:\/\/www.lecarrefourdesopinions.ca\/index.php?rest_route=\/wp\/v2\/posts"}],"about":[{"href":"http:\/\/www.lecarrefourdesopinions.ca\/index.php?rest_route=\/wp\/v2\/types\/post"}],"author":[{"embeddable":true,"href":"http:\/\/www.lecarrefourdesopinions.ca\/index.php?rest_route=\/wp\/v2\/users\/1"}],"replies":[{"embeddable":true,"href":"http:\/\/www.lecarrefourdesopinions.ca\/index.php?rest_route=%2Fwp%2Fv2%2Fcomments&post=5377"}],"version-history":[{"count":5,"href":"http:\/\/www.lecarrefourdesopinions.ca\/index.php?rest_route=\/wp\/v2\/posts\/5377\/revisions"}],"predecessor-version":[{"id":5396,"href":"http:\/\/www.lecarrefourdesopinions.ca\/index.php?rest_route=\/wp\/v2\/posts\/5377\/revisions\/5396"}],"wp:attachment":[{"href":"http:\/\/www.lecarrefourdesopinions.ca\/index.php?rest_route=%2Fwp%2Fv2%2Fmedia&parent=5377"}],"wp:term":[{"taxonomy":"category","embeddable":true,"href":"http:\/\/www.lecarrefourdesopinions.ca\/index.php?rest_route=%2Fwp%2Fv2%2Fcategories&post=5377"},{"taxonomy":"post_tag","embeddable":true,"href":"http:\/\/www.lecarrefourdesopinions.ca\/index.php?rest_route=%2Fwp%2Fv2%2Ftags&post=5377"}],"curies":[{"name":"wp","href":"https:\/\/api.w.org\/{rel}","templated":true}]}}