{"id":5368,"date":"2011-04-20T13:46:37","date_gmt":"2011-04-20T17:46:37","guid":{"rendered":"http:\/\/www.lecarrefourdesopinions.ca\/?p=5368"},"modified":"2011-04-20T13:46:37","modified_gmt":"2011-04-20T17:46:37","slug":"monsieur-x%e2%80%a6-votre-commentaire","status":"publish","type":"post","link":"http:\/\/www.lecarrefourdesopinions.ca\/?p=5368","title":{"rendered":"Monsieur X\u2026, Votre Commentaire."},"content":{"rendered":"<p><span style=\"color: #3366ff;\"><strong>Monsieur X\u2026, Votre Commentaire.<\/strong><\/span><\/p>\n<p><span style=\"color: #800000;\"><em><img loading=\"lazy\" decoding=\"async\" class=\"alignleft size-thumbnail wp-image-5369\" title=\"photo \u00c9ric Nogard\" src=\"http:\/\/www.lecarrefourdesopinions.ca\/wp-content\/uploads\/2011\/04\/photo-\u00c9ric-Nogard3-134x107.jpg\" alt=\"\" width=\"134\" height=\"107\" \/> Par Eric E.G. NOGARD\u00a0\u00a0\u00a0\u00a0\u00a0\u00a0\u00a0\u00a0\u00a0\u00a0\u00a0\u00a0\u00a0 <br \/><\/em><\/span><\/p>\n<p>&nbsp;<\/p>\n<p>Vous me voyez \u00e9mu de l\u2019attention que vous avez bien voulu porter \u00e0 l\u2019article (<em><strong>Tout est N\u00e9 de la Dynamique du Vide et du Temps.<\/strong><\/em><strong>)<\/strong> dont la publication m\u2019a r\u00e9clam\u00e9 une bonne dose de folle t\u00e9m\u00e9rit\u00e9 comme l\u2019obligation de me mettre \u00e0 la port\u00e9e de tous.<\/p>\n<p>&nbsp;<\/p>\n<p>Vocabulaire, dialectique, rh\u00e9torique, font peut-\u00eatre la diff\u00e9rence entre Monsieur D\u2019Ormesson et moi sur notre vision des choses.<\/p>\n<p>&nbsp;<\/p>\n<p>Dans mon esprit, la dynamique suppose \u00e9nergie et mouvement, ce qui implique l\u2019Espace, si r\u00e9duit ou si infini soit-il.<\/p>\n<p>&nbsp;<\/p>\n<p>Quant au Temps, il existe, il passe, il t\u00e9moigne, il a commenc\u00e9 depuis toujours et ne finira jamais. Quoi qu\u2019\u00e9tant sans mati\u00e8re, il se mesure par petits bouts, \u00e0 l\u2019aune de chacun.<\/p>\n<p>&nbsp;<\/p>\n<p>S\u2019agissant du N\u00e9ant, s\u2019il suppose jusqu\u2019\u00e0 l\u2019absence du Vide, il semble douteux que la Nature l\u2019admette, aussi, le Vide l\u2019occupe-t-il.<\/p>\n<p>&nbsp;<\/p>\n<p>&nbsp;<\/p>\n<p>Reste \u00e0 m\u2019expliquer sur la Pens\u00e9e.<\/p>\n<p>&nbsp;<\/p>\n<p>Comme toute chose et tout ph\u00e9nom\u00e8ne, elle serait n\u00e9e du Vide et sa Dynamique dans le Temps, mais elle ne serait pas ACHEVEE, pas plus que ne l\u2019est cette \u00ab\u00a0goutte\u00a0\u00bb de mati\u00e8re vivante qu\u2019est le Pr\u00e9-Virus, le Virus-Filtrant, l\u2019Ultravirus.<\/p>\n<p>&nbsp;<\/p>\n<p>Mais la Pens\u00e9e me semble devoir \u00eatre distingu\u00e9e du Cerveau (qui en est le support) comme l\u2019Ultravirus est distinct du blanc d\u2019\u0153uf, support propre \u00e0 sa culture.<\/p>\n<p>&nbsp;<\/p>\n<p>D\u2019ailleurs, <strong>l\u2019Id\u00e9e de l\u2019\u00c2me \u00ab\u00a0d\u00e9tachable du Corps\u00a0\u00bb <\/strong>et la constatation de l\u2019existence de SURDOUES ne sont-elles pas propres \u00e0 <img loading=\"lazy\" decoding=\"async\" class=\"alignleft size-medium wp-image-5371\" title=\"fleures 8 005\" src=\"http:\/\/www.lecarrefourdesopinions.ca\/wp-content\/uploads\/2011\/04\/fleures-8-005-300x225.jpg\" alt=\"\" width=\"300\" height=\"225\" srcset=\"http:\/\/www.lecarrefourdesopinions.ca\/wp-content\/uploads\/2011\/04\/fleures-8-005-300x225.jpg 300w, http:\/\/www.lecarrefourdesopinions.ca\/wp-content\/uploads\/2011\/04\/fleures-8-005-1024x768.jpg 1024w, http:\/\/www.lecarrefourdesopinions.ca\/wp-content\/uploads\/2011\/04\/fleures-8-005-400x300.jpg 400w\" sizes=\"auto, (max-width: 300px) 100vw, 300px\" \/>\u00e9tayer mon opinion, nonobstant mon id\u00e9e selon laquelle la M\u00e9tempsycose serait le Nomadisme de la Pens\u00e9e, d\u2019un support \u00e0 sa mort, \u00e0 un autre support vivant.<\/p>\n<p>&nbsp;<\/p>\n<p>En somme, la Pens\u00e9e serait une Entit\u00e9 Vivante mais Inachev\u00e9e\u00a0:<\/p>\n<p>&nbsp;<\/p>\n<ul>\n<li><strong>Diff\u00e9rente du V\u00e9g\u00e9tal fix\u00e9 \u00e0 son support, rendu s\u00e9dentaire par ses racines\u00a0;<\/strong><\/li>\n<\/ul>\n<p><strong> <\/strong><\/p>\n<ul>\n<li><strong>Semblable \u00e0 l\u2019animal par son aptitude \u00e0 se mouvoir d\u2019un support \u00e0 un autre\u00a0;<\/strong><\/li>\n<\/ul>\n<p>&nbsp;<\/p>\n<ul>\n<li><strong>Plus subtile que les pr\u00e9c\u00e9dentes car non encombr\u00e9e d\u2019un \u00ab\u00a0corps\u00a0\u00bb putrescible\u00a0;<\/strong><\/li>\n<\/ul>\n<p>&nbsp;<\/p>\n<ul>\n<li><strong>Tr\u00e8s mal connue pour avoir \u00e9t\u00e9 assimil\u00e9e \u00e0 l\u2019\u00catre Humain, son support privil\u00e9gi\u00e9, son Partenaire SYMBIOTIQUE<\/strong>.<\/li>\n<\/ul>\n<p>&nbsp;<\/p>\n<p>&nbsp;<\/p>\n<p>Que je n\u2019oublie pas votre allusion \u00e0 ma qu\u00eate de DIEU.<\/p>\n<p>&nbsp;<\/p>\n<p>Ma Confession sera sans ambages\u00a0: je ne nie pas DIEU.<\/p>\n<p>&nbsp;<\/p>\n<p>N\u00e9anmoins, vous me voyez port\u00e9 \u00e0 croire que DIEU serait, non pas le Cr\u00e9ateur, mais le Pr\u00e9-Ph\u00e9nom\u00e8ne Originel du Vide, avec sa Dynamique (Energie-Mouvement) \u00e0 la Faveur du Temps. Bref, Dieu serait Tout.<\/p>\n<p>&nbsp;<\/p>\n<p>Et, tant que sera le Temps, inachev\u00e9e sera la Cr\u00e9ation, chacun y apparaissant en son TEMPS et juste pour un temps.<\/p>\n<p>&nbsp;<\/p>\n<p>Et, tant que DIEU sera impos\u00e9 par le J\u00e9suitisme Primaire, il conviendra de le chercher malgr\u00e9 la menace du B\u00fbcher.<\/p>\n<p>&nbsp;<\/p>\n<p>&nbsp;<\/p>\n<p>Et Comme vous le voyez, Monsieur X, rien mieux que ce mot ne saurait vous dire ma reconnaissance pour votre Commentaire et combien ma joie serait grande de vous saluer de vive Voix.<\/p>\n<p><strong><span style=\"text-decoration: underline;\">Liens Sugg\u00e9r\u00e9s\u00a0:<\/span><\/strong><\/p>\n<ul>\n<li><strong><a href=\"http:\/\/www.lescrutateur.com\/\">http:\/\/www.lescrutateur.com\/<\/a> <\/strong><\/li>\n<\/ul>\n<p><strong><a href=\"http:\/\/www.etatsgenerauxdeloutremer.fr\/reflexions\">http:\/\/www.etatsgenerauxdeloutremer.fr\/reflexions<\/a><\/strong><\/p>\n<p>&nbsp;<\/p>\n<script type=\"text\/javascript\">\n\nvar addthis_config = {\"data_track_clickback\":false,\"data_track_addressbar\":false,\"data_track_textcopy\":false};\n<\/script><script type=\"text\/javascript\" src=\"\/\/s7.addthis.com\/js\/250\/addthis_widget.js#pubid=a457a6d63fb9e6ccabdde4110343bd85\"><\/script>","protected":false},"excerpt":{"rendered":"<p><span style=\"color: #3366ff;\">Monsieur X\u2026, Votre Commentaire.<\/span><\/p>\n<p><span style=\"color: #800000;\"> Par Eric E.G. NOGARD\u00a0\u00a0\u00a0\u00a0\u00a0\u00a0\u00a0\u00a0\u00a0\u00a0\u00a0\u00a0\u00a0 <\/span><\/p>\n<p>&nbsp;<\/p>\n<p>Vous me voyez \u00e9mu de l\u2019attention que vous avez bien voulu porter \u00e0 l\u2019article (Tout est N\u00e9 de la Dynamique du Vide et du Temps.) dont la publication &hellip;<\/p>\n","protected":false},"author":1,"featured_media":0,"comment_status":"open","ping_status":"open","sticky":false,"template":"","format":"standard","meta":{"footnotes":""},"categories":[1],"tags":[],"class_list":["post-5368","post","type-post","status-publish","format-standard","hentry","category-accueil"],"_links":{"self":[{"href":"http:\/\/www.lecarrefourdesopinions.ca\/index.php?rest_route=\/wp\/v2\/posts\/5368","targetHints":{"allow":["GET"]}}],"collection":[{"href":"http:\/\/www.lecarrefourdesopinions.ca\/index.php?rest_route=\/wp\/v2\/posts"}],"about":[{"href":"http:\/\/www.lecarrefourdesopinions.ca\/index.php?rest_route=\/wp\/v2\/types\/post"}],"author":[{"embeddable":true,"href":"http:\/\/www.lecarrefourdesopinions.ca\/index.php?rest_route=\/wp\/v2\/users\/1"}],"replies":[{"embeddable":true,"href":"http:\/\/www.lecarrefourdesopinions.ca\/index.php?rest_route=%2Fwp%2Fv2%2Fcomments&post=5368"}],"version-history":[{"count":4,"href":"http:\/\/www.lecarrefourdesopinions.ca\/index.php?rest_route=\/wp\/v2\/posts\/5368\/revisions"}],"predecessor-version":[{"id":5399,"href":"http:\/\/www.lecarrefourdesopinions.ca\/index.php?rest_route=\/wp\/v2\/posts\/5368\/revisions\/5399"}],"wp:attachment":[{"href":"http:\/\/www.lecarrefourdesopinions.ca\/index.php?rest_route=%2Fwp%2Fv2%2Fmedia&parent=5368"}],"wp:term":[{"taxonomy":"category","embeddable":true,"href":"http:\/\/www.lecarrefourdesopinions.ca\/index.php?rest_route=%2Fwp%2Fv2%2Fcategories&post=5368"},{"taxonomy":"post_tag","embeddable":true,"href":"http:\/\/www.lecarrefourdesopinions.ca\/index.php?rest_route=%2Fwp%2Fv2%2Ftags&post=5368"}],"curies":[{"name":"wp","href":"https:\/\/api.w.org\/{rel}","templated":true}]}}