{"id":5364,"date":"2015-08-05T19:48:16","date_gmt":"2015-08-05T23:48:16","guid":{"rendered":"http:\/\/www.lecarrefourdesopinions.ca\/?p=5364"},"modified":"2015-08-05T19:48:16","modified_gmt":"2015-08-05T23:48:16","slug":"de-la-collectivite-unique-selon-candide","status":"publish","type":"post","link":"http:\/\/www.lecarrefourdesopinions.ca\/?p=5364","title":{"rendered":"De la Collectivit\u00e9 Unique selon Candide"},"content":{"rendered":"<p><span style=\"color: #3366ff;\"><strong>De la Collectivit\u00e9 Unique selon Candide.<\/strong><\/span><\/p>\n<p>&nbsp;<\/p>\n<p><span style=\"color: #800000;\"><em> <img loading=\"lazy\" decoding=\"async\" class=\"alignleft size-thumbnail wp-image-5365\" title=\"photo \u00c9ric Nogard\" src=\"http:\/\/www.lecarrefourdesopinions.ca\/wp-content\/uploads\/2011\/04\/photo-\u00c9ric-Nogard2-134x107.jpg\" alt=\"\" width=\"134\" height=\"107\" \/> Par Eric E.G. NOGARD\u00a0\u00a0\u00a0\u00a0\u00a0\u00a0\u00a0\u00a0\u00a0\u00a0\u00a0\u00a0\u00a0\u00a0\u00a0\u00a0\u00a0 <br \/><\/em><\/span><\/p>\n<p>&nbsp;<\/p>\n<p>La Martinique porte en son Sein l\u2019Ovule d\u2019une Collectivit\u00e9 Unique.<\/p>\n<p>&nbsp;<\/p>\n<p>Tous les G\u00e9niteurs sont, comme le veut la D\u00e9mocratie, appel\u00e9s \u00e0 contribuer de leur Laitance, \u00e0 la F\u00e9condation de ce Sacr\u00e9 Ovule.<\/p>\n<p>&nbsp;<\/p>\n<p>Affaire on ne peut plus Solennelle car, de l\u2019\u0152uf qui en r\u00e9sultera devra \u00e9clore, ou le Messie, ou l\u2019Ant\u00e9christ qui fera du Pays ou un Paradis Terrestre, ou le pire des Enfers, sous un Ciel Tropical.<\/p>\n<p>&nbsp;<\/p>\n<p>Vu l\u2019Enjeu, \u00ab\u00a0Martinique Province Fran\u00e7aise\u00a0\u00bb ne saurait se d\u00e9rober au RUT FINAL quand chacun sait combien sa participation aux Etats G\u00e9n\u00e9raux de la Martinique fut d\u00e9termin\u00e9e et courageuse.<\/p>\n<p>&nbsp;<\/p>\n<p>D\u2019ailleurs, s\u2019il en \u00e9tait besoin, juste un CLIC sur Internet suffirait \u00e0 l\u2019\u00e9dification de tout un chacun sur les Articles Homologu\u00e9s au nom de son animateur dont on peut dire qu\u2019en sa qualit\u00e9 de Martiniquais, il ne con\u00e7oit pas la Martinique sans la France. (<a href=\"http:\/\/www.etatsgenerauxdeloutremer.fr\/reflexions\">http:\/\/www.etatsgenerauxdeloutremer.fr\/reflexions<\/a>)<\/p>\n<p>&nbsp;<\/p>\n<p>En tout cas, \u00ab\u00a0Martinique Province Fran\u00e7aise\u00a0\u00bb garde la Conviction que l\u2019Id\u00e9e\u00a0:<\/p>\n<p>&nbsp;<\/p>\n<ul>\n<li>D\u2019une Martinique autonome rel\u00e8ve de la derni\u00e8re Absurdit\u00e9.<\/li>\n<\/ul>\n<p>&nbsp;<\/p>\n<ul>\n<li>D\u2019une Martinique ind\u00e9pendante tient de la Folie Furieuse Irr\u00e9versible.<\/li>\n<\/ul>\n<p>&nbsp;<\/p>\n<ul>\n<li>D\u2019une Martinique Province Fran\u00e7aise ne r\u00e9clame que Comp\u00e9tence, Courage, Honn\u00eatet\u00e9 et\u2026 Imagination Cr\u00e9ative\u2026 voire Assertivit\u00e9 et Facult\u00e9 d\u2019Adaptation.<\/li>\n<\/ul>\n<p>&nbsp;<\/p>\n<p>D\u00e8s lors, l\u2019instant n\u2019est-il pas venu que nous d\u00e9voilions l\u2019Id\u00e9e que nous nous faisons de la Collectivit\u00e9 Unique Martiniquaise.<\/p>\n<p>&nbsp;<\/p>\n<p>En ce cas allons-y sans ambages, comme l\u2019e\u00fbt fait l\u2019illustre disciple de PANGLOSS.<\/p>\n<p>&nbsp;<\/p>\n<p>Une Collectivit\u00e9 Unique Martiniquaise d\u2019Inspiration Am\u00e9ricaine en m\u00eame temps que bien Fran\u00e7aise et tr\u00e8s Europ\u00e9enne.<\/p>\n<p>&nbsp;<\/p>\n<p>Sous l\u2019Angle Am\u00e9ricain, pr\u00e9cisons des Etats-Unis d\u2019Am\u00e9rique (U.S.A.)<\/p>\n<p>&nbsp;<\/p>\n<ul>\n<li>Chaque Commune serait assimilable \u00e0 un Etat, avec \u00e0 sa t\u00eate son Maire, tenant lieu de Gouverneur ELU de sa Paroisse.<\/li>\n<\/ul>\n<p>&nbsp;<\/p>\n<ul>\n<li>Chaque Commune (Paroisse) \u00e9lirait son repr\u00e9sentant \u00e0 la Collectivit\u00e9 Unique qui ferait figure d\u2019Assembl\u00e9e F\u00e9d\u00e9rale de l\u2019\u00cele.<\/li>\n<\/ul>\n<p>&nbsp;<\/p>\n<ul>\n<li>Chaque Corps social de l\u2019\u00cele (Industrie \u2013 Commerce \u2013 Agriculture \u2013 Artisanat \u2013 P\u00eache \u2013 Travailleurs Sociaux, Sans Emploi, Jeunesse, retrait\u00e9s, Handicap\u00e9s\u2026) d\u00e9signerait le sien \u00e0 ladite assembl\u00e9e.<\/li>\n<\/ul>\n<p>&nbsp;<\/p>\n<ul>\n<li>L\u2019Administration y serait repr\u00e9sent\u00e9e par tel nombre de Consultants de Droit.<\/li>\n<\/ul>\n<p>&nbsp;<\/p>\n<ul>\n<li>Les Elus aux Parlement de France (D\u00e9put\u00e9s, S\u00e9nateurs) en seraient des Observateurs de Droit.<\/li>\n<\/ul>\n<p>&nbsp;<\/p>\n<p>&nbsp;<\/p>\n<p>Ainsi na\u00eetrait une Assembl\u00e9e Unique Martiniquaise, repr\u00e9sentative de tous les Corps Sociaux, et dont tous les Repr\u00e9sentants sauraient de quoi ils parlent au nom de leurs Mandants.<\/p>\n<p>&nbsp;<\/p>\n<p>Comme le pr\u00e9conise la L\u00e9gislation Fran\u00e7aise, un Pouvoir Ex\u00e9cutif de Tant de Membres \u00ab\u00a0Sortirait\u00a0\u00bb de l\u2019Assembl\u00e9e Unique et r\u00e9pondrait de ses Actes devant elle, comme devant qui de Droit, tant au Niveau National qu\u2019au Niveau Europ\u00e9en.<\/p>\n<p>&nbsp;<\/p>\n<p>S\u2019agissant des recours Individuels ou Collectifs en justice, l\u2019Arsenal para\u00eessant assez complet, il demeurerait inchang\u00e9.<\/p>\n<p>&nbsp;<\/p>\n<p>&nbsp;<\/p>\n<p>Nonobstant les in\u00e9vitables amendements qui pourraient lui \u00eatre apport\u00e9s, ce projet nous semble ais\u00e9ment r\u00e9alisable dans la pratique. Il serait propre \u00e0 l\u2019expression directe de tous les Corps Sociaux, de toutes les Forces Vives ou Inactives, et\u00a0 ce, sans recourir \u00e0 un nombre extravagant de Repr\u00e9sentants, donc, sans le risque d\u2019une repr\u00e9sentation trop co\u00fbteuse pour la Collectivit\u00e9.<\/p>\n<p>&nbsp;<\/p>\n<p>Toutes les Elections se feraient le m\u00eame jour et pour Cinq ann\u00e9es\u00a0:<\/p>\n<p>&nbsp;<\/p>\n<p>\u00fc L\u2019\u00e9lection du Conseil Paroissial qui \u00e9lirait son Maire\u00a0;<\/p>\n<p>&nbsp;<\/p>\n<p>\u00fc L\u2019\u00e9lection du D\u00e9l\u00e9gu\u00e9 Paroissial au Conseil F\u00e9d\u00e9ral (Assembl\u00e9e Unique)\u00a0;<\/p>\n<p>&nbsp;<\/p>\n<p>\u00fc L\u2019\u00e9lection des D\u00e9l\u00e9gu\u00e9s au Parlement National (un D\u00e9put\u00e9 et un s\u00e9nateur).<\/p>\n<p>&nbsp;<\/p>\n<p>En somme, trois Bulletins \u00e0 glisser simultan\u00e9ment dans l\u2019Urne\u00a0:<\/p>\n<p>&nbsp;<\/p>\n<p>\u00d8 Un pour les D\u00e9l\u00e9gu\u00e9s \u00e0 l\u2019assembl\u00e9e Paroissiale\u00a0: assembl\u00e9e de Base\u00a0;<\/p>\n<p>&nbsp;<\/p>\n<p>\u00d8 Un pour le D\u00e9l\u00e9gu\u00e9 Paroissial au Conseil F\u00e9d\u00e9ral Local\u00a0;<\/p>\n<p>&nbsp;<\/p>\n<p>\u00d8 Un pour le D\u00e9put\u00e9 et le S\u00e9nateur \u00e0 D\u00e9l\u00e9guer au Parlement National\u00a0: Haute Assembl\u00e9e (Chambre des D\u00e9put\u00e9s et S\u00e9nat) Si\u00e9geant \u00e0 Paris.<\/p>\n<p>&nbsp;<\/p>\n<p>Enfin, tout D\u00e9l\u00e9gu\u00e9 \u00e0 l\u2019Assembl\u00e9e Moyenne ou \u00e0 la Haute Assembl\u00e9e serait tel un Actionnaire, il \u00ab\u00a0p\u00e8serait\u00a0\u00bb au Prorata du nombre d\u2019Electeurs du Territoire de son Election.<\/p>\n<p>&nbsp;<\/p>\n<p>&nbsp;<\/p>\n<p>Un tel Processus Electoral serait certainement assez simple et assez \u00e9conomique pour fonctionner \u00e0 la satisfaction de tous, surtout qu\u2019il en sortirait non pas une nombreuse assembl\u00e9e de \u00ab\u00a0Toutous levez la patte\u00a0\u00bb, mais une Assembl\u00e9e peu nombreuse, Comp\u00e9tente et\u2026 Responsable.<\/p>\n<p>&nbsp;<\/p>\n<p>Telle est notre Participation \u00e0 la Future Assembl\u00e9e Unique dont la Paternit\u00e9 ne peut \u00eatre, Dieu Merci, que Collective, Participative et\u2026 Active\u00a0!<\/p>\n<p>&nbsp;<\/p>\n<p>&nbsp;<\/p>\n<p>&nbsp;<\/p>\n<script type=\"text\/javascript\">\n\nvar addthis_config = {\"data_track_clickback\":false,\"data_track_addressbar\":false,\"data_track_textcopy\":false};\n<\/script><script type=\"text\/javascript\" src=\"\/\/s7.addthis.com\/js\/250\/addthis_widget.js#pubid=a457a6d63fb9e6ccabdde4110343bd85\"><\/script>","protected":false},"excerpt":{"rendered":"<p><span style=\"color: #3366ff;\">De la Collectivit\u00e9 Unique selon Candide.<\/span><\/p>\n<p>&nbsp;<\/p>\n<p><span style=\"color: #800000;\">  Par Eric E.G. NOGARD\u00a0\u00a0\u00a0\u00a0\u00a0\u00a0\u00a0\u00a0\u00a0\u00a0\u00a0\u00a0\u00a0\u00a0\u00a0\u00a0\u00a0 <\/span><\/p>\n<p>&nbsp;<\/p>\n<p>La Martinique porte en son Sein l\u2019Ovule d\u2019une Collectivit\u00e9 Unique.<\/p>\n<p>&nbsp;<\/p>\n<p>Tous les G\u00e9niteurs sont, comme le veut la D\u00e9mocratie, appel\u00e9s \u00e0 contribuer de leur &hellip;<\/p>\n","protected":false},"author":1,"featured_media":0,"comment_status":"open","ping_status":"open","sticky":false,"template":"","format":"standard","meta":{"footnotes":""},"categories":[1],"tags":[],"class_list":["post-5364","post","type-post","status-publish","format-standard","hentry","category-accueil"],"_links":{"self":[{"href":"http:\/\/www.lecarrefourdesopinions.ca\/index.php?rest_route=\/wp\/v2\/posts\/5364","targetHints":{"allow":["GET"]}}],"collection":[{"href":"http:\/\/www.lecarrefourdesopinions.ca\/index.php?rest_route=\/wp\/v2\/posts"}],"about":[{"href":"http:\/\/www.lecarrefourdesopinions.ca\/index.php?rest_route=\/wp\/v2\/types\/post"}],"author":[{"embeddable":true,"href":"http:\/\/www.lecarrefourdesopinions.ca\/index.php?rest_route=\/wp\/v2\/users\/1"}],"replies":[{"embeddable":true,"href":"http:\/\/www.lecarrefourdesopinions.ca\/index.php?rest_route=%2Fwp%2Fv2%2Fcomments&post=5364"}],"version-history":[{"count":2,"href":"http:\/\/www.lecarrefourdesopinions.ca\/index.php?rest_route=\/wp\/v2\/posts\/5364\/revisions"}],"predecessor-version":[{"id":11681,"href":"http:\/\/www.lecarrefourdesopinions.ca\/index.php?rest_route=\/wp\/v2\/posts\/5364\/revisions\/11681"}],"wp:attachment":[{"href":"http:\/\/www.lecarrefourdesopinions.ca\/index.php?rest_route=%2Fwp%2Fv2%2Fmedia&parent=5364"}],"wp:term":[{"taxonomy":"category","embeddable":true,"href":"http:\/\/www.lecarrefourdesopinions.ca\/index.php?rest_route=%2Fwp%2Fv2%2Fcategories&post=5364"},{"taxonomy":"post_tag","embeddable":true,"href":"http:\/\/www.lecarrefourdesopinions.ca\/index.php?rest_route=%2Fwp%2Fv2%2Ftags&post=5364"}],"curies":[{"name":"wp","href":"https:\/\/api.w.org\/{rel}","templated":true}]}}