{"id":5358,"date":"2011-04-27T09:32:35","date_gmt":"2011-04-27T13:32:35","guid":{"rendered":"http:\/\/www.lecarrefourdesopinions.ca\/?p=5358"},"modified":"2011-04-27T09:32:35","modified_gmt":"2011-04-27T13:32:35","slug":"le-pq-fossoyeur-de-l%e2%80%99independance","status":"publish","type":"post","link":"http:\/\/www.lecarrefourdesopinions.ca\/?p=5358","title":{"rendered":"Le PQ, fossoyeur de l\u2019ind\u00e9pendance"},"content":{"rendered":"<p><span style=\"color: #3366ff;\"><strong>Le PQ, fossoyeur de l\u2019ind\u00e9pendance<\/strong><\/span><\/p>\n<p><span style=\"color: #800000;\"><em><img loading=\"lazy\" decoding=\"async\" class=\"alignleft size-thumbnail wp-image-5359\" title=\"photo Michel Frankland 2\" src=\"http:\/\/www.lecarrefourdesopinions.ca\/wp-content\/uploads\/2011\/04\/photo-Michel-Frankland-2-134x107.jpg\" alt=\"\" width=\"134\" height=\"107\" \/> Par Michel Frankland <\/em><\/span><\/p>\n<p>&nbsp;<\/p>\n<p><span style=\"color: #800000;\"><em><br \/><\/em><\/span><\/p>\n<p><span style=\"color: #0000ff;\"><strong>Un addendum pr\u00e9alable sur le Bloc<\/strong>. Ce genre de commentaire posthume dont on se dit\u00a0: \u00abPourquoi\u00a0 j\u2019ai oubli\u00e9 d\u2019\u00e9crire \u00e7a\u00a0!?\u00bb\u00a0 Le Bloc met Harper au pouvoir. La m\u00e9canique math\u00e9matique est fort simple : la division des trois parties de gauche garantit le pouvoir \u00e0 la droite. Si l&rsquo;objectif de Duceppe consiste vraiment \u00e0 extirper Harper du pouvoir, la conclusion devient \u00e9vidente. Il faudrait que le Bloc se saborde. Ce qui, selon la logique \u00e0 la base de de la cr\u00e9ation de ce parti, aurait d\u00fb avoir eu lieu depuis longtemps.<\/span><\/p>\n<p style=\"text-align: justify;\">Encore une fois, situons\u00a0 cette deuxi\u00e8me partie du doublet de la m\u00eame mani\u00e8re que le premier. Il\u00a0 ne s\u2019agit pas ici de d\u00e9gager sympathie ou aversion pour l\u2019ind\u00e9pendance, mais bien d\u2019analyser comment ce partie se fourvoie sur sa coh\u00e9rence.<\/p>\n<p style=\"text-align: justify;\">Pour\u00a0 l\u2019essentiel, je retrouve dans\u00a0 le PQ la m\u00eame carence qu\u2019au Bloc. Ces deux formations politiques sont devenues \u00a0les \u00e9piciers des sentiments ind\u00e9pendantistes.<\/p>\n<p style=\"text-align: justify;\">Revoyons la course \u00e0 la chefferie de 2005. Celle o\u00f9 Andr\u00e9 Boisclair a gagn\u00e9 la course contre pr\u00e8s de 10 concurrents\u00a0 Quel\u00a0 imp\u00e9ratif avaient en commun ces candidats\u00a0? Tous \u00e9taient d\u2019accord pour lancer aussit\u00f4t que possible les forces ind\u00e9pendantistes dans un troisi\u00e8me r\u00e9f\u00e9rendum.\u00a0 On ne peut imaginer une attitude plus suicidaire. Et proclam\u00e9e avec enthousiasme et conviction\u00a0!\u00a0 La position manifeste un tel manque de jugement que je ne peux m\u2019emp\u00eacher de faire l\u2019hypoth\u00e8se, mais sans pr\u00e9judice, qu\u2019il y avait dans ce groupe de candidats au moins une taupe \u00e0 la solde de la GRC et\/ou du SCRS. L\u2019objectif de cette taupe, fort intelligente, consistait \u00e0 mettre toutes ses \u00e9nergies \u00a0\u00e0 mousser un r\u00e9f\u00e9rendum rapide. Relisez cette p\u00e9riode,\u00a0 et encore plus celle du Lac Meech, et voyez qui\u00a0 travaille avec\u00a0 Claude Morin\u2026<\/p>\n<p style=\"text-align: justify;\">La mani\u00e8re p\u00e9quiste s\u2019av\u00e8re la m\u00eame pour Claude Morin.\u00a0 Celui-ci, ineffable,\u00a0 affirme\u00a0 sans rire qu\u2019il \u00e9tait pour la GRC \u00abquelque chose comme un consultant \u00e0 honoraires<a href=\"#_ftn1\">[1]<\/a>.\u00bb Mais voyons comment l\u2019incarnation m\u00eame du PQ , Ren\u00e9 L\u00e9vesque, r\u00e9agit lorsque la ma\u00eetresse de Morin lui \u00a0jure ses grands dieux qu\u2019elle a vu son amant accepter l\u2019argent de la GRC. C\u2019\u00e9tait juste avant le d\u00e9part\u00a0 pour les rencontres constitutionnelles.\u00a0 L\u00e9vesque dit qu\u2019il ne faut pas faire de vagues, qu\u2019il ne faut pas en parler publiquement. On voit le r\u00e9flexe. Mettre la r\u00e9alit\u00e9 sous le manteau. C\u2019est ce m\u00eame irr\u00e9alisme qui a pouss\u00e9 les nombreux candidats de 2005 \u00e0 marteler la n\u00e9cessit\u00e9 d\u2019un r\u00e9f\u00e9rendum \u00e0 toute vapeur.<\/p>\n<p style=\"text-align: justify;\">L\u2019irr\u00e9alisme p\u00e9quiste ne s\u2019est jamais d\u00e9menti. Au lieu de retourner aux sources de l\u2019histoire qu\u00e9b\u00e9coise, des valeurs d\u2019ici, il a laiss\u00e9 de c\u00f4t\u00e9 ce dans quoi les Qu\u00e9b\u00e9cois de souche se seraient reconnus, tous partis confondus. Il a voulu \u00eatre\u00ab moderne\u00bb. C\u2019est-\u00e0-dire affirmer \u00e0 tout crin la la\u00efcit\u00e9. Il a m\u00eame \u00e9t\u00e9 question d\u2019enlever le crucifix de l\u2019assembl\u00e9e nationale. Mais le peuple a r\u00e9agi.\u00a0 En tout cas, il ne fallait surtout pas se gu\u00e9rir du mythe de la Grande Noirceur. Puisqu\u2019il refuse les racines, il se prive des sources vitales de cette p\u00e9riode simple, pr\u00e9gnante et heureuse qui a pr\u00e9c\u00e9d\u00e9 la R\u00e9volution Tranquille. Bref, le PQ s\u2019est peintur\u00e9 dans un coin. Celui exclusif \u00e0 la p\u00e9riode moderne.\u00a0 Il perd donc sa pertinence originelle, celle de donner son sens \u00e0 l\u2019histoire du Qu\u00e9bec.\u00a0 Un sens, une direction. Ce qui implique la reconnaissance d\u2019un point d\u2019origine et la vis\u00e9e d\u2019un objectif.\u00a0 Le PQ, ayant perdu son charisme, a \u00e9lu une madame qui affirme n\u2019en pas avoir non plus. Bref, le PQ a perdu son \u00e2me. Et son attrait.<\/p>\n<p style=\"text-align: justify;\">Le vacuum p\u00e9quiste s\u2019est manifest\u00e9 depuis plusieurs mois par des r\u00e9actions fadasses.\u00a0 Des journalistes ont souvent not\u00e9 la faible teneur en originalit\u00e9 des interventions\u00a0 de la chef du PQ. De m\u00eame, les diverses formes de fronde contre elle. On sent que celles-ci rel\u00e8vent davantage d\u2019un malaise que d\u2019une dissidence organis\u00e9e. On rue dans les brancards. Mais sans plus. Vous comprenez pourquoi.\u00a0 L\u2019acte d\u2019autodestruction du parti ind\u00e9pendantiste d\u00e9coule de son refus de l\u2019histoire. Et de l\u2019environnement religieux dont le pass\u00e9 qu\u00e9b\u00e9cois \u00e9tait porteur. S\u2019\u00e9tant, par consensus, priv\u00e9s de sources vives du Qu\u00e9bec, les contestataires ne sont pas plus percutants que celle qu\u2019ils veulent infl\u00e9chir.<\/p>\n<p style=\"text-align: justify;\">Enfin, l\u2019identification de l\u2019ind\u00e9pendance avec la gauche constitue \u00e0 la fois une erreur tactique et un manque de vision. Qu\u2019arrive-t-il avec des ind\u00e9pendantistes de centre-droite ou de droite\u00a0? Voil\u00e0 une des raisons majeures pour lesquelles la baisse en popularit\u00e9 du PLQ ne s\u2019est pas\u00a0 traduite en profit pour le PQ.\u00a0 Je n\u2019insiste pas. La cause se trouve lourdement instruite par les faits.<\/p>\n<p style=\"text-align: justify;\">R\u00e9sumons\u00a0 par un exemple ce d\u00e9branchement.\u00a0 Dimanche le 10 avril, \u00e0 <em>Tout le monde en parle<\/em>, le metteur en sc\u00e8ne Serge Denoncourt, portant haut le flambeau de l\u2019ind\u00e9pendance, s\u2019oppose \u00e0 toute force \u00e0 la pr\u00e9sence sur la sc\u00e8ne montr\u00e9alaise de Bertrand Cantat. Celui-ci a tu\u00e9 froidement sa femme MaireTrintignant, la fille du com\u00e9dien bien connu. Et il jouerait ici les tendres\u00a0! Fort bien. Denoncourt \u00a0pose l\u00e0 un jugement moral qui rejoint l\u2019assentiment g\u00e9n\u00e9ral. Mais il s\u2019est empress\u00e9 de nier que ce f\u00fbt un jugement moral\u00a0! La seule explication possible de ce d\u00e9ni de r\u00e9alit\u00e9\u00a0: les ind\u00e9pendantistes sont \u00abmodernes\u00bb. Ils nient tout ce qui, de pr\u00e8s ou de loin, puisse se rapporter \u00e0 la religion L\u2019attitude m\u2019appara\u00eet particuli\u00e8rement irr\u00e9fl\u00e9chie. Il y a en effet \u00e9galement une morale ath\u00e9e. Celle qui d\u00e9coule de la loi naturelle.<\/p>\n<p style=\"text-align: justify;\">D\u2019o\u00f9 le lien avec le premier volet de ces deux articles. Le Bloc devient le d\u00e9versoir ent\u00eat\u00e9 d\u2019un peuple dont on a supprim\u00e9 les sources vives. Et l\u2019esp\u00e9rance. Le PQ, un fossoyeur. Comme le Bloc.<\/p>\n<p>&nbsp;<\/p>\n<hr style=\"text-align: justify;\" size=\"1\" \/>\n<p style=\"text-align: justify;\"><a href=\"#_ftnref1\">[1]<\/a> http:\/\/www.vigile.net\/Claude-Morin-un-grand-Quebecois<\/p>\n<p style=\"text-align: justify;\">\n<hr style=\"text-align: justify;\" size=\"1\" \/>\n<p style=\"text-align: justify;\"><a href=\"#_ftnref1\">[1]<\/a> http:\/\/www.vigile.net\/Claude-Morin-un-grand-Quebecois<\/p>\n<p><strong>site de bridge jug\u00e9 incontournable par les experts<\/strong><br \/> <a href=\"http:\/\/pages.videotron.ca\/lepeuple\/\"><strong>http:\/\/pages.videotron.ca\/lepeuple\/<\/strong><\/a><\/p>\n<p>____________________________________________________________<\/p>\n<p><strong>Christine Schwab<\/strong><br \/> psychologue comp\u00e9tente et extr\u00eamement honn\u00eate avec ses clients<br \/> (pas de prolongation inutile de traitement)<br \/> <a href=\"http:\/\/www.cschwab.net\/\"><strong>www.cschwab.net<\/strong><\/a><\/p>\n<p>____________________________________________________________<\/p>\n<p><strong>Henri Cohen<\/strong><br \/> Un expert en pollution domestique et industrielle,<br \/> <a href=\"http:\/\/www.coblair.com\/\"><strong>www.coblair.com<\/strong><\/a><\/p>\n<script type=\"text\/javascript\">\n\nvar addthis_config = {\"data_track_clickback\":false,\"data_track_addressbar\":false,\"data_track_textcopy\":false};\n<\/script><script type=\"text\/javascript\" src=\"\/\/s7.addthis.com\/js\/250\/addthis_widget.js#pubid=a457a6d63fb9e6ccabdde4110343bd85\"><\/script>","protected":false},"excerpt":{"rendered":"<p><span style=\"color: #3366ff;\">Le PQ, fossoyeur de l\u2019ind\u00e9pendance<\/span><\/p>\n<p><span style=\"color: #800000;\"> Par Michel Frankland <\/span><\/p>\n<p>&nbsp;<\/p>\n<p><span style=\"color: #800000;\"><\/span><\/p>\n<p><span style=\"color: #0000ff;\">Un addendum pr\u00e9alable sur le Bloc. Ce genre de commentaire posthume dont on se dit\u00a0: \u00abPourquoi\u00a0 j\u2019ai oubli\u00e9 d\u2019\u00e9crire \u00e7a\u00a0!?\u00bb\u00a0 Le Bloc met Harper au pouvoir. <\/span>&hellip;<\/p>\n","protected":false},"author":1,"featured_media":0,"comment_status":"open","ping_status":"open","sticky":false,"template":"","format":"standard","meta":{"footnotes":""},"categories":[1],"tags":[],"class_list":["post-5358","post","type-post","status-publish","format-standard","hentry","category-accueil"],"_links":{"self":[{"href":"http:\/\/www.lecarrefourdesopinions.ca\/index.php?rest_route=\/wp\/v2\/posts\/5358","targetHints":{"allow":["GET"]}}],"collection":[{"href":"http:\/\/www.lecarrefourdesopinions.ca\/index.php?rest_route=\/wp\/v2\/posts"}],"about":[{"href":"http:\/\/www.lecarrefourdesopinions.ca\/index.php?rest_route=\/wp\/v2\/types\/post"}],"author":[{"embeddable":true,"href":"http:\/\/www.lecarrefourdesopinions.ca\/index.php?rest_route=\/wp\/v2\/users\/1"}],"replies":[{"embeddable":true,"href":"http:\/\/www.lecarrefourdesopinions.ca\/index.php?rest_route=%2Fwp%2Fv2%2Fcomments&post=5358"}],"version-history":[{"count":5,"href":"http:\/\/www.lecarrefourdesopinions.ca\/index.php?rest_route=\/wp\/v2\/posts\/5358\/revisions"}],"predecessor-version":[{"id":5514,"href":"http:\/\/www.lecarrefourdesopinions.ca\/index.php?rest_route=\/wp\/v2\/posts\/5358\/revisions\/5514"}],"wp:attachment":[{"href":"http:\/\/www.lecarrefourdesopinions.ca\/index.php?rest_route=%2Fwp%2Fv2%2Fmedia&parent=5358"}],"wp:term":[{"taxonomy":"category","embeddable":true,"href":"http:\/\/www.lecarrefourdesopinions.ca\/index.php?rest_route=%2Fwp%2Fv2%2Fcategories&post=5358"},{"taxonomy":"post_tag","embeddable":true,"href":"http:\/\/www.lecarrefourdesopinions.ca\/index.php?rest_route=%2Fwp%2Fv2%2Ftags&post=5358"}],"curies":[{"name":"wp","href":"https:\/\/api.w.org\/{rel}","templated":true}]}}