{"id":5350,"date":"2011-04-13T07:47:32","date_gmt":"2011-04-13T11:47:32","guid":{"rendered":"http:\/\/www.lecarrefourdesopinions.ca\/?p=5350"},"modified":"2011-04-13T07:47:32","modified_gmt":"2011-04-13T11:47:32","slug":"violations-systemiques-des-droits-de-lhomme","status":"publish","type":"post","link":"http:\/\/www.lecarrefourdesopinions.ca\/?p=5350","title":{"rendered":"Violations Syst\u00e9miques des Droits de L&rsquo;homme"},"content":{"rendered":"<p><img loading=\"lazy\" decoding=\"async\" class=\"alignleft size-full wp-image-5351\" title=\"en t\u00eate articles Vietnam\" src=\"http:\/\/www.lecarrefourdesopinions.ca\/wp-content\/uploads\/2011\/04\/en-t\u00eate-articles-Vietnam.jpg\" alt=\"\" width=\"508\" height=\"475\" srcset=\"http:\/\/www.lecarrefourdesopinions.ca\/wp-content\/uploads\/2011\/04\/en-t\u00eate-articles-Vietnam.jpg 508w, http:\/\/www.lecarrefourdesopinions.ca\/wp-content\/uploads\/2011\/04\/en-t\u00eate-articles-Vietnam-300x280.jpg 300w, http:\/\/www.lecarrefourdesopinions.ca\/wp-content\/uploads\/2011\/04\/en-t\u00eate-articles-Vietnam-400x374.jpg 400w\" sizes=\"auto, (max-width: 508px) 100vw, 508px\" \/><\/p>\n<p><strong>Sixi\u00e8me cas : d\u00e9mant\u00e8lement de l\u2019Eglise Tara Puor des Ede<\/strong><\/p>\n<p style=\"text-align: justify;\">La plupart des montagnards sont des fid\u00e8les de l\u2019Eglise Protestante. Mais les autorit\u00e9s communistes vietnamiennes ont interdit les pratiques de l\u2019eglise sur les Hauts Plateaux du Centre. Les autorit\u00e9s ont cherch\u00e9 \u00e0 r\u00e9primer, et d\u00e9manteler l\u2019eglise protestante depuis 1975 jusqu\u2019\u00e0 maintenant. L\u2019eglise au centre de Ban Me Thuoc a \u00e9t\u00e9 d\u00e9truite par les autorit\u00e9s, les pasteurs et les missionnaires ont \u00e9t\u00e9 arr\u00eat\u00e9s et emprisonn\u00e9s.<\/p>\n<p style=\"text-align: justify;\">Le cas le plus r\u00e9cemment est celui de l\u2019eglise protestante du village Buon Tara Puor, le missionnaire Y Soai (responsable de la Jeunesse de l\u2019Eglise) a \u00e9t\u00e9 arr\u00eat\u00e9 par les forces de s\u00e9curit\u00e9 depuis le 19\/9\/2002 jusqu\u2019en Mars 2003. Pendant la p\u00e9riode de d\u00e9tention du missionnaire Y Soai, l\u2019eglise Tara Puor a \u00e9t\u00e9 d\u00e9mantel\u00e9e, les \u00e9crits saints et les biens de l\u2019eglise confisqu\u00e9. D\u2019apr\u00e8s le missionnaire Y Soai : \u201cCette m\u00e9thode de r\u00e9pression ne vise pas uniquement l\u2019eglise Tara Puor, mais \u00e9galement l\u2019ensemble des \u00e9glises dans toute la r\u00e9gion.\u201d<\/p>\n<p style=\"text-align: justify;\"><strong>Septi\u00e8me cas : R\u00e9presson des manifestations des minorit\u00e9s ethniques sur les Hauts Plateaux du Centre<\/strong><\/p>\n<p style=\"text-align: justify;\">Le 14\/8\/2008, plus de 8000 personnes de la minorit\u00e9 ethnique de Jarai, commune de Lgia To du district Chu S\u00ea, Gia Lai, les plus nombreux sont \u00e0 Ia Uor, Cu Drang, Ia Sion, R\u2019Sai, buon K\u2019Nut, de la Commune K\u2019r\u00f4ng Pak avec quelque 7000 personnes, et plus de 1000 personnes de la minorit\u00e9 Ede des communes Duc Co, Cu S\u00ea, Ia Grai, Dak Doa, Gia Le, Ayumpa, Phu Thien, province de Gia Rai, commune Hleo, K\u2019R\u00f4ng Pawk, K\u2019R\u00f4ng A Nang, Lac, K\u2019R\u00f4ng N\u00f4, province de Dak Lak, les districts de Plei Rac, Sa Thay, Honrobang, province de Kontum Buon-Tieu, Buon E-Nao, Chu M\u2019Ngal, E\u2019l Leo, province de Dak Lak se sont rassembl\u00e9s pour manifester pacifiquement pour exiger la lib\u00e9ration de 350 personnes des minorit\u00e9s ethiniques qui ont \u00e9t\u00e9 emprisonn\u00e9s en 2001 et en 2004 et la restitution des maisons, rizi\u00e8res, terres qui ont \u00e9t\u00e9 confisqu\u00e9es par les autorit\u00e9s vietnamiennes et le respect des libert\u00e9s religieuses. Ces 350 personnes sont en train de se d\u00e9p\u00e9rir en prison comme M. Siu Lul, un responsable de l\u2019Eglise Catholique d\u2019origine des minorit\u00e9s ethniques qui est d\u00e9c\u00e9d\u00e9 dans les prisons communistes, apr\u00e8s de nombreux mois de souffrances, de privations, et de tortures. M. Siu Lul, \u00e2g\u00e9 de 62 ans, domicili\u00e9 au district de Chu S\u00ea, province de Gia lai, sur les Hauts Plateaux du Centre, a \u00e9t\u00e9 transf\u00e9r\u00e9 au Nord dans la prison de Ha Nam depuis 2004.<\/p>\n<p style=\"text-align: justify;\">Les autorit\u00e9s vietnamiennes ont envoy\u00e9 1500 troupes de l\u2019Arm\u00e9e Populaire, les forces de police 113, les forces de police mobile, des hommes de main de gangs d\u00e9guis\u00e9s dirig\u00e9s par le Service Secret TC2 , les forces de s\u00e9curit\u00e9 locales dirig\u00e9s par le Commandant N\u00f4ng Van Luu ont r\u00e9prim\u00e9 s\u00e9v\u00e8rement les manifestants. Ils ont utilis\u00e9 des matraques et des fouets \u00e9lectriques (fournis par la France) pour r\u00e9primer sauvagement les femmes et enfants, plusieurs personnes ont \u00e9t\u00e9 bless\u00e9es et un certain nombre d\u2019autres d\u00e9c\u00e9d\u00e9es.<\/p>\n<p style=\"text-align: justify;\">Plusieurs personnes des minorit\u00e9s ethniques ont d\u00fb fuir dans les zones montagneuses ou au Cambodge.<\/p>\n<p style=\"text-align: justify;\"><strong>Huiti\u00e8me cas : La minorit\u00e9 ethnique H\u2019Mong<\/strong><\/p>\n<p style=\"text-align: justify;\">Pendant les derni\u00e8res ann\u00e9es, il y a plusieurs de dizaines de milliers des minorit\u00e9s ethniques H\u2019mong, fid\u00e8les de l\u2019Eglise Protestante, habitants des provinces de Lai Chau, Lao Cai, Ha Giang, et Tuyen Quang ont d\u00fb fuir vers les provinces du Sud ou dans les zones montagneuses \u00e0 cause des recherches d\u2019arrestations pour pratiques religieuses. Un certain nombre ont \u00e9t\u00e9 arr\u00eat\u00e9s ou d\u00e9tenus dans les camps de travaux forc\u00e9s. Plusieurs r\u00e9unions familiales ont \u00e9t\u00e9 annul\u00e9es par la force et des \u00e9glises ferm\u00e9es.<\/p>\n<p style=\"text-align: justify;\">Selon les t\u00e9moins, les fonctionnaires ont tabass\u00e9 M. Giang Thanh Phia \u00e0 Lai Chau, jusqu\u2019\u00e0 la mort, pour son ferme engagement envers sa croyance. Le fils de M. Giang Thanh Phia, \u00e2g\u00e9 de 10 ans a \u00e9t\u00e9 \u00e9galement tortur\u00e9 jusqu\u2019\u00e0 la mort pour avoir refuser d\u2019avouer le lieu de refuge de son p\u00e8re.<\/p>\n<p style=\"text-align: justify;\">En Novembre 2003, les forces de s\u00e9curit\u00e9 ont arr\u00eat\u00e9 le dirigeant de la minorit\u00e9 ethnique H\u2019Mong, M. Ma Van Bay \u00e0 Binh Phuoc et l\u2019ont emmen\u00e9 \u00e0 Ha Giang. M. Ma Van Bay, n\u00e9 \u00e0 Ha Tay, qui a traduit la Bible en H\u2019mong, a d\u00fb fuir au Sud Vietnam pour \u00e9viter d\u2019\u00eatre arr\u00eat\u00e9 par les forces de s\u00e9curit\u00e9 communistes vietnamiennes.<\/p>\n<script type=\"text\/javascript\">\n\nvar addthis_config = {\"data_track_clickback\":false,\"data_track_addressbar\":false,\"data_track_textcopy\":false};\n<\/script><script type=\"text\/javascript\" src=\"\/\/s7.addthis.com\/js\/250\/addthis_widget.js#pubid=a457a6d63fb9e6ccabdde4110343bd85\"><\/script>","protected":false},"excerpt":{"rendered":"<\/p>\n<p>Sixi\u00e8me cas : d\u00e9mant\u00e8lement de l\u2019Eglise Tara Puor des Ede<\/p>\n<p style=\"text-align: justify;\">La plupart des montagnards sont des fid\u00e8les de l\u2019Eglise Protestante. Mais les autorit\u00e9s communistes vietnamiennes ont interdit les pratiques de l\u2019eglise sur les Hauts Plateaux du Centre. &hellip;<\/p>\n","protected":false},"author":1,"featured_media":0,"comment_status":"open","ping_status":"open","sticky":false,"template":"","format":"standard","meta":{"footnotes":""},"categories":[1],"tags":[],"class_list":["post-5350","post","type-post","status-publish","format-standard","hentry","category-accueil"],"_links":{"self":[{"href":"http:\/\/www.lecarrefourdesopinions.ca\/index.php?rest_route=\/wp\/v2\/posts\/5350","targetHints":{"allow":["GET"]}}],"collection":[{"href":"http:\/\/www.lecarrefourdesopinions.ca\/index.php?rest_route=\/wp\/v2\/posts"}],"about":[{"href":"http:\/\/www.lecarrefourdesopinions.ca\/index.php?rest_route=\/wp\/v2\/types\/post"}],"author":[{"embeddable":true,"href":"http:\/\/www.lecarrefourdesopinions.ca\/index.php?rest_route=\/wp\/v2\/users\/1"}],"replies":[{"embeddable":true,"href":"http:\/\/www.lecarrefourdesopinions.ca\/index.php?rest_route=%2Fwp%2Fv2%2Fcomments&post=5350"}],"version-history":[{"count":2,"href":"http:\/\/www.lecarrefourdesopinions.ca\/index.php?rest_route=\/wp\/v2\/posts\/5350\/revisions"}],"predecessor-version":[{"id":5354,"href":"http:\/\/www.lecarrefourdesopinions.ca\/index.php?rest_route=\/wp\/v2\/posts\/5350\/revisions\/5354"}],"wp:attachment":[{"href":"http:\/\/www.lecarrefourdesopinions.ca\/index.php?rest_route=%2Fwp%2Fv2%2Fmedia&parent=5350"}],"wp:term":[{"taxonomy":"category","embeddable":true,"href":"http:\/\/www.lecarrefourdesopinions.ca\/index.php?rest_route=%2Fwp%2Fv2%2Fcategories&post=5350"},{"taxonomy":"post_tag","embeddable":true,"href":"http:\/\/www.lecarrefourdesopinions.ca\/index.php?rest_route=%2Fwp%2Fv2%2Ftags&post=5350"}],"curies":[{"name":"wp","href":"https:\/\/api.w.org\/{rel}","templated":true}]}}