{"id":5344,"date":"2011-04-11T12:33:35","date_gmt":"2011-04-11T16:33:35","guid":{"rendered":"http:\/\/www.lecarrefourdesopinions.ca\/?p=5344"},"modified":"2011-04-11T12:33:35","modified_gmt":"2011-04-11T16:33:35","slug":"communique-5","status":"publish","type":"post","link":"http:\/\/www.lecarrefourdesopinions.ca\/?p=5344","title":{"rendered":"COMMUNIQU\u00c9"},"content":{"rendered":"<p><strong> <\/strong><\/p>\n<p><strong> <span style=\"color: #3366ff;\">COMMUNIQU\u00c9<\/span><\/strong><\/p>\n<p><strong> <img loading=\"lazy\" decoding=\"async\" class=\"aligncenter size-full wp-image-5346\" title=\"Logo Union\" src=\"http:\/\/www.lecarrefourdesopinions.ca\/wp-content\/uploads\/2011\/04\/Logo-Union1.jpg\" alt=\"\" width=\"285\" height=\"220\" \/><br \/><\/strong><\/p>\n<p><strong> <\/strong><\/p>\n<p><span style=\"color: #800000;\"><strong>Remaniement du comit\u00e9 ex\u00e9cutif de la Ville de Montr\u00e9al<\/strong><\/span><\/p>\n<p><span style=\"color: #800000;\"><strong>Le dossier de la jeunesse ajout\u00e9 au r\u00f4le de Mary Deros au comit\u00e9 ex\u00e9cutif <\/strong><\/span><\/p>\n<p><strong> <\/strong><\/p>\n<p style=\"text-align: justify;\"><strong>Montr\u00e9al, le 7 avril 2011<\/strong><strong> \u2013 Mary Deros, conseill\u00e8re de la ville dans l\u2019arrondissement \u00a0de Villeray-Saint-Michel-Parc-Extension et membre du comit\u00e9 ex\u00e9cutif responsable des communaut\u00e9s d\u2019origines diverses \u00e0 la Ville de Montr\u00e9al s\u2019est vue confier le dossier de la jeunesse lors du remaniement du comit\u00e9 ex\u00e9cutif annonc\u00e9 hier par le maire de Montr\u00e9al G\u00e9rald Tremblay.<\/strong><\/p>\n<p style=\"text-align: justify;\"><strong>Madame Deros voit ainsi son champ d\u2019action et son mandat \u00e9largis. Depuis plusieurs ann\u00e9es,\u00a0 Mme Deros travaille aupr\u00e8s des communaut\u00e9s d\u2019origines diverses en pr\u00eatant attention aux enjeux sp\u00e9cifiques auxquels les nouveaux montr\u00e9alais doivent faire face. <\/strong><\/p>\n<p style=\"text-align: justify;\"><strong>Mme Deros est une femme de terrain qui prend le temps de rencontrer les diff\u00e9rents organismes repr\u00e9sentant les diverses communaut\u00e9s. Elle est reconnue pour son engagement remarquable et ses interventions visant \u00e0 apporter des solutions pour permettre de proc\u00e9der aux changements n\u00e9cessaires pour une meilleure int\u00e9gration et le mieux-\u00eatre de nos communaut\u00e9s.<\/strong><\/p>\n<p style=\"text-align: justify;\"><strong>Information\u00a0: Benita Nisaro, Coordonnatrice de la Commission des communaut\u00e9s d\u2019origines diverses, des m\u00e9dias ethniques et \u00e0 l\u2019organisation des arrondissements &#8211; Union Montr\u00e9al, cellulaire 514\u00a0603-1987, bureau 514\u00a0906-1340 poste 145<\/strong><\/p>\n<p><strong><img loading=\"lazy\" decoding=\"async\" class=\"alignleft size-medium wp-image-5345\" title=\"Mary Deros_102\" src=\"http:\/\/www.lecarrefourdesopinions.ca\/wp-content\/uploads\/2011\/04\/Mary-Deros_102-228x300.jpg\" alt=\"\" width=\"228\" height=\"300\" srcset=\"http:\/\/www.lecarrefourdesopinions.ca\/wp-content\/uploads\/2011\/04\/Mary-Deros_102-228x300.jpg 228w, http:\/\/www.lecarrefourdesopinions.ca\/wp-content\/uploads\/2011\/04\/Mary-Deros_102-779x1024.jpg 779w, http:\/\/www.lecarrefourdesopinions.ca\/wp-content\/uploads\/2011\/04\/Mary-Deros_102-400x525.jpg 400w\" sizes=\"auto, (max-width: 228px) 100vw, 228px\" \/><br \/><\/strong><\/p>\n<p><strong>Mary\u00a0 Deros<\/strong><\/p>\n<p><strong> <\/strong><\/p>\n<script type=\"text\/javascript\">\n\nvar addthis_config = {\"data_track_clickback\":false,\"data_track_addressbar\":false,\"data_track_textcopy\":false};\n<\/script><script type=\"text\/javascript\" src=\"\/\/s7.addthis.com\/js\/250\/addthis_widget.js#pubid=a457a6d63fb9e6ccabdde4110343bd85\"><\/script>","protected":false},"excerpt":{"rendered":"<\/p>\n<p> <span style=\"color: #3366ff;\">COMMUNIQU\u00c9<\/span><\/p>\n<\/p>\n<p><span style=\"color: #800000;\">Remaniement du comit\u00e9 ex\u00e9cutif de la Ville de Montr\u00e9al<\/span><\/p>\n<p><span style=\"color: #800000;\">Le dossier de la jeunesse ajout\u00e9 au r\u00f4le de Mary Deros au comit\u00e9 ex\u00e9cutif <\/span><\/p>\n<\/p>\n<p style=\"text-align: justify;\">Montr\u00e9al, le 7 avril 2011 \u2013 Mary Deros, conseill\u00e8re de la ville dans &hellip;<\/p>\n","protected":false},"author":1,"featured_media":0,"comment_status":"open","ping_status":"open","sticky":false,"template":"","format":"standard","meta":{"footnotes":""},"categories":[1],"tags":[],"class_list":["post-5344","post","type-post","status-publish","format-standard","hentry","category-accueil"],"_links":{"self":[{"href":"http:\/\/www.lecarrefourdesopinions.ca\/index.php?rest_route=\/wp\/v2\/posts\/5344","targetHints":{"allow":["GET"]}}],"collection":[{"href":"http:\/\/www.lecarrefourdesopinions.ca\/index.php?rest_route=\/wp\/v2\/posts"}],"about":[{"href":"http:\/\/www.lecarrefourdesopinions.ca\/index.php?rest_route=\/wp\/v2\/types\/post"}],"author":[{"embeddable":true,"href":"http:\/\/www.lecarrefourdesopinions.ca\/index.php?rest_route=\/wp\/v2\/users\/1"}],"replies":[{"embeddable":true,"href":"http:\/\/www.lecarrefourdesopinions.ca\/index.php?rest_route=%2Fwp%2Fv2%2Fcomments&post=5344"}],"version-history":[{"count":3,"href":"http:\/\/www.lecarrefourdesopinions.ca\/index.php?rest_route=\/wp\/v2\/posts\/5344\/revisions"}],"predecessor-version":[{"id":5349,"href":"http:\/\/www.lecarrefourdesopinions.ca\/index.php?rest_route=\/wp\/v2\/posts\/5344\/revisions\/5349"}],"wp:attachment":[{"href":"http:\/\/www.lecarrefourdesopinions.ca\/index.php?rest_route=%2Fwp%2Fv2%2Fmedia&parent=5344"}],"wp:term":[{"taxonomy":"category","embeddable":true,"href":"http:\/\/www.lecarrefourdesopinions.ca\/index.php?rest_route=%2Fwp%2Fv2%2Fcategories&post=5344"},{"taxonomy":"post_tag","embeddable":true,"href":"http:\/\/www.lecarrefourdesopinions.ca\/index.php?rest_route=%2Fwp%2Fv2%2Ftags&post=5344"}],"curies":[{"name":"wp","href":"https:\/\/api.w.org\/{rel}","templated":true}]}}