{"id":5336,"date":"2011-04-13T07:48:00","date_gmt":"2011-04-13T11:48:00","guid":{"rendered":"http:\/\/www.lecarrefourdesopinions.ca\/?p=5336"},"modified":"2011-04-13T07:48:00","modified_gmt":"2011-04-13T11:48:00","slug":"tout-est-ne-de-la-dynamique-du-vide-et-du-temps","status":"publish","type":"post","link":"http:\/\/www.lecarrefourdesopinions.ca\/?p=5336","title":{"rendered":"Tout est N\u00e9 de la Dynamique du Vide et du Temps."},"content":{"rendered":"<p><span style=\"color: #3366ff;\"><strong>Tout est N\u00e9 de la Dynamique du Vide et du Temps.<\/strong><\/span><\/p>\n<p>&nbsp;<\/p>\n<p><span style=\"color: #800000;\"><em> <img loading=\"lazy\" decoding=\"async\" class=\"alignleft size-thumbnail wp-image-5337\" title=\"photo \u00c9ric Nogard\" src=\"http:\/\/www.lecarrefourdesopinions.ca\/wp-content\/uploads\/2011\/04\/photo-\u00c9ric-Nogard1-134x107.jpg\" alt=\"\" width=\"134\" height=\"107\" \/> Par<\/em><strong><em> <\/em><\/strong><em>Eric E.G. NOGARD <\/em><\/span><\/p>\n<p><span style=\"color: #800000;\"><em><br \/><\/em><\/span><\/p>\n<p><em> <\/em><\/p>\n<p>&nbsp;<\/p>\n<p>Qui, Croyant ou pas, n\u2019a gard\u00e9 en m\u00e9moire \u2013 dans sa m\u00e9moire d\u2019enfant &#8211;\u00a0 cette question du Petit Cat\u00e9chisme\u00a0:<\/p>\n<p>&nbsp;<\/p>\n<ul>\n<li><em><strong>Qui Cr\u00e9a le Ciel, la Mer, la  Terre et Tout ce qu\u2019ils renferment\u00a0?<\/strong><\/em><\/li>\n<\/ul>\n<p>&nbsp;<\/p>\n<p>Qui d\u2019entre nous n\u2019a d\u00fb admettre, \u00e0 son Cours de Physique, le postulat selon lequel le Vide serait inerte.<\/p>\n<p>&nbsp;<\/p>\n<p>Qui, \u00e0 sa grande surprise, ne s\u2019est rendu compte que, davantage l\u2019analyse de la mati\u00e8re est pouss\u00e9e, davantage elle nous engage sur \u00ab\u00a0la Route du Vide\u00a0\u00bb.<\/p>\n<p>&nbsp;<\/p>\n<p>Qui, et qui que nous soyons, peut nier que la Pens\u00e9e soit Concr\u00e8te, et qu\u2019en m\u00eame temps, qu\u2019elle soit Immat\u00e9rielle, qu\u2019elle tienne du Vide.<\/p>\n<p>&nbsp;<\/p>\n<p>Quel Mal y aurait-il \u00e0 distinguer entre le Vide et le N\u00e9ant, \u00e0 admettre qu\u2019\u00e0 la diff\u00e9rence du N\u00e9ant, le Vide serait dou\u00e9 d\u2019une Dynamique \u00e0 l\u2019Origine de Tout, \u00e0 la faveur du Temps, cet INFINI.<\/p>\n<p>&nbsp;<\/p>\n<p>Dieu ne serait-il pas la  Dynamique du Vide.<\/p>\n<p>&nbsp;<\/p>\n<p>&nbsp;<\/p>\n<ul>\n<li><em><strong>Qui Cr\u00e9a le Ciel, la Mer, la  Terre et Tout ce qu\u2019ils renferment\u00a0?<\/strong><\/em><\/li>\n<\/ul>\n<p>&nbsp;<\/p>\n<p>A cette question du Petit Cat\u00e9chisme, la R\u00e9ponse admise \u00e9tait DIEU.<\/p>\n<p>&nbsp;<\/p>\n<p>D\u00e8s lors \u00e9tait admis le Vide d\u2019avant la  Cr\u00e9ation en m\u00eame temps que l\u2019existence de cette Dynamique du Vide appel\u00e9e DIEU.<\/p>\n<p>&nbsp;<\/p>\n<p>Et d\u00e8s lors \u00e9taient ou devraient \u00eatre simultan\u00e9ment exclues tant l\u2019assimilation du Vide au N\u00e9ant que celle du Vide \u00e0 l\u2019Inertie.<\/p>\n<p>&nbsp;<\/p>\n<p>En un mot, tout est n\u00e9 de la  Dynamique du Vide Originel, dans le Temps.<\/p>\n<p>&nbsp;<\/p>\n<p>&nbsp;<\/p>\n<ul>\n<li><em><strong>De l\u2019analyse de la Cr\u00e9ation et de ce que nous en savons.<\/strong><\/em><\/li>\n<\/ul>\n<p>&nbsp;<\/p>\n<p>Le moins que nous puissions dire est que l\u2019analyse des choses et des ph\u00e9nom\u00e8nes de la cr\u00e9ation ne date pas d\u2019aujourd\u2019hui.<\/p>\n<p>&nbsp;<\/p>\n<p>Il n\u2019est pas dit que nous parvenions \u00e0 son terme mais, eu \u00e9gard au chemin parcouru, il n\u2019est pas interdit d\u2019esp\u00e9rer\u2026<\/p>\n<p>&nbsp;<\/p>\n<p>En tout \u00e9tat de cause, plus nous poussons l\u2019analyse, plus nous d\u00e9couvrons le simple et\u2026 le vide.<\/p>\n<p>&nbsp;<\/p>\n<p>Pour aller au plus court, nous sommes pass\u00e9s des m\u00e9langes aux combinaisons, puis aux corps simples, puis aux mol\u00e9cules, puis aux atomes, puis \u00e0 leur nature corpusculaire, \u00e0 la mobilit\u00e9 des corpuscules dans le vide, \u00e0 leur polarisation, \u00e0 leur nature \u00ab\u00a0oscillatoire\u00a0\u00bb \u2026 la route est encore longue, qui nous conduira \u00e0 la d\u00e9couverte du Vide Dynamique Originel\u2026 terme de l\u2019Analyse qui nous dira Qui est DIEU.<\/p>\n<p>&nbsp;<\/p>\n<p>&nbsp;<\/p>\n<ul>\n<li><em><strong>Que dire de la Pens\u00e9e, vue sous le m\u00eame \u00e9clairage.<\/strong><\/em><\/li>\n<\/ul>\n<p>&nbsp;<\/p>\n<p>Vue sous le m\u00eame \u00e9clairage, il semble aller de soi que la Pens\u00e9e parte du m\u00eame Principe que la Mati\u00e8re, la diff\u00e9rence entre les deux \u00e9tant affaire, soit de subtilit\u00e9, soit de consistance, ou peut-\u00eatre de temps.<\/p>\n<p>&nbsp;<\/p>\n<p>Ainsi que le montre l\u2019analyse qui en est faite, la mati\u00e8re est un ph\u00e9nom\u00e8ne \u00e9volutif, dans un Temps inou\u00ef, \u00e0 partir du vide dans sa dynamique faite de Contorsions, de Pressions\u2026<\/p>\n<p>&nbsp;<\/p>\n<p>Sont apparus les rayonnements calorifiques, magn\u00e9tiques, \u00e9lectriques, \u00e9lectroniques\u2026 tous, ph\u00e9nom\u00e8nes ondulatoires.<\/p>\n<p>&nbsp;<\/p>\n<p>Puis sont apparus les corpuscules ionis\u00e9s, les atomes, les mol\u00e9cules\u2026 la mati\u00e8re inanim\u00e9e, la mati\u00e8re vivante, les ultravirus, les virus\u2026 les \u00eatres vivants, les \u00eatres pensants\u2026 tous, ph\u00e9nom\u00e8nes en \u00e9tat d\u2019ach\u00e8vement de plus en plus avanc\u00e9, dont nul d\u2019entre eux ne peut se pr\u00e9tendre parvenu \u00e0 l\u2019Etat Achev\u00e9.<\/p>\n<p>&nbsp;<\/p>\n<p>&nbsp;<\/p>\n<p><em><strong>Nous avons pris le train en marche, nous en descendrons avant qu\u2019il soit parvenu \u00e0 son terminus.<\/strong><\/em><\/p>\n<p>&nbsp;<\/p>\n<p>Gardons cependant \u00e0 l\u2019Esprit que la  Cr\u00e9ation continue de se parachever \u00ab\u00a0au prix\u00a0\u00bb de milliards d\u2019ann\u00e9es de nouvelles tentatives de synth\u00e8se et que, parall\u00e8lement, l\u2019Homme a entrepris d\u2019en faire l\u2019analyse qui lui permettra de comprendre sa Gen\u00e8se\u2026 de remonter \u00e0 Dieu, au Vide, qui sait.<\/p>\n<p>&nbsp;<\/p>\n<p>&nbsp;<\/p>\n<p>N\u00e9anmoins, d\u2019ores-et-d\u00e9j\u00e0 nous pla\u00e7ons notre mise\u00a0:<\/p>\n<p>&nbsp;<\/p>\n<p><em><strong>La  Cr\u00e9ation<\/strong><\/em><em><strong> est le Fait du Vide, de sa Dynamique et du Temps.<\/strong><\/em><\/p>\n<p><em><strong>Cette Dynamique, ses Hasards et ses Avatars sont l\u2019explication de DIEU.<\/strong><\/em><\/p>\n<p><em><strong><img loading=\"lazy\" decoding=\"async\" class=\"alignleft size-full wp-image-5338\" title=\"au l\u00e8che doigts\" src=\"http:\/\/www.lecarrefourdesopinions.ca\/wp-content\/uploads\/2011\/04\/au-l\u00e8che-doigts.jpg\" alt=\"\" width=\"554\" height=\"252\" srcset=\"http:\/\/www.lecarrefourdesopinions.ca\/wp-content\/uploads\/2011\/04\/au-l\u00e8che-doigts.jpg 554w, http:\/\/www.lecarrefourdesopinions.ca\/wp-content\/uploads\/2011\/04\/au-l\u00e8che-doigts-300x136.jpg 300w, http:\/\/www.lecarrefourdesopinions.ca\/wp-content\/uploads\/2011\/04\/au-l\u00e8che-doigts-400x181.jpg 400w\" sizes=\"auto, (max-width: 554px) 100vw, 554px\" \/><br \/><\/strong><\/em><\/p>\n<p>&nbsp;<\/p>\n<p>&nbsp;<\/p>\n<script type=\"text\/javascript\">\n\nvar addthis_config = {\"data_track_clickback\":false,\"data_track_addressbar\":false,\"data_track_textcopy\":false};\n<\/script><script type=\"text\/javascript\" src=\"\/\/s7.addthis.com\/js\/250\/addthis_widget.js#pubid=a457a6d63fb9e6ccabdde4110343bd85\"><\/script>","protected":false},"excerpt":{"rendered":"<p><span style=\"color: #3366ff;\">Tout est N\u00e9 de la Dynamique du Vide et du Temps.<\/span><\/p>\n<p>&nbsp;<\/p>\n<p><span style=\"color: #800000;\">  Par Eric E.G. NOGARD <\/span><\/p>\n<p><span style=\"color: #800000;\"><\/span><\/p>\n<\/p>\n<p>&nbsp;<\/p>\n<p>Qui, Croyant ou pas, n\u2019a gard\u00e9 en m\u00e9moire \u2013 dans sa m\u00e9moire d\u2019enfant &#8211;\u00a0 cette question du Petit Cat\u00e9chisme\u00a0:&hellip;<\/p>\n","protected":false},"author":1,"featured_media":0,"comment_status":"open","ping_status":"open","sticky":false,"template":"","format":"standard","meta":{"footnotes":""},"categories":[1],"tags":[],"class_list":["post-5336","post","type-post","status-publish","format-standard","hentry","category-accueil"],"_links":{"self":[{"href":"http:\/\/www.lecarrefourdesopinions.ca\/index.php?rest_route=\/wp\/v2\/posts\/5336","targetHints":{"allow":["GET"]}}],"collection":[{"href":"http:\/\/www.lecarrefourdesopinions.ca\/index.php?rest_route=\/wp\/v2\/posts"}],"about":[{"href":"http:\/\/www.lecarrefourdesopinions.ca\/index.php?rest_route=\/wp\/v2\/types\/post"}],"author":[{"embeddable":true,"href":"http:\/\/www.lecarrefourdesopinions.ca\/index.php?rest_route=\/wp\/v2\/users\/1"}],"replies":[{"embeddable":true,"href":"http:\/\/www.lecarrefourdesopinions.ca\/index.php?rest_route=%2Fwp%2Fv2%2Fcomments&post=5336"}],"version-history":[{"count":2,"href":"http:\/\/www.lecarrefourdesopinions.ca\/index.php?rest_route=\/wp\/v2\/posts\/5336\/revisions"}],"predecessor-version":[{"id":5355,"href":"http:\/\/www.lecarrefourdesopinions.ca\/index.php?rest_route=\/wp\/v2\/posts\/5336\/revisions\/5355"}],"wp:attachment":[{"href":"http:\/\/www.lecarrefourdesopinions.ca\/index.php?rest_route=%2Fwp%2Fv2%2Fmedia&parent=5336"}],"wp:term":[{"taxonomy":"category","embeddable":true,"href":"http:\/\/www.lecarrefourdesopinions.ca\/index.php?rest_route=%2Fwp%2Fv2%2Fcategories&post=5336"},{"taxonomy":"post_tag","embeddable":true,"href":"http:\/\/www.lecarrefourdesopinions.ca\/index.php?rest_route=%2Fwp%2Fv2%2Ftags&post=5336"}],"curies":[{"name":"wp","href":"https:\/\/api.w.org\/{rel}","templated":true}]}}