{"id":5330,"date":"2011-04-13T07:47:09","date_gmt":"2011-04-13T11:47:09","guid":{"rendered":"http:\/\/www.lecarrefourdesopinions.ca\/?p=5330"},"modified":"2011-04-13T07:47:09","modified_gmt":"2011-04-13T11:47:09","slug":"l%e2%80%99homme-noir","status":"publish","type":"post","link":"http:\/\/www.lecarrefourdesopinions.ca\/?p=5330","title":{"rendered":"L\u2019HOMME NOIR &#8230;"},"content":{"rendered":"<p><span style=\"color: #3366ff;\"><strong>L\u2019HOMME NOIR, Ou, Le Mythe \u00e0 la Vie dure.<\/strong><\/span><\/p>\n<p><strong> <\/strong><\/p>\n<p><span style=\"color: #800000;\"><em><img loading=\"lazy\" decoding=\"async\" class=\"alignleft size-thumbnail wp-image-5331\" title=\"photo \u00c9ric Nogard\" src=\"http:\/\/www.lecarrefourdesopinions.ca\/wp-content\/uploads\/2011\/04\/photo-\u00c9ric-Nogard-134x107.jpg\" alt=\"\" width=\"134\" height=\"107\" \/> Par Eric Nogard <\/em><\/span><\/p>\n<p>&nbsp;<\/p>\n<p><span style=\"color: #800000;\"><em><br \/><\/em><\/span><\/p>\n<p>Contrairement \u00e0 l\u2019id\u00e9e commun\u00e9ment admise, l\u2019Esp\u00e8ce Humaine ne compte pas de Race Noire et elle n\u2019en a certainement jamais eue.<\/p>\n<p>Tout comme pour notre Terre\u00a0:<\/p>\n<p>Il \u00e9tait commun\u00e9ment admis qu\u2019elle fut aussi plate qu\u2019une assiette, alors qu\u2019elle est ronde comme une orange.<\/p>\n<p>C\u2019est que l\u2019Homme, ou ignore, ou se trompe, parfois\u00a0!&#8230;<\/p>\n<p>En fait, nul \u00eatre humain n\u2019est NOIR\u00a0: n\u00e9anmoins, sa couleur, quand elle\u00a0 est sombre, peut pr\u00eater \u00e0 m\u00e9prise\u2026<\/p>\n<p><img loading=\"lazy\" decoding=\"async\" class=\"alignleft size-full wp-image-5340\" title=\"fleur 12\" src=\"http:\/\/www.lecarrefourdesopinions.ca\/wp-content\/uploads\/2011\/04\/fleur-12.jpg\" alt=\"\" width=\"251\" height=\"311\" srcset=\"http:\/\/www.lecarrefourdesopinions.ca\/wp-content\/uploads\/2011\/04\/fleur-12.jpg 251w, http:\/\/www.lecarrefourdesopinions.ca\/wp-content\/uploads\/2011\/04\/fleur-12-242x300.jpg 242w\" sizes=\"auto, (max-width: 251px) 100vw, 251px\" \/>Malgr\u00e9 tout, par bien des m\u00e9thodes (m\u00e9langes, croisements, dispersion physico-chimique\u2026) il est scientifiquement possible de prouver sa vraie couleur, le MARRON.<\/p>\n<p>Ainsi\u00a0:<\/p>\n<ul>\n<li>Mixez du noir et du blanc, vous obtiendrez du gris, du plus heavy au plus light\u2026voire \u00e0 l\u2019almost white, mais toujours du gris.<\/li>\n<li>Diluez le bleu le plus sombre (il para\u00eet noir) dans du blanc, et vous aurez du bleu de plus en plus clair\u2026 jusqu\u2019au presque blanc, mais toujours du bleu.<\/li>\n<li>Croisez tant que vous voudrez le \u00ab\u00a0noir\u00a0\u00bb et le \u00ab\u00a0blanc\u00a0\u00bb humains\u2026 jusqu\u2019\u00e0 l\u2019octavonne, \u00a0jusqu\u2019au pratiquement blanc, et jamais vous n\u2019aurez du gris, car l\u2019Homme n\u2019est pas NOIR, il est MARRON.<\/li>\n<li>Dispersez la m\u00e9lanine humaine en solution\u2026 le gris n\u2019appara\u00eetra pas davantage, vous aurez du MARRON.<\/li>\n<\/ul>\n<p>L\u2019Esp\u00e8ce Humaine n\u2019a pas de Race Noire et le N\u00e8gre est un MYTHE\u2026 un MYTHE \u00e0 la vie DURE.<\/p>\n<p>P.s.<\/p>\n<p>Un\u00a0 lien conduisant \u00e0 un Clip Vid\u00e9o ou vous  pourrez voir qui est Monsieur Raymond OCCOLIER\u00a0:<\/p>\n<p><a href=\"http:\/\/www.bondamanjak.com\/content\/view\/2482\/3\/\">http:\/\/www.bondamanjak.com\/content\/view\/2482\/3\/<\/a><\/p>\n<p><span style=\"text-decoration: underline;\">NB.\u00a0: <\/span><\/p>\n<p>(Texte r\u00e9dig\u00e9 et publi\u00e9 \u00e0 Fort-de-France, le 23 Novembre 2008, puis aux Etats G\u00e9n\u00e9raux de l\u2019Outremer\u00a0: <a href=\"http:\/\/www.etatsgenerauxdeloutremer.fr\/reflexions\">http:\/\/www.etatsgenerauxdeloutremer.fr\/reflexions<\/a>).<\/p>\n<p><img loading=\"lazy\" decoding=\"async\" class=\"alignleft size-full wp-image-5334\" title=\"verso couverture livre omega abel\" src=\"http:\/\/www.lecarrefourdesopinions.ca\/wp-content\/uploads\/2011\/04\/verso-couverture-livre-omega-abel.jpg\" alt=\"\" width=\"422\" height=\"600\" srcset=\"http:\/\/www.lecarrefourdesopinions.ca\/wp-content\/uploads\/2011\/04\/verso-couverture-livre-omega-abel.jpg 422w, http:\/\/www.lecarrefourdesopinions.ca\/wp-content\/uploads\/2011\/04\/verso-couverture-livre-omega-abel-211x300.jpg 211w, http:\/\/www.lecarrefourdesopinions.ca\/wp-content\/uploads\/2011\/04\/verso-couverture-livre-omega-abel-400x568.jpg 400w\" sizes=\"auto, (max-width: 422px) 100vw, 422px\" \/><\/p>\n<p>&nbsp;<\/p>\n<script type=\"text\/javascript\">\n\nvar addthis_config = {\"data_track_clickback\":false,\"data_track_addressbar\":false,\"data_track_textcopy\":false};\n<\/script><script type=\"text\/javascript\" src=\"\/\/s7.addthis.com\/js\/250\/addthis_widget.js#pubid=a457a6d63fb9e6ccabdde4110343bd85\"><\/script>","protected":false},"excerpt":{"rendered":"<p><span style=\"color: #3366ff;\">L\u2019HOMME NOIR, Ou, Le Mythe \u00e0 la Vie dure.<\/span><\/p>\n<\/p>\n<p><span style=\"color: #800000;\"> Par Eric Nogard <\/span><\/p>\n<p>&nbsp;<\/p>\n<p><span style=\"color: #800000;\"><\/span><\/p>\n<p>Contrairement \u00e0 l\u2019id\u00e9e commun\u00e9ment admise, l\u2019Esp\u00e8ce Humaine ne compte pas de Race Noire et elle n\u2019en a certainement jamais eue.<\/p>\n<p>Tout comme pour notre &hellip;<\/p>\n","protected":false},"author":1,"featured_media":0,"comment_status":"open","ping_status":"open","sticky":false,"template":"","format":"standard","meta":{"footnotes":""},"categories":[1],"tags":[],"class_list":["post-5330","post","type-post","status-publish","format-standard","hentry","category-accueil"],"_links":{"self":[{"href":"http:\/\/www.lecarrefourdesopinions.ca\/index.php?rest_route=\/wp\/v2\/posts\/5330","targetHints":{"allow":["GET"]}}],"collection":[{"href":"http:\/\/www.lecarrefourdesopinions.ca\/index.php?rest_route=\/wp\/v2\/posts"}],"about":[{"href":"http:\/\/www.lecarrefourdesopinions.ca\/index.php?rest_route=\/wp\/v2\/types\/post"}],"author":[{"embeddable":true,"href":"http:\/\/www.lecarrefourdesopinions.ca\/index.php?rest_route=\/wp\/v2\/users\/1"}],"replies":[{"embeddable":true,"href":"http:\/\/www.lecarrefourdesopinions.ca\/index.php?rest_route=%2Fwp%2Fv2%2Fcomments&post=5330"}],"version-history":[{"count":5,"href":"http:\/\/www.lecarrefourdesopinions.ca\/index.php?rest_route=\/wp\/v2\/posts\/5330\/revisions"}],"predecessor-version":[{"id":5353,"href":"http:\/\/www.lecarrefourdesopinions.ca\/index.php?rest_route=\/wp\/v2\/posts\/5330\/revisions\/5353"}],"wp:attachment":[{"href":"http:\/\/www.lecarrefourdesopinions.ca\/index.php?rest_route=%2Fwp%2Fv2%2Fmedia&parent=5330"}],"wp:term":[{"taxonomy":"category","embeddable":true,"href":"http:\/\/www.lecarrefourdesopinions.ca\/index.php?rest_route=%2Fwp%2Fv2%2Fcategories&post=5330"},{"taxonomy":"post_tag","embeddable":true,"href":"http:\/\/www.lecarrefourdesopinions.ca\/index.php?rest_route=%2Fwp%2Fv2%2Ftags&post=5330"}],"curies":[{"name":"wp","href":"https:\/\/api.w.org\/{rel}","templated":true}]}}