{"id":5323,"date":"2011-04-08T10:47:55","date_gmt":"2011-04-08T14:47:55","guid":{"rendered":"http:\/\/www.lecarrefourdesopinions.ca\/?p=5323"},"modified":"2011-04-08T10:47:55","modified_gmt":"2011-04-08T14:47:55","slug":"important","status":"publish","type":"post","link":"http:\/\/www.lecarrefourdesopinions.ca\/?p=5323","title":{"rendered":"IMPORTANT"},"content":{"rendered":"<p><strong><span style=\"color: #3366ff;\">IMPORTANT<\/span> <br \/><\/strong><\/p>\n<p>&nbsp;<\/p>\n<p><span style=\"color: #008000;\"><strong>20e anniversaire<\/strong><\/span><\/p>\n<p><span style=\"color: #008000;\"> <\/span><\/p>\n<p><span style=\"color: #008000;\"> <\/span><\/p>\n<p><span style=\"color: #008000;\"><strong>Fondation Autisme Montr\u00e9al<\/strong><\/span><\/p>\n<p><span style=\"color: #008000;\"><strong>8<sup>e <\/sup>Gala-b\u00e9n\u00e9fice<\/strong><\/span><\/p>\n<p><span style=\"color: #008000;\"><strong><em>20<sup>e<\/sup> anniversaire<\/em><\/strong><\/span><\/p>\n<p><span style=\"color: #008000;\"><strong>Au Montr\u00e9al Marriott Ch\u00e2teau Champlain<\/strong><\/span><\/p>\n<p><span style=\"color: #008000;\"><strong>Le mercredi 13 avril 2011<\/strong><\/span><\/p>\n<p>&nbsp;<\/p>\n<p><strong><span style=\"text-decoration: underline;\">Saviez-vous que<\/span><\/strong><strong> :<\/strong><\/p>\n<p>&nbsp;<\/p>\n<p><strong><span style=\"color: #0000ff;\">Votre possibilit\u00e9 de gagner le gros lot au Loto 6\/49 est de 1 sur 14\u00a0millions et celle d\u2019avoir un enfant autiste est de 1 sur 100?<\/span><\/strong><\/p>\n<p><strong><span style=\"color: #0000ff;\"> <\/span><\/strong><\/p>\n<p style=\"text-align: justify;\"><strong><span style=\"color: #0000ff;\">\u00c0 Montr\u00e9al seulement, on peut estimer \u00e0 12\u00a0000 le nombre de familles ayant un enfant avec un trouble envahissant du d\u00e9veloppement (TED)?<\/span><\/strong><\/p>\n<p style=\"text-align: justify;\"><strong><span style=\"color: #0000ff;\"> <\/span><\/strong><\/p>\n<p style=\"text-align: justify;\"><strong><span style=\"color: #0000ff;\">Le taux de croissance annuel des personnes TED se situe entre 10 et 17\u00a0%?<\/span><\/strong><\/p>\n<p style=\"text-align: justify;\"><strong><span style=\"color: #0000ff;\"> <\/span><\/strong><\/p>\n<p style=\"text-align: justify;\"><strong><span style=\"color: #0000ff;\">Chez les enfants, l\u2019autisme est plus r\u00e9pandu que le cancer, la fibrose kystique, la trisomie 21, la paralysie c\u00e9r\u00e9brale et la scl\u00e9rose en plaques?<\/span><\/strong><\/p>\n<p style=\"text-align: justify;\"><strong><span style=\"color: #0000ff;\"> <\/span><\/strong><\/p>\n<p style=\"text-align: justify;\"><strong><span style=\"color: #0000ff;\">La Fondation Autisme Montr\u00e9al (FAM) pr\u00e9pare son\u00a08<sup>e <\/sup>Gala-b\u00e9n\u00e9fice, mercredi le 13 avril prochain, sous la pr\u00e9sidence\u00a0de\u00a0M. Guy\u00a0Tremblay, a.v.c.,\u00a0directeur de centre financier \u00e0 la Financi\u00e8re Sun\u00a0Life. La Fondation en profitera pour souligner ses 20 ans d&rsquo;existence avec comme ambassadeurs pour la soir\u00e9e : M. Sylvain Clermont <img loading=\"lazy\" decoding=\"async\" class=\"alignleft size-medium wp-image-5326\" title=\"fleure 15\" src=\"http:\/\/www.lecarrefourdesopinions.ca\/wp-content\/uploads\/2011\/04\/fleure-151-300x201.jpg\" alt=\"\" width=\"300\" height=\"201\" srcset=\"http:\/\/www.lecarrefourdesopinions.ca\/wp-content\/uploads\/2011\/04\/fleure-151-300x201.jpg 300w, http:\/\/www.lecarrefourdesopinions.ca\/wp-content\/uploads\/2011\/04\/fleure-151-400x268.jpg 400w, http:\/\/www.lecarrefourdesopinions.ca\/wp-content\/uploads\/2011\/04\/fleure-151.jpg 682w\" sizes=\"auto, (max-width: 300px) 100vw, 300px\" \/>(Directeur, Politiques publiques, Sanofi-aventis), M. Richard Dufresne (Vice-pr\u00e9sident principal et chef de la direction financi\u00e8re, METRO inc.) et Dr Victor Goldbloom (Ancien ministre de l&rsquo;environnement et des affaires municipales du Qu\u00e9bec).<\/span><\/strong><\/p>\n<p style=\"text-align: justify;\"><strong><span style=\"color: #0000ff;\">L&rsquo;objectif de la soir\u00e9e est de recueillir 150\u00a0000\u00a0$.<\/span><\/strong><\/p>\n<p style=\"text-align: justify;\"><strong><span style=\"color: #0000ff;\">Depuis sa cr\u00e9ation, en 1991, la  Fondation Autisme Montr\u00e9al vient en aide aux personnes autistes et\/ou ayant des troubles envahissants du d\u00e9veloppement (TED) et \u00e0 leur famille en finan\u00e7ant des services de r\u00e9pit et de loisirs qui favorisent le d\u00e9veloppement du potentiel et de l&rsquo;autonomie.<\/span><\/strong><\/p>\n<p style=\"text-align: justify;\"><strong><span style=\"color: #0000ff;\">Afin de r\u00e9pondre \u00e0 toutes les demandes d\u2019aide qui lui sont faites, la FAM a besoin du support de la communaut\u00e9 des affaires. Elle a donc choisi de tenir, cette ann\u00e9e, le gala annuel qui soulignera son\u00a020<sup>e<\/sup> anniversaire, dans la\u00a0magnifique salle de bal du Marriott Ch\u00e2teau Champlain. Anim\u00e9e par Sylvie Lauzon, porte-parole de la Fondation et maman d\u2019un enfant autiste, la soir\u00e9e d\u00e9butera <span style=\"text-decoration: underline;\">d\u00e8s 18\u00a0heures<\/span><em>Mario Jean<\/em>. Son humour unique et intelligent peut lui faire aborder toutes sortes de sujets qui nous touchent, tels que la consommation, les adolescents, l\u2019actualit\u00e9 et bien d\u2019autres encore. Sa simplicit\u00e9 et sa spontan\u00e9it\u00e9 qui font de lui un artiste complet doubl\u00e9 d\u2019une personnalit\u00e9 attachante vous feront passer une soir\u00e9e m\u00e9morable !<\/span> <span style=\"color: #0000ff;\">par un cocktail et sera suivie <img loading=\"lazy\" decoding=\"async\" class=\"alignright size-full wp-image-5325\" title=\"muguet symbole de l'amiti\u00e9\" src=\"http:\/\/www.lecarrefourdesopinions.ca\/wp-content\/uploads\/2011\/04\/muguet-symbole-de-lamiti\u00e9.jpg\" alt=\"\" width=\"231\" height=\"248\" \/>d\u2019un excellent repas en 4 services accompagn\u00e9 de vins offerts conjointement par la SAQ et Les Distilleries Corby lt\u00e9e. Elle se terminera par le spectacle de l\u2019in\u00e9narrable <\/span><\/strong><\/p>\n<p style=\"text-align: justify;\"><strong><span style=\"color: #0000ff;\"> <\/span><\/strong><\/p>\n<p style=\"text-align: justify;\"><strong><span style=\"color: #0000ff;\">Alors, si vous avez \u00e0 c\u0153ur la cause des enfants autistes et que vous souhaitez contribuer \u00e0 leur mieux-\u00eatre et \u00e0 celui de leur famille, souvent isol\u00e9e, n\u2019h\u00e9sitez pas \u00e0 nous aider. Vous pouvez le faire\u00a0en achetant des billets (275\u00a0$) ou une table (10 personnes) pour le Gala, ou encore, en faisant un don. Si vous achetez une table, vous pouvez demander qu\u2019elle soit identifi\u00e9e \u00e0 votre nom ou au nom de votre compagnie. Soyez g\u00e9n\u00e9reux! N\u2019oubliez pas qu\u2019il s\u2019agit de notre principale activit\u00e9 de financement tenue au cours de l\u2019ann\u00e9e.<\/span><\/strong><\/p>\n<p style=\"text-align: justify;\"><strong><span style=\"color: #0000ff;\"> <\/span><\/strong><\/p>\n<p style=\"text-align: justify;\"><strong><span style=\"color: #0000ff;\">Pour plus d&rsquo;informations, vous pouvez suivre le lien suivant :\u00a0<a href=\"http:\/\/www.fondationautisme.com\/\" target=\"_blank\">FAM-20e anniversaire (8e Gala)<\/a>.<\/span><\/strong><\/p>\n<p style=\"text-align: justify;\"><strong><span style=\"color: #0000ff;\"> <\/span><\/strong><\/p>\n<p style=\"text-align: justify;\"><strong><span style=\"color: #0000ff;\">Pour toutes questions, n\u2019h\u00e9sitez pas \u00e0 communiquer avec la responsable du Comit\u00e9, Francine F\u00e9ral, au 514\u2011341\u20113835.<\/span><\/strong><\/p>\n<p style=\"text-align: justify;\"><strong><span style=\"color: #0000ff;\"> <\/span><\/strong><\/p>\n<p style=\"text-align: justify;\"><strong><span style=\"color: #0000ff;\">Nous vous remercions \u00e0 l\u2019avance pour votre g\u00e9n\u00e9rosit\u00e9.<\/span><\/strong><\/p>\n<p style=\"text-align: justify;\"><strong><span style=\"color: #0000ff;\"> <\/span><\/strong><\/p>\n<p style=\"text-align: justify;\"><strong><span style=\"color: #0000ff;\"> <\/span><\/strong><\/p>\n<p style=\"text-align: justify;\"><strong><span style=\"color: #0000ff;\">VOUS POUVEZ \u00c9GALEMENT NOUS AIDER EN FAISANT CIRCULER CE COURRIEL \u00c0 TOUS VOS CONTACTS !! &#8211; MERCI !<\/span><\/strong><\/p>\n<p style=\"text-align: justify;\"><strong><span style=\"color: #0000ff;\"><img loading=\"lazy\" decoding=\"async\" class=\"alignleft size-full wp-image-5327\" title=\"pub livre Catherine\" src=\"http:\/\/www.lecarrefourdesopinions.ca\/wp-content\/uploads\/2011\/04\/pub-livre-Catherine1.jpg\" alt=\"\" width=\"602\" height=\"599\" srcset=\"http:\/\/www.lecarrefourdesopinions.ca\/wp-content\/uploads\/2011\/04\/pub-livre-Catherine1.jpg 602w, http:\/\/www.lecarrefourdesopinions.ca\/wp-content\/uploads\/2011\/04\/pub-livre-Catherine1-300x298.jpg 300w, http:\/\/www.lecarrefourdesopinions.ca\/wp-content\/uploads\/2011\/04\/pub-livre-Catherine1-400x398.jpg 400w\" sizes=\"auto, (max-width: 602px) 100vw, 602px\" \/><br \/><\/span><\/strong><\/p>\n<p><strong><span style=\"color: #0000ff;\"> <\/span><\/strong><\/p>\n<script type=\"text\/javascript\">\n\nvar addthis_config = {\"data_track_clickback\":false,\"data_track_addressbar\":false,\"data_track_textcopy\":false};\n<\/script><script type=\"text\/javascript\" src=\"\/\/s7.addthis.com\/js\/250\/addthis_widget.js#pubid=a457a6d63fb9e6ccabdde4110343bd85\"><\/script>","protected":false},"excerpt":{"rendered":"<p><span style=\"color: #3366ff;\">IMPORTANT<\/span> <\/p>\n<p>&nbsp;<\/p>\n<p><span style=\"color: #008000;\">20e anniversaire<\/span><\/p>\n<p><span style=\"color: #008000;\"> <\/span><\/p>\n<p><span style=\"color: #008000;\"> <\/span><\/p>\n<p><span style=\"color: #008000;\">Fondation Autisme Montr\u00e9al<\/span><\/p>\n<p><span style=\"color: #008000;\">8<sup>e <\/sup>Gala-b\u00e9n\u00e9fice<\/span><\/p>\n<p><span style=\"color: #008000;\">20<sup>e<\/sup> anniversaire<\/span><\/p>\n<p><span style=\"color: #008000;\">Au Montr\u00e9al Marriott Ch\u00e2teau Champlain<\/span><\/p>\n<p><span style=\"color: #008000;\">Le mercredi 13 avril 2011<\/span><\/p>\n<p>&nbsp;<\/p>\n<p><span style=\"text-decoration: underline;\">Saviez-vous que<\/span> :<\/p>\n<p>&nbsp;<\/p>\n<p><span style=\"color: #0000ff;\">Votre possibilit\u00e9 de gagner le gros lot au Loto <\/span>&hellip;<\/p>\n","protected":false},"author":1,"featured_media":0,"comment_status":"open","ping_status":"open","sticky":false,"template":"","format":"standard","meta":{"footnotes":""},"categories":[1],"tags":[],"class_list":["post-5323","post","type-post","status-publish","format-standard","hentry","category-accueil"],"_links":{"self":[{"href":"http:\/\/www.lecarrefourdesopinions.ca\/index.php?rest_route=\/wp\/v2\/posts\/5323","targetHints":{"allow":["GET"]}}],"collection":[{"href":"http:\/\/www.lecarrefourdesopinions.ca\/index.php?rest_route=\/wp\/v2\/posts"}],"about":[{"href":"http:\/\/www.lecarrefourdesopinions.ca\/index.php?rest_route=\/wp\/v2\/types\/post"}],"author":[{"embeddable":true,"href":"http:\/\/www.lecarrefourdesopinions.ca\/index.php?rest_route=\/wp\/v2\/users\/1"}],"replies":[{"embeddable":true,"href":"http:\/\/www.lecarrefourdesopinions.ca\/index.php?rest_route=%2Fwp%2Fv2%2Fcomments&post=5323"}],"version-history":[{"count":3,"href":"http:\/\/www.lecarrefourdesopinions.ca\/index.php?rest_route=\/wp\/v2\/posts\/5323\/revisions"}],"predecessor-version":[{"id":5329,"href":"http:\/\/www.lecarrefourdesopinions.ca\/index.php?rest_route=\/wp\/v2\/posts\/5323\/revisions\/5329"}],"wp:attachment":[{"href":"http:\/\/www.lecarrefourdesopinions.ca\/index.php?rest_route=%2Fwp%2Fv2%2Fmedia&parent=5323"}],"wp:term":[{"taxonomy":"category","embeddable":true,"href":"http:\/\/www.lecarrefourdesopinions.ca\/index.php?rest_route=%2Fwp%2Fv2%2Fcategories&post=5323"},{"taxonomy":"post_tag","embeddable":true,"href":"http:\/\/www.lecarrefourdesopinions.ca\/index.php?rest_route=%2Fwp%2Fv2%2Ftags&post=5323"}],"curies":[{"name":"wp","href":"https:\/\/api.w.org\/{rel}","templated":true}]}}