{"id":5239,"date":"2011-04-06T08:36:42","date_gmt":"2011-04-06T12:36:42","guid":{"rendered":"http:\/\/www.lecarrefourdesopinions.ca\/?p=5239"},"modified":"2011-04-06T08:36:42","modified_gmt":"2011-04-06T12:36:42","slug":"lancement-du-livre-%c2%ab-accompagner-un-enfant-autiste-%c2%bb","status":"publish","type":"post","link":"http:\/\/www.lecarrefourdesopinions.ca\/?p=5239","title":{"rendered":"Lancement du livre: \u00ab Accompagner un enfant autiste&#8230;\u00bb"},"content":{"rendered":"<p>&nbsp;<\/p>\n<h3>Lancement du livre \u00ab <em>Accompagner un enfant autiste &#8211; Guide pour les parents et les intervenants\u00bb<\/em><\/h3>\n<p>&nbsp;<\/p>\n<p><img loading=\"lazy\" decoding=\"async\" class=\"alignleft size-thumbnail wp-image-5246\" title=\"Nadine\" src=\"http:\/\/www.lecarrefourdesopinions.ca\/wp-content\/uploads\/2011\/04\/Nadine-124x107.jpg\" alt=\"\" width=\"124\" height=\"107\" \/><\/p>\n<p>&nbsp;<\/p>\n<p>&nbsp;<\/p>\n<p>&nbsp;<\/p>\n<p>&nbsp;<\/p>\n<p>Nadine Arslanian<\/p>\n<p>&nbsp;<\/p>\n<p><span style=\"color: #ffffff;\">.<\/span><\/p>\n<p>&nbsp;<\/p>\n<p><span style=\"color: #ffffff;\"><br \/><\/span><\/p>\n<p style=\"text-align: justify;\">Le 2 avril dernier avait lieu, \u00e0 Montr\u00e9al, dans les locaux de l\u2019UQAM ,\u00a0 le lancement du livre \u00ab<em>Accompagner un enfant autiste- Guide pour les parents et les intervenants<\/em>\u00bb \u00e9dit\u00e9 par Les Presses de l\u2019Universit\u00e9 Laval. La date avait \u00e9t\u00e9 choisie avec soin pour co\u00efncider avec celle de la Journ\u00e9e Internationale de l\u2019autisme.<\/p>\n<p style=\"text-align: justify;\"><img loading=\"lazy\" decoding=\"async\" class=\"alignleft size-medium wp-image-5257\" title=\"Catherine et Ma\u00eblle\" src=\"http:\/\/www.lecarrefourdesopinions.ca\/wp-content\/uploads\/2011\/04\/Catherine-et-Ma\u00eblle2-210x300.jpg\" alt=\"\" width=\"210\" height=\"300\" srcset=\"http:\/\/www.lecarrefourdesopinions.ca\/wp-content\/uploads\/2011\/04\/Catherine-et-Ma\u00eblle2-210x300.jpg 210w, http:\/\/www.lecarrefourdesopinions.ca\/wp-content\/uploads\/2011\/04\/Catherine-et-Ma\u00eblle2.jpg 315w\" sizes=\"auto, (max-width: 210px) 100vw, 210px\" \/>Les personnes pr\u00e9sentes \u00e9taient heureuses de rencontrer les deux auteures, Catherine Kozminski, m\u00e8re de la petite Ma\u00eblle, et Nathalie Poirier, psychologue sp\u00e9cialis\u00e9e en autisme et en ont profit\u00e9 pour\u00a0 se faire d\u00e9dicacer leur ouvrage. Celui-ci fait suite au livre des m\u00eames auteures, \u00ab<em>L\u2019autisme, un jour \u00e0 la fois\u00bb.<\/em><\/p>\n<p style=\"text-align: justify;\">La soir\u00e9e \u00e9tait agr\u00e9ment\u00e9e d\u2019un excellent buffet vin et fromage.<\/p>\n<p style=\"text-align: justify;\">Ce qui, \u00e0 mon avis, donnait \u00e0 cette rencontre une touche tr\u00e8s particuli\u00e8re, \u00e9tait la pr\u00e9sence de jeunes enfants qui couraient avec joie entre les invit\u00e9s, sans d\u00e9ranger personne, bien au contraire.\u00a0Parmi eux, Ma\u00eblle <img loading=\"lazy\" decoding=\"async\" class=\"alignright size-medium wp-image-5272\" title=\"Ma\u00eblle\" src=\"http:\/\/www.lecarrefourdesopinions.ca\/wp-content\/uploads\/2011\/04\/Ma\u00eblle3-250x300.jpg\" alt=\"\" width=\"250\" height=\"300\" srcset=\"http:\/\/www.lecarrefourdesopinions.ca\/wp-content\/uploads\/2011\/04\/Ma\u00eblle3-250x300.jpg 250w, http:\/\/www.lecarrefourdesopinions.ca\/wp-content\/uploads\/2011\/04\/Ma\u00eblle3.jpg 270w\" sizes=\"auto, (max-width: 250px) 100vw, 250px\" \/>s\u2019int\u00e9ressait \u00e0 l\u2019\u00e9v\u00e9nement et aux personnes d\u2019un air calme et r\u00e9fl\u00e9chi, allant chercher sa chienne, Labelle, \u00e0 l\u2019invitation de sa maman Catherine pour l\u2019amener au podium et la\u00a0 pr\u00e9senter \u00e0 l\u2019assembl\u00e9e.<\/p>\n<p style=\"text-align: justify;\">Le but de ce livre est, comme son titre l\u2019indique, de nous aider \u00e0 accompagner l\u2019enfant autiste pour qu\u2019il puisse r\u00e9ussir et progresser dans son quotidien. Sous la forme d\u2019un \u00e9change entre la m\u00e8re et la psychologue, il nous est donn\u00e9 de fa\u00e7on claire et pratique des suggestions d\u2019intervention comportementale dans les diff\u00e9rentes sph\u00e8res de la vie de tous les jours comme l\u2019alimentation, le sommeil, l\u2019apprentissage de la propret\u00e9, les habilet\u00e9s sociales, l\u2019anxi\u00e9t\u00e9.<\/p>\n<p style=\"text-align: justify;\">La patience, la d\u00e9termination, le courage mais surtout un amour inconditionnel permettent aux parents de r\u00e9ussir, du mieux possible, cet accompagnement, aid\u00e9 en cela par des intervenants souvent tr\u00e8s d\u00e9vou\u00e9s et comp\u00e9tents, pour que leur enfant puisse grandir et s\u2019\u00e9panouir, \u00e9tapes par \u00e9tapes, r\u00e9compensant ainsi, souvent sans le savoir, les efforts de ceux qui les aiment <span style=\"color: #ffffff;\"> <\/span>et les entourent.<span style=\"color: #ffffff;\"><img loading=\"lazy\" decoding=\"async\" class=\"alignright size-full wp-image-5265\" title=\"fondation ste justine\" src=\"http:\/\/www.lecarrefourdesopinions.ca\/wp-content\/uploads\/2011\/04\/fondation-ste-justine2.jpg\" alt=\"\" width=\"139\" height=\"188\" \/><\/span><\/p>\n<p><span style=\"color: #ffffff;\">.<\/span><\/p>\n<p>&nbsp;<\/p>\n<p><span style=\"color: #ffffff;\"><br \/><\/span><\/p>\n<p style=\"text-align: justify;\">On nous a annonc\u00e9 que le cachet des auteures sera remis au <strong>Fonds Ma\u00eblle Adenot du CHU Sainte-Justine<\/strong> pour les maladies rares et les troubles neurologiques tels que l\u2019autisme.<span style=\"color: #ffffff;\"> <\/span><\/p>\n<p><span style=\"color: #ffffff;\">.<\/span><span style=\"color: #ffffff;\"> <\/span><span style=\"color: #ffffff;\"> <\/span><\/p>\n<p><span style=\"color: #ffffff;\"> <\/span><a href=\"http:\/\/activites.fondation-sainte-justine.org\/fr\/groupes\/v\/3766e9221c\">http:\/\/activites.fondation-sainte-justine.org\/fr\/groupes\/v\/3766e9221c<\/a><\/p>\n<p>&nbsp;<\/p>\n<p>&nbsp;<\/p>\n<p>&nbsp;<\/p>\n<p>&nbsp;<\/p>\n<p><strong><\/p>\n<div id=\"attachment_5287\" style=\"width: 310px\" class=\"wp-caption alignleft\"><strong><img loading=\"lazy\" decoding=\"async\" aria-describedby=\"caption-attachment-5287\" class=\"size-medium wp-image-5287\" title=\"Nathalie Poirier et Catherine Kozminski\" src=\"http:\/\/www.lecarrefourdesopinions.ca\/wp-content\/uploads\/2011\/04\/Nathalie-Poirier-et-Catherine-Kozminski1-300x225.jpg\" alt=\"\" width=\"300\" height=\"225\" srcset=\"http:\/\/www.lecarrefourdesopinions.ca\/wp-content\/uploads\/2011\/04\/Nathalie-Poirier-et-Catherine-Kozminski1-300x225.jpg 300w, http:\/\/www.lecarrefourdesopinions.ca\/wp-content\/uploads\/2011\/04\/Nathalie-Poirier-et-Catherine-Kozminski1-400x300.jpg 400w, http:\/\/www.lecarrefourdesopinions.ca\/wp-content\/uploads\/2011\/04\/Nathalie-Poirier-et-Catherine-Kozminski1.jpg 404w\" sizes=\"auto, (max-width: 300px) 100vw, 300px\" \/><\/strong><p id=\"caption-attachment-5287\" class=\"wp-caption-text\">Nathalie Poirier et Catherine Kozminski, les coauteures du livre<\/p><\/div>\n<p><\/strong><\/p>\n<p><strong>Nathalie Poirier, Ph.D, <\/strong>est psychologue et se sp\u00e9cialise aupr\u00e8s des enfants atteints d\u2019autisme. Codirectrice de la Clinique d\u2019approche b\u00e9haviorale en autisme (CABA), elle est aussi professeureau D\u00e9partement de psychologie de l\u2019Universit\u00e9 du Qu\u00e9bec \u00e0 Montr\u00e9al.<\/p>\n<p><strong>Catherine Kozminski <\/strong>est la m\u00e8re de trois jeunes enfants dont l\u2019a\u00een\u00e9e, Ma\u00eblle, pr\u00e9sente un trouble envahissant du d\u00e9veloppement. Elle est titulaire d\u2019une ma\u00eetrise en \u00e9tudes fran\u00e7aises et enseigne au campus Saint-Lambert du Champlain Regional College.<\/p>\n<p>&nbsp;<\/p>\n<p>&nbsp;<\/p>\n<p>&nbsp;<\/p>\n<p>&nbsp;<\/p>\n<p>=========================================================================<\/p>\n<script type=\"text\/javascript\">\n\nvar addthis_config = {\"data_track_clickback\":false,\"data_track_addressbar\":false,\"data_track_textcopy\":false};\n<\/script><script type=\"text\/javascript\" src=\"\/\/s7.addthis.com\/js\/250\/addthis_widget.js#pubid=a457a6d63fb9e6ccabdde4110343bd85\"><\/script>","protected":false},"excerpt":{"rendered":"<p>&nbsp;<\/p>\n<p>Lancement du livre \u00ab Accompagner un enfant autiste &#8211; Guide pour les parents et les intervenants\u00bb<\/p>\n<p>&nbsp;<\/p>\n<\/p>\n<p>&nbsp;<\/p>\n<p>&nbsp;<\/p>\n<p>&nbsp;<\/p>\n<p>&nbsp;<\/p>\n<p>Nadine Arslanian<\/p>\n<p>&nbsp;<\/p>\n<p><span style=\"color: #ffffff;\">.<\/span><\/p>\n<p>&nbsp;<\/p>\n<p><span style=\"color: #ffffff;\"><\/span><\/p>\n<p style=\"text-align: justify;\">Le 2 avril dernier avait lieu, \u00e0 Montr\u00e9al, dans les &hellip;<\/p>\n","protected":false},"author":1,"featured_media":0,"comment_status":"open","ping_status":"open","sticky":false,"template":"","format":"standard","meta":{"footnotes":""},"categories":[1],"tags":[],"class_list":["post-5239","post","type-post","status-publish","format-standard","hentry","category-accueil"],"_links":{"self":[{"href":"http:\/\/www.lecarrefourdesopinions.ca\/index.php?rest_route=\/wp\/v2\/posts\/5239","targetHints":{"allow":["GET"]}}],"collection":[{"href":"http:\/\/www.lecarrefourdesopinions.ca\/index.php?rest_route=\/wp\/v2\/posts"}],"about":[{"href":"http:\/\/www.lecarrefourdesopinions.ca\/index.php?rest_route=\/wp\/v2\/types\/post"}],"author":[{"embeddable":true,"href":"http:\/\/www.lecarrefourdesopinions.ca\/index.php?rest_route=\/wp\/v2\/users\/1"}],"replies":[{"embeddable":true,"href":"http:\/\/www.lecarrefourdesopinions.ca\/index.php?rest_route=%2Fwp%2Fv2%2Fcomments&post=5239"}],"version-history":[{"count":5,"href":"http:\/\/www.lecarrefourdesopinions.ca\/index.php?rest_route=\/wp\/v2\/posts\/5239\/revisions"}],"predecessor-version":[{"id":5306,"href":"http:\/\/www.lecarrefourdesopinions.ca\/index.php?rest_route=\/wp\/v2\/posts\/5239\/revisions\/5306"}],"wp:attachment":[{"href":"http:\/\/www.lecarrefourdesopinions.ca\/index.php?rest_route=%2Fwp%2Fv2%2Fmedia&parent=5239"}],"wp:term":[{"taxonomy":"category","embeddable":true,"href":"http:\/\/www.lecarrefourdesopinions.ca\/index.php?rest_route=%2Fwp%2Fv2%2Fcategories&post=5239"},{"taxonomy":"post_tag","embeddable":true,"href":"http:\/\/www.lecarrefourdesopinions.ca\/index.php?rest_route=%2Fwp%2Fv2%2Ftags&post=5239"}],"curies":[{"name":"wp","href":"https:\/\/api.w.org\/{rel}","templated":true}]}}