{"id":5233,"date":"2011-04-06T08:34:44","date_gmt":"2011-04-06T12:34:44","guid":{"rendered":"http:\/\/www.lecarrefourdesopinions.ca\/?p=5233"},"modified":"2011-04-06T08:34:44","modified_gmt":"2011-04-06T12:34:44","slug":"communique-de-presse-2","status":"publish","type":"post","link":"http:\/\/www.lecarrefourdesopinions.ca\/?p=5233","title":{"rendered":"Communiqu\u00e9 de presse"},"content":{"rendered":"<p>Communiqu\u00e9 de presse<\/p>\n<p><span style=\"color: #0000ff;\"><strong><img loading=\"lazy\" decoding=\"async\" class=\"alignleft size-full wp-image-5236\" title=\"Logoquebec\" src=\"http:\/\/www.lecarrefourdesopinions.ca\/wp-content\/uploads\/2011\/04\/Logoquebec.jpg\" alt=\"\" width=\"211\" height=\"100\" \/>Gouvernement du Qu\u00e9bec<\/strong><\/span><\/p>\n<p><span style=\"color: #0000ff;\"><strong>La ministre de l\u2019Immigration<\/strong><\/span><\/p>\n<p><span style=\"color: #0000ff;\"><strong>et des Communaut\u00e9s culturelles<\/strong><\/span><\/p>\n<p>POUR DIFFUSION IMM\u00c9DIATE<\/p>\n<p><strong>Code CNW 01<\/strong><\/p>\n<p><span style=\"color: #ff0000;\"><em>Modifications r\u00e8glementaires<\/em><\/span><\/p>\n<p style=\"text-align: justify;\"><strong>Des nouvelles r\u00e8gles entrent en vigueur pour simplifier le recrutement<\/strong><\/p>\n<p style=\"text-align: justify;\"><strong>des travailleurs \u00e9trangers temporaires et mieux les prot\u00e9ger<\/strong><\/p>\n<p style=\"text-align: justify;\"><strong>Montr\u00e9al, le 31 mars 2011 <\/strong>\u2013 La ministre de l\u2019Immigration et des Communaut\u00e9s<\/p>\n<p style=\"text-align: justify;\">culturelles, Mme Kathleen Weil, annonce que le 1er avril 2011 entreront en vigueur les<\/p>\n<p style=\"text-align: justify;\">modifications au R\u00e8glement sur la s\u00e9lection des ressortissants \u00e9trangers (RSRE)<\/p>\n<p style=\"text-align: justify;\">permettant ainsi de simplifier le recrutement des travailleurs \u00e9trangers temporaires dont le Qu\u00e9bec a besoin et de mieux prot\u00e9ger leurs droits.<\/p>\n<p style=\"text-align: justify;\">\u00ab La croissance et le dynamisme \u00e9conomique du Qu\u00e9bec exigent que l\u2019on puisse<\/p>\n<p style=\"text-align: justify;\">permettre \u00e0 nos entreprises de r\u00e9pondre rapidement \u00e0 leurs besoins de maind\u2019oeuvre. Dans ce contexte, il importe qu\u2019elles puissent combler des besoins qui ne peuvent \u00eatre combl\u00e9s localement. Avec l\u2019entr\u00e9e en vigueur des nouvelles r\u00e8gles sur les travailleurs \u00e9trangers temporaires, nous r\u00e9pondons aux demandes formul\u00e9es par les employeurs qu\u00e9b\u00e9cois en all\u00e9geant le processus de<\/p>\n<p style=\"text-align: justify;\">recrutement et d\u2019embauche des travailleurs temporaires. De plus, dans un souci<\/p>\n<p style=\"text-align: justify;\">de mieux prot\u00e9ger ces travailleurs, nous nous sommes dot\u00e9s de moyens<\/p>\n<p style=\"text-align: justify;\">suppl\u00e9mentaires pour nous assurer qu\u2019ils b\u00e9n\u00e9ficient des meilleurs conditions de<\/p>\n<p style=\"text-align: justify;\">travail possible \u00bb, a d\u00e9clar\u00e9 la ministre Kathleen Weil.<\/p>\n<p style=\"text-align: justify;\"><strong>Simplifier le recrutement des travailleurs \u00e9trangers temporaires<\/strong><\/p>\n<p style=\"text-align: justify;\">Le march\u00e9 du travail conna\u00eet une raret\u00e9 de main-d\u2019oeuvre dans plusieurs domaines. D\u2019ici<\/p>\n<p style=\"text-align: justify;\">2014, Emploi-Qu\u00e9bec pr\u00e9voit que 740 000 emplois devront \u00eatre pourvus. Dans ce<\/p>\n<p style=\"text-align: justify;\">contexte, les modifications apport\u00e9es au R\u00e8glement permettront aux entreprises<\/p>\n<p style=\"text-align: justify;\">qu\u00e9b\u00e9coises d\u2019obtenir plus rapidement la main-d\u2019oeuvre temporaire dont elles ont besoin.<\/p>\n<p style=\"text-align: justify;\">Ainsi :<\/p>\n<ul style=\"text-align: justify;\">\n<li>\u00b7 l\u2019examen des offres d\u2019emplois est simplifi\u00e9 par l\u2019all\u00e8gement ou le retrait de certains<\/li>\n<\/ul>\n<p style=\"text-align: justify;\">crit\u00e8res;<\/p>\n<ul style=\"text-align: justify;\">\n<li>\u00b7 les travailleurs \u00e9trangers temporaires n\u2019ont plus \u00e0 demander un Certificat<\/li>\n<\/ul>\n<p style=\"text-align: justify;\">d\u2019acception du Qu\u00e9bec (CAQ) pour les offres d\u2019emploi de moins de 30 jours.<\/p>\n<p style=\"text-align: justify;\"><strong>Prot\u00e9ger les droits des travailleurs \u00e9trangers temporaires<\/strong><\/p>\n<p style=\"text-align: justify;\">Afin d\u2019assurer une meilleure protection des travailleurs \u00e9trangers temporaires, notammentles travailleurs peu sp\u00e9cialis\u00e9s, les modifications apport\u00e9es au R\u00e8glement permettront au minist\u00e8re de l\u2019Immigration et des Communaut\u00e9s culturelles :<\/p>\n<ul style=\"text-align: justify;\">\n<li>\u00b7 de refuser une offre d\u2019emploi d\u00e9pos\u00e9e par un employeur qui n\u2019a pas respect\u00e9 les<\/li>\n<\/ul>\n<p style=\"text-align: justify;\">conditions pr\u00e9alablement offertes \u00e0 un travailleur \u00e9tranger temporaire;<\/p>\n<ul style=\"text-align: justify;\">\n<li>\u00b7 de refuser une offre d\u2019emploi d\u00e9pos\u00e9e par un employeur qui, au cours des deux<\/li>\n<\/ul>\n<p style=\"text-align: justify;\">ann\u00e9es pr\u00e9c\u00e9dant la pr\u00e9sentation de cette offre, a \u00e9t\u00e9 d\u00e9clar\u00e9 coupable d\u2019une<\/p>\n<p style=\"text-align: justify;\">infraction aux lois du travail;<\/p>\n<ul style=\"text-align: justify;\">\n<li>\u00b7 d\u2019exiger que les offres d\u2019emploi pour plus de 30 jours faites \u00e0 un travailleur peu<\/li>\n<\/ul>\n<p style=\"text-align: justify;\">sp\u00e9cialis\u00e9 soient assorties d\u2019un contrat de travail qui pr\u00e9cisera les conditions<\/p>\n<p style=\"text-align: justify;\">offertes.<\/p>\n<p style=\"text-align: justify;\">Soulignons que les modifications apport\u00e9es au RSRE r\u00e9pondent \u00e0 plusieurs<\/p>\n<p style=\"text-align: justify;\">recommandations formul\u00e9es \u00e0 la suite des consultations men\u00e9es aupr\u00e8s de la<\/p>\n<p style=\"text-align: justify;\">Commission des partenaires du march\u00e9 du travail, du Conseil du patronat du Qu\u00e9bec, de<\/p>\n<p style=\"text-align: justify;\">la F\u00e9d\u00e9ration des chambres de commerce du Qu\u00e9bec, de Montr\u00e9al International, de<\/p>\n<p style=\"text-align: justify;\">divers comit\u00e9s sectoriels de main-d\u2019oeuvre, de la Table de concertation des organismes<\/p>\n<p style=\"text-align: justify;\">au service des personnes r\u00e9fugi\u00e9es et immigrantes ainsi que des groupes d\u2019appui aux<\/p>\n<p style=\"text-align: justify;\">travailleurs agricoles et aux aides familiales.<\/p>\n<p style=\"text-align: justify;\">\n<p style=\"text-align: justify;\"><span style=\"color: #800000;\"><strong>Source : <\/strong>Renaud Dugas<\/span><\/p>\n<p style=\"text-align: justify;\"><span style=\"color: #800000;\">Attach\u00e9 de presse<\/span><\/p>\n<p style=\"text-align: justify;\"><span style=\"color: #800000;\">Cabinet de la ministre de l\u2019Immigration et<\/span><\/p>\n<p style=\"text-align: justify;\"><span style=\"color: #800000;\">des Communaut\u00e9s culturelles<\/span><\/p>\n<p style=\"text-align: justify;\"><span style=\"color: #800000;\">514 873-9940<\/span><\/p>\n<p style=\"text-align: justify;\"><span style=\"color: #800000;\"><strong>Renseignements<\/strong><\/span><\/p>\n<p style=\"text-align: justify;\"><span style=\"color: #800000;\"><strong>pour les m\u00e9dias : <\/strong>Anne-Fr\u00e9d\u00e9rick Laurence<\/span><\/p>\n<p style=\"text-align: justify;\"><span style=\"color: #800000;\">Relations m\u00e9dias<\/span><\/p>\n<p style=\"text-align: justify;\"><span style=\"color: #800000;\">Minist\u00e8re de l\u2019Immigration et des Communaut\u00e9s culturelles<\/span><\/p>\n<p style=\"text-align: justify;\"><span style=\"color: #800000;\">514 940-1630<\/span><\/p>\n<script type=\"text\/javascript\">\n\nvar addthis_config = {\"data_track_clickback\":false,\"data_track_addressbar\":false,\"data_track_textcopy\":false};\n<\/script><script type=\"text\/javascript\" src=\"\/\/s7.addthis.com\/js\/250\/addthis_widget.js#pubid=a457a6d63fb9e6ccabdde4110343bd85\"><\/script>","protected":false},"excerpt":{"rendered":"<p>Communiqu\u00e9 de presse<\/p>\n<p><span style=\"color: #0000ff;\">Gouvernement du Qu\u00e9bec<\/span><\/p>\n<p><span style=\"color: #0000ff;\">La ministre de l\u2019Immigration<\/span><\/p>\n<p><span style=\"color: #0000ff;\">et des Communaut\u00e9s culturelles<\/span><\/p>\n<p>POUR DIFFUSION IMM\u00c9DIATE<\/p>\n<p>Code CNW 01<\/p>\n<p><span style=\"color: #ff0000;\">Modifications r\u00e8glementaires<\/span><\/p>\n<p style=\"text-align: justify;\">Des nouvelles r\u00e8gles entrent en vigueur pour simplifier le recrutement<\/p>\n<p style=\"text-align: justify;\">des travailleurs \u00e9trangers temporaires et &hellip;<\/p>\n","protected":false},"author":1,"featured_media":0,"comment_status":"open","ping_status":"open","sticky":false,"template":"","format":"standard","meta":{"footnotes":""},"categories":[1],"tags":[],"class_list":["post-5233","post","type-post","status-publish","format-standard","hentry","category-accueil"],"_links":{"self":[{"href":"http:\/\/www.lecarrefourdesopinions.ca\/index.php?rest_route=\/wp\/v2\/posts\/5233","targetHints":{"allow":["GET"]}}],"collection":[{"href":"http:\/\/www.lecarrefourdesopinions.ca\/index.php?rest_route=\/wp\/v2\/posts"}],"about":[{"href":"http:\/\/www.lecarrefourdesopinions.ca\/index.php?rest_route=\/wp\/v2\/types\/post"}],"author":[{"embeddable":true,"href":"http:\/\/www.lecarrefourdesopinions.ca\/index.php?rest_route=\/wp\/v2\/users\/1"}],"replies":[{"embeddable":true,"href":"http:\/\/www.lecarrefourdesopinions.ca\/index.php?rest_route=%2Fwp%2Fv2%2Fcomments&post=5233"}],"version-history":[{"count":4,"href":"http:\/\/www.lecarrefourdesopinions.ca\/index.php?rest_route=\/wp\/v2\/posts\/5233\/revisions"}],"predecessor-version":[{"id":5301,"href":"http:\/\/www.lecarrefourdesopinions.ca\/index.php?rest_route=\/wp\/v2\/posts\/5233\/revisions\/5301"}],"wp:attachment":[{"href":"http:\/\/www.lecarrefourdesopinions.ca\/index.php?rest_route=%2Fwp%2Fv2%2Fmedia&parent=5233"}],"wp:term":[{"taxonomy":"category","embeddable":true,"href":"http:\/\/www.lecarrefourdesopinions.ca\/index.php?rest_route=%2Fwp%2Fv2%2Fcategories&post=5233"},{"taxonomy":"post_tag","embeddable":true,"href":"http:\/\/www.lecarrefourdesopinions.ca\/index.php?rest_route=%2Fwp%2Fv2%2Ftags&post=5233"}],"curies":[{"name":"wp","href":"https:\/\/api.w.org\/{rel}","templated":true}]}}