{"id":5210,"date":"2011-04-13T07:49:26","date_gmt":"2011-04-13T11:49:26","guid":{"rendered":"http:\/\/www.lecarrefourdesopinions.ca\/?p=5210"},"modified":"2011-04-13T07:49:26","modified_gmt":"2011-04-13T11:49:26","slug":"autisme-6-ans-sur-une-liste-d%e2%80%99attente","status":"publish","type":"post","link":"http:\/\/www.lecarrefourdesopinions.ca\/?p=5210","title":{"rendered":"Autisme : 6 ans sur une liste d\u2019attente"},"content":{"rendered":"<p><span style=\"text-decoration: underline;\">Autisme\u00a0: 6 ans sur une liste d\u2019attente<\/span><\/p>\n<p><span style=\"color: #800000;\"><em><img loading=\"lazy\" decoding=\"async\" class=\"alignleft size-thumbnail wp-image-5211\" title=\"Catherine\" src=\"http:\/\/www.lecarrefourdesopinions.ca\/wp-content\/uploads\/2011\/04\/Catherine-134x107.jpg\" alt=\"\" width=\"134\" height=\"107\" \/> Par Catherine Kozminski<\/em> <em>et\u00a0 Nathalie Poirier<img loading=\"lazy\" decoding=\"async\" class=\"alignright size-thumbnail wp-image-5218\" title=\"Photo Nathalie Poirier 2\" src=\"http:\/\/www.lecarrefourdesopinions.ca\/wp-content\/uploads\/2011\/04\/Photo-Nathalie-Poirier-2-134x107.jpg\" alt=\"\" width=\"134\" height=\"107\" \/><\/em><\/span><\/p>\n<p style=\"text-align: justify;\">Il y a plus de cinq ans, nous apprenions que notre fille de trois ans pr\u00e9sentait un trouble envahissant du d\u00e9veloppement apparent\u00e9 \u00e0 l\u2019autisme. \u00a0Nous avions toujours su que notre enfant se d\u00e9marquait des autres par son \u00e9trange comportement, mais composer au quotidien avec sa diff\u00e9rence \u00e9tait devenu une seconde nature pour notre famille. Avant d\u2019obtenir un tel diagnostic, il a fallu relever le d\u00e9fi de la \u00ab\u00a0course aux sp\u00e9cialistes\u00a0\u00bb, car aucune prise en charge gouvernementale n\u2019est possible tant qu\u2019un diagnostic n\u2019a pas \u00e9t\u00e9 \u00e9mis. Le hic, c\u2019est que l\u2019on doit attendre parfois jusqu\u2019\u00e0 deux ans avant de mettre la main sur un tel rapport en vue de pouvoir s\u2019inscrire \u00ab\u00a0de toute urgence\u00a0\u00bb sur une autre liste d\u2019attente au CRDITED<a href=\"#_ftn1\">[1]<\/a> de notre r\u00e9gion. Apr\u00e8s quatre ann\u00e9es d\u2019une attente interminable (soit six au total) o\u00f9 nous sommes pass\u00e9s par toute une gamme d\u2019\u00e9motions allant de l\u2019espoir au sentiment d\u2019abandon, nous avons re\u00e7u l\u2019appel d\u2019une \u00e9ducatrice sp\u00e9cialis\u00e9e du r\u00e9seau public qui allait \u00ab\u00a0prendre en charge\u00a0\u00bb notre enfant une heure par semaine. C\u2019est mieux que rien, nous direz-vous\u00a0! De toute fa\u00e7on, pendant ces ann\u00e9es, nous sommes pass\u00e9s de parents \u00e0 intervenants de notre enfant en devenant \u00e0 la fois ergoth\u00e9rapeutes, orthophonistes, \u00e9ducateurs sp\u00e9cialis\u00e9s et psychologues en gestion de crise, entre autres.\u00a0 Quand on sait que l\u2019autisme n\u2019est pas une maladie, mais un trouble neurobiologique permanent qui se ne gu\u00e9rit pas (\u00e0 moins d\u2019un diagnostic erron\u00e9) et que les ressources manquent cruellement au sein des familles aux prises avec une telle situation, comment se fait-il que les m\u00e9dias s\u2019attardent \u00e0 des d\u00e9bats sans issues entre diff\u00e9rentes \u00e9coles de pens\u00e9e au sujet de l\u2019autisme\u00a0? Pourquoi ne pas plut\u00f4t miser sur une aide concr\u00e8te au sein des <img loading=\"lazy\" decoding=\"async\" class=\"alignleft size-medium wp-image-5221\" title=\"fleure 15\" src=\"http:\/\/www.lecarrefourdesopinions.ca\/wp-content\/uploads\/2011\/04\/fleure-15-300x201.jpg\" alt=\"\" width=\"300\" height=\"201\" srcset=\"http:\/\/www.lecarrefourdesopinions.ca\/wp-content\/uploads\/2011\/04\/fleure-15-300x201.jpg 300w, http:\/\/www.lecarrefourdesopinions.ca\/wp-content\/uploads\/2011\/04\/fleure-15-400x268.jpg 400w, http:\/\/www.lecarrefourdesopinions.ca\/wp-content\/uploads\/2011\/04\/fleure-15.jpg 682w\" sizes=\"auto, (max-width: 300px) 100vw, 300px\" \/>familles en d\u00e9tresse et aider davantage les parents\u00a0? En outre, les professionnels insistent sur le fait que le cerveau est mall\u00e9able avant l\u2019\u00e2ge de cinq ans et qu\u2019apr\u00e8s, il serait plus difficile de d\u00e9velopper les comp\u00e9tences de l\u2019enfant. Bref, le meilleur sp\u00e9cialiste de l\u2019enfant est avant tout le parent et il faut souvent proc\u00e9der par essais et erreurs avant de trouver la ou les bonnes approches \u00e0 adopter afin d\u2019aider l\u2019enfant autiste au quotidien. Malheureusement, force est de constater que m\u00eame apr\u00e8s cinq ans, on tourne toujours autour du pot, malgr\u00e9 le pourcentage alarmant du nombre de cas d\u2019autisme qui ne fait qu\u2019augmenter.<\/p>\n<p style=\"text-align: justify;\"><span style=\"color: #800000;\">Catherine Kozminski, m\u00e8re d\u2019une enfant autiste<\/span><\/p>\n<p style=\"text-align: justify;\"><span style=\"color: #800000;\">Nathalie Poirier, psychologue sp\u00e9cialis\u00e9e en autisme et professeure \u00e0 l\u2019UQ\u00c0M<\/span><\/p>\n<p style=\"text-align: justify;\"><span style=\"color: #800000;\">Auteures de <em>L\u2019autisme, un jour \u00e0 la fois<\/em>, PUL, 2008, 196 p. et <em>Accompagner un enfant autiste<\/em>, PUL, 2011, 210 p.<\/span><\/p>\n<hr style=\"text-align: justify;\" size=\"1\" \/>\n<p style=\"text-align: justify;\"><span style=\"color: #800000;\"><a href=\"#_ftnref1\">[1]<\/a> Centre de r\u00e9adaptation en d\u00e9ficience intellectuelle et trouble envahissant du d\u00e9veloppement<\/span><\/p>\n<p style=\"text-align: justify;\"><span style=\"color: #800000;\"><img loading=\"lazy\" decoding=\"async\" class=\"alignleft size-large wp-image-5216\" title=\"pub Jean Paul 3\" src=\"http:\/\/www.lecarrefourdesopinions.ca\/wp-content\/uploads\/2011\/04\/pub-Jean-Paul-3-1024x666.jpg\" alt=\"\" width=\"450\" height=\"292\" srcset=\"http:\/\/www.lecarrefourdesopinions.ca\/wp-content\/uploads\/2011\/04\/pub-Jean-Paul-3-1024x666.jpg 1024w, http:\/\/www.lecarrefourdesopinions.ca\/wp-content\/uploads\/2011\/04\/pub-Jean-Paul-3-300x195.jpg 300w, http:\/\/www.lecarrefourdesopinions.ca\/wp-content\/uploads\/2011\/04\/pub-Jean-Paul-3-400x260.jpg 400w, http:\/\/www.lecarrefourdesopinions.ca\/wp-content\/uploads\/2011\/04\/pub-Jean-Paul-3.jpg 1234w\" sizes=\"auto, (max-width: 450px) 100vw, 450px\" \/><br \/><\/span><\/p>\n<p style=\"text-align: justify;\">\n<script type=\"text\/javascript\">\n\nvar addthis_config = {\"data_track_clickback\":false,\"data_track_addressbar\":false,\"data_track_textcopy\":false};\n<\/script><script type=\"text\/javascript\" src=\"\/\/s7.addthis.com\/js\/250\/addthis_widget.js#pubid=a457a6d63fb9e6ccabdde4110343bd85\"><\/script>","protected":false},"excerpt":{"rendered":"<p><span style=\"text-decoration: underline;\">Autisme\u00a0: 6 ans sur une liste d\u2019attente<\/span><\/p>\n<p><span style=\"color: #800000;\"> Par Catherine Kozminski et\u00a0 Nathalie Poirier<\/span><\/p>\n<p style=\"text-align: justify;\">Il y a plus de cinq ans, nous apprenions que notre fille de trois ans pr\u00e9sentait un trouble envahissant du d\u00e9veloppement apparent\u00e9 \u00e0 &hellip;<\/p>\n","protected":false},"author":1,"featured_media":0,"comment_status":"open","ping_status":"open","sticky":false,"template":"","format":"standard","meta":{"footnotes":""},"categories":[1],"tags":[],"class_list":["post-5210","post","type-post","status-publish","format-standard","hentry","category-accueil"],"_links":{"self":[{"href":"http:\/\/www.lecarrefourdesopinions.ca\/index.php?rest_route=\/wp\/v2\/posts\/5210","targetHints":{"allow":["GET"]}}],"collection":[{"href":"http:\/\/www.lecarrefourdesopinions.ca\/index.php?rest_route=\/wp\/v2\/posts"}],"about":[{"href":"http:\/\/www.lecarrefourdesopinions.ca\/index.php?rest_route=\/wp\/v2\/types\/post"}],"author":[{"embeddable":true,"href":"http:\/\/www.lecarrefourdesopinions.ca\/index.php?rest_route=\/wp\/v2\/users\/1"}],"replies":[{"embeddable":true,"href":"http:\/\/www.lecarrefourdesopinions.ca\/index.php?rest_route=%2Fwp%2Fv2%2Fcomments&post=5210"}],"version-history":[{"count":5,"href":"http:\/\/www.lecarrefourdesopinions.ca\/index.php?rest_route=\/wp\/v2\/posts\/5210\/revisions"}],"predecessor-version":[{"id":5357,"href":"http:\/\/www.lecarrefourdesopinions.ca\/index.php?rest_route=\/wp\/v2\/posts\/5210\/revisions\/5357"}],"wp:attachment":[{"href":"http:\/\/www.lecarrefourdesopinions.ca\/index.php?rest_route=%2Fwp%2Fv2%2Fmedia&parent=5210"}],"wp:term":[{"taxonomy":"category","embeddable":true,"href":"http:\/\/www.lecarrefourdesopinions.ca\/index.php?rest_route=%2Fwp%2Fv2%2Fcategories&post=5210"},{"taxonomy":"post_tag","embeddable":true,"href":"http:\/\/www.lecarrefourdesopinions.ca\/index.php?rest_route=%2Fwp%2Fv2%2Ftags&post=5210"}],"curies":[{"name":"wp","href":"https:\/\/api.w.org\/{rel}","templated":true}]}}