{"id":5204,"date":"2011-04-06T08:38:22","date_gmt":"2011-04-06T12:38:22","guid":{"rendered":"http:\/\/www.lecarrefourdesopinions.ca\/?p=5204"},"modified":"2011-04-06T08:42:28","modified_gmt":"2011-04-06T12:42:28","slug":"pq-et-bloc-fossoyeurs-de-l%e2%80%99independance-%e2%80%93-1","status":"publish","type":"post","link":"http:\/\/www.lecarrefourdesopinions.ca\/?p=5204","title":{"rendered":"PQ et Bloc, fossoyeurs de l\u2019ind\u00e9pendance \u2013 1"},"content":{"rendered":"<p><strong>P<\/strong>Q et Bloc, fossoyeurs de l\u2019ind\u00e9pendance \u2013 1<\/p>\n<p><img loading=\"lazy\" decoding=\"async\" class=\"alignleft size-thumbnail wp-image-5205\" title=\"photo Michel Frankland 2\" src=\"http:\/\/www.lecarrefourdesopinions.ca\/wp-content\/uploads\/2011\/03\/photo-Michel-Frankland-22-134x107.jpg\" alt=\"\" width=\"134\" height=\"107\" \/> <span style=\"color: #800000;\"><em>Par Michel Frankland\u00a0\u00a0\u00a0\u00a0 <br \/><\/em><\/span><\/p>\n<p>&nbsp;<\/p>\n<p><strong><br \/><\/strong><\/p>\n<p style=\"text-align: justify;\"><span style=\"color: #0000ff;\">La question, ici, ne consiste pas \u00e0 savoir si le lecteur est ind\u00e9pendantiste ou f\u00e9d\u00e9raliste.\u00a0 Ou de pr\u00f4ner une de ces deux id\u00e9ologies.\u00a0 Mon propos consiste \u00e0 montrer une double incoh\u00e9rence, celle du Bloc et du PQ.<\/span><\/p>\n<p style=\"text-align: justify;\"><span style=\"color: #0000ff;\">Le\u00a0 PQ et le Bloc, dont l\u2019objectif premier consiste \u00e0 r\u00e9aliser l\u2019ind\u00e9pendance du Qu\u00e9bec, m\u2019apparaissent au contraire comme les fossoyeurs de l\u2019ind\u00e9pendance.<\/span><\/p>\n<p style=\"text-align: justify;\"><span style=\"color: #0000ff;\">Analysons d\u2019abord le Bloc. Nous r\u00e9serverons le prochain article au PQ.<\/span><\/p>\n<p style=\"text-align: justify;\"><span style=\"color: #0000ff;\">Duceppe, en 2006, \u00e9tait pr\u00eat \u00e0 cr\u00e9er une coalition avec\u00a0 Dion et Layton en cas d\u2019un gouvernement minoritaire conservateur.\u00a0\u00a0 Or, Dion s\u2019\u00e9tait d\u00e9clar\u00e9 ennemi jur\u00e9 de l\u2019ind\u00e9pendance. Sa loi sur la clart\u00e9 r\u00e9f\u00e9rendaire avait\u00a0 horrifi\u00e9 le Bloc et tous les souverainistes. Et Layton est fortement\u00a0 centralisateur. Donc deux antinomies de fond par rapport aux convictions bloquistes.<\/span><\/p>\n<p style=\"text-align: justify;\"><span style=\"color: #0000ff;\">Duceppe s\u2019est form\u00e9 \u00e0 la\u00a0politique comme militant marxiste. Il en a tir\u00e9 une rigueur proverbiale dans l\u2019analyse et l\u2019\u00e9tude des dossiers. En ce sens, il est respect\u00e9 \u00e0 Ottawa.\u00a0 La volont\u00e9 de participer \u00e0 la coalition de 2006 tenait de la m\u00eame rigueur\u00a0: elle repose sur la conception m\u00eame du Bloc.<\/span><\/p>\n<p style=\"text-align: justify;\"><span style=\"color: #0000ff;\">En effet, le Bloc s\u2019est cr\u00e9\u00e9 une niche politique simple et r\u00e9jouissante. Elle repose sur une m\u00e9canique aussi\u00a0 morbide qu\u2019efficace. Il obtient le vote francophone du Qu\u00e9bec en se pr\u00e9sentant comme le Robin des Bois, champion et d\u00e9fenseur du peuple dans cette cour \u00e9trang\u00e8re. Et le peuple d\u00e9sire l\u2019ind\u00e9pendance mais ne veut pas, par d\u00e9couragement, investir les efforts pour la r\u00e9aliser. Les Qu\u00e9b\u00e9cois\u00a0 ont trouv\u00e9 tout naturellement en Duceppe un chantre de ce d\u00e9sir. Ce troubadour (un article d\u2019un quotidien parle de majorette) canalise la frustration des ind\u00e9pendantistes,\u00a0 avec en prime un luxe additionnel\u00a0: l\u2019\u00e9lection du Bloc nous dispense de faire l\u2019ind\u00e9pendance. Si bien que nous d\u00e9tectons ici deux attitudes pantouflardes et irresponsables. D\u2019une part, la fabulation ind\u00e9pendantiste trouve son d\u00e9versoir \u00e9motif sans effort\u00a0;\u00a0 d\u2019autre part,\u00a0 Duceppe et les bloquistes ont d\u00e9couvert un filon politique confortable\u00a0: la repr\u00e9sentation sans cons\u00e9quence. Duceppe peut d\u00e9chirer sa chemise sur n\u2019importe quel sujet. Il n\u2019aura jamais \u00e0 assumer le gouvernement du Canada. La repr\u00e9sentation sans la taxation\u00a0! Ou, selon l\u2019image de Lysiane Gagnon, comme un ado boudeur qui ne sort de sa chambre que pour demander ce qu\u2019on mange pour souper.<\/span><\/p>\n<p style=\"text-align: justify;\"><span style=\"color: #0000ff;\">Mais les m\u00e9faits de cette combine\u00a0 rec\u00e8lent\u00a0 un autre poison.\u00a0 Un des buts du bloc devait \u00eatre de cr\u00e9er des contacts humains positifs qui permettraient une s\u00e9paration\u00a0 pacifique.\u00a0 Comme entre la Norv\u00e8ge et la Su\u00e8de.\u00a0 Ou, plus pr\u00e8s de nous, entre\u00a0 la R\u00e9publique tch\u00e8que et la Slovaquie.\u00a0 La voie qu\u2019a adopt\u00e9e le Bloc produit fortement l\u2019effet contraire. Le ROC tient \u00e0 ce que son pays fonctionne. Mais les nombreux si\u00e8ges du Bloc am\u00e8nent plus facilement qu\u2019autrement un gouvernement minoritaire. Je ne crois pas une seconde \u00e0 la pr\u00e9tendue pr\u00e9dilection\u00a0 canadienne du gouvernement minoritaire. Sinon sporadiquement. Le but alors consiste \u00e0\u00a0 v\u00e9rifier les avanc\u00e9es d\u2019un gouvernement qu\u2019on respecte tout en le craignent quelque peu.\u00a0 Une sorte de test, quoi.\u00a0 La p\u00e9riode minoritaire pass\u00e9e, l\u2019\u00e9lecteur s\u2019est forg\u00e9 une opinion sur ce parti int\u00e9ressant mais hasardeux.\u00a0 Si bien que le mode de gouvernement qu\u2019on privil\u00e9gie redevient le gouvernement majoritaire.<\/span><\/p>\n<p style=\"text-align: justify;\"><span style=\"color: #0000ff;\">Au total,\u00a0 le couple Bloc-\u00e9lecteurs francophones s\u2019est fabriqu\u00e9 une combine politique qui trahit un des objectifs fondamentaux du Bloc \u00e9nonc\u00e9 clairement lors de sa fondation.\u00a0 L\u2019aplanissement\u00a0 des tensions avec le ROC lors d\u2019une \u00e9ventuelle ind\u00e9pendance. Ce tensions ont <img loading=\"lazy\" decoding=\"async\" class=\"alignright size-full wp-image-5223\" title=\"nostalgie\" src=\"http:\/\/www.lecarrefourdesopinions.ca\/wp-content\/uploads\/2011\/04\/nostalgie.jpg\" alt=\"\" width=\"91\" height=\"73\" \/>empir\u00e9 au lieu de s\u2019aplanir. La frustration du ROC s\u2019av\u00e8re \u00e0 ce point intense qu\u2019un article du s\u00e9rieux Toronto Sun\u00a0 en fin mars 2011 se plaignait de ce que les Qu\u00e9b\u00e9cois n\u2019eussent pas \u00e9t\u00e9 assimil\u00e9s\u00a0 d\u00e8s le d\u00e9but du R\u00e9gime anglais. Le Bloc constitue pour eux \u00aba pain in the neck\u00bb. Agacement m\u00eal\u00e9 d\u2019indiff\u00e9rence.\u00a0\u00a0 Denise Bombardier synth\u00e9tise\u00a0: les deux solitudes sont devenues deux indiff\u00e9rences.<\/span><\/p>\n<p style=\"text-align: justify;\"><span style=\"color: #0000ff;\">Enfin, ce confort politique, du milieu de sa bulle,\u00a0 produit \u00e0 l\u2019occasion des expressions d\u00e9lirantes que le risque r\u00e9el de l\u2019accession \u00e0 la gouvernance aurait supprim\u00e9es. Ainsi, Duceppe s\u2019est r\u00e9cemment p\u00e2m\u00e9\u00a0 d\u2019horreur devant la perspective d\u2019un gouvernement\u00a0 conservateur majoritaire. Bref, l\u2019oasis politique d\u00e9nich\u00e9 am\u00e8ne quelquefois au niveau de la forme des \u00e9lans d\u2019un go\u00fbt aussi douteux que l\u2019opportunisme\u00a0 de la situation politique du Bloc.<\/span><\/p>\n<p style=\"text-align: justify;\"><span style=\"color: #0000ff;\">Le prochain article de ce doublet portera sur l\u2019errance du PQ.<\/span><\/p>\n<p style=\"text-align: justify;\">\n<p><strong>site de bridge jug\u00e9 incontournable par les experts<\/strong><br \/> <a href=\"http:\/\/pages.videotron.ca\/lepeuple\/\"><strong>http:\/\/pages.videotron.ca\/lepeuple\/<\/strong><\/a><\/p>\n<p>____________________________________________________________<\/p>\n<p><strong>Christine Schwab<\/strong><br \/> psychologue comp\u00e9tente et extr\u00eamement honn\u00eate avec ses clients<br \/> (pas de prolongation inutile de traitement)<br \/> <a href=\"http:\/\/www.cschwab.net\/\"><strong>www.cschwab.net<\/strong><\/a><\/p>\n<p>____________________________________________________________<\/p>\n<p><strong>Henri Cohen<\/strong><br \/> Un expert en pollution domestique et industrielle,<br \/> <a href=\"http:\/\/www.coblair.com\/\"><strong>www.coblair.com<\/strong><\/a><\/p>\n<p><strong><img loading=\"lazy\" decoding=\"async\" class=\"alignleft size-full wp-image-5207\" title=\"au l\u00e8che doigts\" src=\"http:\/\/www.lecarrefourdesopinions.ca\/wp-content\/uploads\/2011\/03\/au-l\u00e8che-doigts4.jpg\" alt=\"\" width=\"554\" height=\"252\" srcset=\"http:\/\/www.lecarrefourdesopinions.ca\/wp-content\/uploads\/2011\/03\/au-l\u00e8che-doigts4.jpg 554w, http:\/\/www.lecarrefourdesopinions.ca\/wp-content\/uploads\/2011\/03\/au-l\u00e8che-doigts4-300x136.jpg 300w, http:\/\/www.lecarrefourdesopinions.ca\/wp-content\/uploads\/2011\/03\/au-l\u00e8che-doigts4-400x181.jpg 400w\" sizes=\"auto, (max-width: 554px) 100vw, 554px\" \/><br \/><\/strong><\/p>\n<p style=\"text-align: justify;\">\n<script type=\"text\/javascript\">\n\nvar addthis_config = {\"data_track_clickback\":false,\"data_track_addressbar\":false,\"data_track_textcopy\":false};\n<\/script><script type=\"text\/javascript\" src=\"\/\/s7.addthis.com\/js\/250\/addthis_widget.js#pubid=a457a6d63fb9e6ccabdde4110343bd85\"><\/script>","protected":false},"excerpt":{"rendered":"<p>PQ et Bloc, fossoyeurs de l\u2019ind\u00e9pendance \u2013 1<\/p>\n<p> <span style=\"color: #800000;\">Par Michel Frankland\u00a0\u00a0\u00a0\u00a0 <\/span><\/p>\n<p>&nbsp;<\/p>\n<\/p>\n<p style=\"text-align: justify;\"><span style=\"color: #0000ff;\">La question, ici, ne consiste pas \u00e0 savoir si le lecteur est ind\u00e9pendantiste ou f\u00e9d\u00e9raliste.\u00a0 Ou de pr\u00f4ner une de ces deux id\u00e9ologies.\u00a0 Mon propos <\/span>&hellip;<\/p>\n","protected":false},"author":1,"featured_media":0,"comment_status":"open","ping_status":"open","sticky":false,"template":"","format":"standard","meta":{"footnotes":""},"categories":[1],"tags":[],"class_list":["post-5204","post","type-post","status-publish","format-standard","hentry","category-accueil"],"_links":{"self":[{"href":"http:\/\/www.lecarrefourdesopinions.ca\/index.php?rest_route=\/wp\/v2\/posts\/5204","targetHints":{"allow":["GET"]}}],"collection":[{"href":"http:\/\/www.lecarrefourdesopinions.ca\/index.php?rest_route=\/wp\/v2\/posts"}],"about":[{"href":"http:\/\/www.lecarrefourdesopinions.ca\/index.php?rest_route=\/wp\/v2\/types\/post"}],"author":[{"embeddable":true,"href":"http:\/\/www.lecarrefourdesopinions.ca\/index.php?rest_route=\/wp\/v2\/users\/1"}],"replies":[{"embeddable":true,"href":"http:\/\/www.lecarrefourdesopinions.ca\/index.php?rest_route=%2Fwp%2Fv2%2Fcomments&post=5204"}],"version-history":[{"count":5,"href":"http:\/\/www.lecarrefourdesopinions.ca\/index.php?rest_route=\/wp\/v2\/posts\/5204\/revisions"}],"predecessor-version":[{"id":5308,"href":"http:\/\/www.lecarrefourdesopinions.ca\/index.php?rest_route=\/wp\/v2\/posts\/5204\/revisions\/5308"}],"wp:attachment":[{"href":"http:\/\/www.lecarrefourdesopinions.ca\/index.php?rest_route=%2Fwp%2Fv2%2Fmedia&parent=5204"}],"wp:term":[{"taxonomy":"category","embeddable":true,"href":"http:\/\/www.lecarrefourdesopinions.ca\/index.php?rest_route=%2Fwp%2Fv2%2Fcategories&post=5204"},{"taxonomy":"post_tag","embeddable":true,"href":"http:\/\/www.lecarrefourdesopinions.ca\/index.php?rest_route=%2Fwp%2Fv2%2Ftags&post=5204"}],"curies":[{"name":"wp","href":"https:\/\/api.w.org\/{rel}","templated":true}]}}