{"id":5188,"date":"2011-03-30T09:37:01","date_gmt":"2011-03-30T13:37:01","guid":{"rendered":"http:\/\/www.lecarrefourdesopinions.ca\/?p=5188"},"modified":"2011-03-30T09:37:01","modified_gmt":"2011-03-30T13:37:01","slug":"lina-boudreau-en-nomination","status":"publish","type":"post","link":"http:\/\/www.lecarrefourdesopinions.ca\/?p=5188","title":{"rendered":"Lina Boudreau en nomination"},"content":{"rendered":"<p><strong>Lina Boudreau en nomination dans la cat\u00e9gorie \u00ab\u00a0Album jazz de l\u2019ann\u00e9e\u00a0\u00bb<\/strong><\/p>\n<p><strong>au Gala des East Coast Music Awards avec son disque <em>No\u00ebl Lounge<\/em><\/strong><\/p>\n<p><img loading=\"lazy\" decoding=\"async\" class=\"aligncenter size-medium wp-image-5190\" title=\"Lina Boudreau\" src=\"http:\/\/www.lecarrefourdesopinions.ca\/wp-content\/uploads\/2011\/03\/Lina-Boudreau-285x300.jpg\" alt=\"\" width=\"285\" height=\"300\" srcset=\"http:\/\/www.lecarrefourdesopinions.ca\/wp-content\/uploads\/2011\/03\/Lina-Boudreau-285x300.jpg 285w, http:\/\/www.lecarrefourdesopinions.ca\/wp-content\/uploads\/2011\/03\/Lina-Boudreau-400x419.jpg 400w, http:\/\/www.lecarrefourdesopinions.ca\/wp-content\/uploads\/2011\/03\/Lina-Boudreau.jpg 582w\" sizes=\"auto, (max-width: 285px) 100vw, 285px\" \/><\/p>\n<p style=\"text-align: justify;\">(Montr\u00e9al, le 21 janvier 2011) Quelle belle fa\u00e7on de clore la tourn\u00e9e No\u00ebl Lounge 2010 que <strong>Lina Boudreau <\/strong>vient de compl\u00e9ter dans un marathon de 13 spectacles, en trois semaines, pr\u00e9sent\u00e9s en d\u00e9cembre dernier dans trois provinces (Nouvelle-\u00c9cosse, Nouveau-Brunswick, Qu\u00e9bec).\u00a0 L\u2019album qui fut la trame musicale de ce spectacle a \u00e9t\u00e9 mis en nomination hier par l\u2019organisation du gala des <strong>East Coast Music Awards,<\/strong> qui se tiendra cette ann\u00e9e \u00e0 Charlottetown, \u00cele-du Prince-\u00c9douard, le dimanche 17 avril, dans la cat\u00e9gorie de l\u2019album jazz de l\u2019ann\u00e9e.<\/p>\n<p style=\"text-align: justify;\">Cette grande f\u00eate de l\u2019industrie musicale des provinces de l\u2019Atlantique, c\u00e9l\u00e9brant son 22e anniversaire,\u00a0 prend place cette ann\u00e9e dans la capitale de l\u2019\u00cfle-du-Prince-\u00c9douard du 13 au 17 avril. En pleine pr\u00e9paration de son nouvel album, Lina Boudreau s\u2019est dite tr\u00e8s touch\u00e9e et fi\u00e8re d\u2019\u00eatre en nomination dans cette cat\u00e9gorie dans laquelle est la seule francophone en compagnie des six autres nomin\u00e9s.<img loading=\"lazy\" decoding=\"async\" class=\"alignright size-medium wp-image-5192\" title=\"Fleur 11\" src=\"http:\/\/www.lecarrefourdesopinions.ca\/wp-content\/uploads\/2011\/03\/Fleur-11-283x300.jpg\" alt=\"\" width=\"283\" height=\"300\" srcset=\"http:\/\/www.lecarrefourdesopinions.ca\/wp-content\/uploads\/2011\/03\/Fleur-11-283x300.jpg 283w, http:\/\/www.lecarrefourdesopinions.ca\/wp-content\/uploads\/2011\/03\/Fleur-11.jpg 337w\" sizes=\"auto, (max-width: 283px) 100vw, 283px\" \/><\/p>\n<p style=\"text-align: justify;\">L\u2019album No\u00ebl Lounge, paru en novembre 2009, a \u00e9t\u00e9 accueilli avec beaucoup d\u2019enthousiasme par la critique et le public qui l\u2019ont louang\u00e9, dont la critique musicale du journal La Presse de Montr\u00e9al, Marie-Christine Blais, qui l\u2019a inclus r\u00e9cemment dans sa liste des 10 albums de No\u00ebl\u00a0 incontournables de 2010.<\/p>\n<p style=\"text-align: justify;\">En plus de la tourn\u00e9e du nouveau spectacle qui suivra la sortie de son album ce printemps, Lina Boudreau chantera \u00e0 nouveau sous votre gui lors de la tourn\u00e9e <em>No\u00ebl Lounge 2011<\/em> en novembre et d\u00e9cembre prochains.\u00a0\u00a0\u00a0\u00a0\u00a0\u00a0\u00a0\u00a0\u00a0\u00a0\u00a0\u00a0\u00a0\u00a0\u00a0\u00a0\u00a0 <span style=\"text-decoration: underline;\">http:\/\/www.ecma.ca\/news.asp?id=179<\/span><\/p>\n<p style=\"text-align: justify;\"><strong>GD Communications\/ Gaston Dugas \/ <a href=\"mailto:gdugas@hotmail.com\/\">gdugas@hotmail.com\/<\/a> 514.521.2886<\/strong><\/p>\n<script type=\"text\/javascript\">\n\nvar addthis_config = {\"data_track_clickback\":false,\"data_track_addressbar\":false,\"data_track_textcopy\":false};\n<\/script><script type=\"text\/javascript\" src=\"\/\/s7.addthis.com\/js\/250\/addthis_widget.js#pubid=a457a6d63fb9e6ccabdde4110343bd85\"><\/script>","protected":false},"excerpt":{"rendered":"<p>Lina Boudreau en nomination dans la cat\u00e9gorie \u00ab\u00a0Album jazz de l\u2019ann\u00e9e\u00a0\u00bb<\/p>\n<p>au Gala des East Coast Music Awards avec son disque No\u00ebl Lounge<\/p>\n<\/p>\n<p style=\"text-align: justify;\">(Montr\u00e9al, le 21 janvier 2011) Quelle belle fa\u00e7on de clore la tourn\u00e9e &hellip;<\/p>\n","protected":false},"author":1,"featured_media":0,"comment_status":"open","ping_status":"open","sticky":false,"template":"","format":"standard","meta":{"footnotes":""},"categories":[1],"tags":[],"class_list":["post-5188","post","type-post","status-publish","format-standard","hentry","category-accueil"],"_links":{"self":[{"href":"http:\/\/www.lecarrefourdesopinions.ca\/index.php?rest_route=\/wp\/v2\/posts\/5188","targetHints":{"allow":["GET"]}}],"collection":[{"href":"http:\/\/www.lecarrefourdesopinions.ca\/index.php?rest_route=\/wp\/v2\/posts"}],"about":[{"href":"http:\/\/www.lecarrefourdesopinions.ca\/index.php?rest_route=\/wp\/v2\/types\/post"}],"author":[{"embeddable":true,"href":"http:\/\/www.lecarrefourdesopinions.ca\/index.php?rest_route=\/wp\/v2\/users\/1"}],"replies":[{"embeddable":true,"href":"http:\/\/www.lecarrefourdesopinions.ca\/index.php?rest_route=%2Fwp%2Fv2%2Fcomments&post=5188"}],"version-history":[{"count":4,"href":"http:\/\/www.lecarrefourdesopinions.ca\/index.php?rest_route=\/wp\/v2\/posts\/5188\/revisions"}],"predecessor-version":[{"id":5196,"href":"http:\/\/www.lecarrefourdesopinions.ca\/index.php?rest_route=\/wp\/v2\/posts\/5188\/revisions\/5196"}],"wp:attachment":[{"href":"http:\/\/www.lecarrefourdesopinions.ca\/index.php?rest_route=%2Fwp%2Fv2%2Fmedia&parent=5188"}],"wp:term":[{"taxonomy":"category","embeddable":true,"href":"http:\/\/www.lecarrefourdesopinions.ca\/index.php?rest_route=%2Fwp%2Fv2%2Fcategories&post=5188"},{"taxonomy":"post_tag","embeddable":true,"href":"http:\/\/www.lecarrefourdesopinions.ca\/index.php?rest_route=%2Fwp%2Fv2%2Ftags&post=5188"}],"curies":[{"name":"wp","href":"https:\/\/api.w.org\/{rel}","templated":true}]}}