{"id":5142,"date":"2011-03-21T08:38:22","date_gmt":"2011-03-21T12:38:22","guid":{"rendered":"http:\/\/www.lecarrefourdesopinions.ca\/?p=5142"},"modified":"2011-03-21T11:12:54","modified_gmt":"2011-03-21T15:12:54","slug":"tournee-du-ministre-jason-kenney-a-montreal","status":"publish","type":"post","link":"http:\/\/www.lecarrefourdesopinions.ca\/?p=5142","title":{"rendered":"TOURN\u00c9E DU MINISTRE JASON KENNEY \u00c0 MONTR\u00c9AL"},"content":{"rendered":"<p style=\"text-align: justify;\">Abel Claude Arslanian<\/p>\n<p style=\"text-align: justify;\"><span style=\"color: #ffffff;\">.<\/span><\/p>\n<p style=\"text-align: justify;\"><span style=\"color: #ffffff;\"><br \/><\/span><\/p>\n<p style=\"text-align: justify;\">\n<p style=\"text-align: justify;\"><span style=\"color: #333399;\">L\u2019honorable Jason Kenney, Ministre de la Citoyennet\u00e9, de l\u2019Immigration et du Multiculturalisme fait sa tourn\u00e9e dans la r\u00e9gion de Montr\u00e9al\u00a0: une rencontre informative avec les diff\u00e9rents repr\u00e9sentants des communaut\u00e9s diverses de la r\u00e9gion de Montr\u00e9al.<\/span><\/p>\n<p>&nbsp;<\/p>\n<p>&nbsp;<\/p>\n<p style=\"text-align: justify;\">Le ministre Jason Kenney a rencontr\u00e9 des membres de la communaut\u00e9 polonaise et chinoise, le dimanche 20 mars 2011<\/p>\n<div id=\"attachment_5146\" style=\"width: 310px\" class=\"wp-caption alignright\"><img loading=\"lazy\" decoding=\"async\" aria-describedby=\"caption-attachment-5146\" class=\"size-medium wp-image-5146\" title=\"tour de table 1\" src=\"http:\/\/www.lecarrefourdesopinions.ca\/wp-content\/uploads\/2011\/03\/tour-de-table-1-300x225.jpg\" alt=\"\" width=\"300\" height=\"225\" srcset=\"http:\/\/www.lecarrefourdesopinions.ca\/wp-content\/uploads\/2011\/03\/tour-de-table-1-300x225.jpg 300w, http:\/\/www.lecarrefourdesopinions.ca\/wp-content\/uploads\/2011\/03\/tour-de-table-1-1024x768.jpg 1024w, http:\/\/www.lecarrefourdesopinions.ca\/wp-content\/uploads\/2011\/03\/tour-de-table-1-400x300.jpg 400w\" sizes=\"auto, (max-width: 300px) 100vw, 300px\" \/><p id=\"caption-attachment-5146\" class=\"wp-caption-text\">L&#39;Honorable Jason Kenney et des membres de la communaut\u00e9 polonaise<\/p><\/div>\n<p>&nbsp;<\/p>\n<p style=\"text-align: justify;\">Les membres participants ont pu dialoguer avec le ministre Kenney et ont eu l\u2019occasion de lui poser directement des questions qui les pr\u00e9occupent. Cet \u00e9change fut tr\u00e8s fructueux pour les deux parties puisque les discussions \u00e9taient\u00a0 franches et interactives. Le ministre a bien pris note des demandes et interrogations des participants de la table ronde.<\/p>\n<p style=\"text-align: justify;\">Quelques unes des questions soulev\u00e9es ont port\u00e9 sur la possibilit\u00e9 de subvention pour les centres communautaires.<\/p>\n<p style=\"text-align: justify;\">Le probl\u00e8me de l\u2019adoption d\u2019enfants venant de Pologne, actuellement impossible, fut soulev\u00e9.<\/p>\n<p style=\"text-align: justify;\">Enfin, le ministre Jason Kenney a pr\u00e9cis\u00e9 qu\u2019il avait d\u00e9j\u00e0, gr\u00e2ce \u00e0 de pr\u00e9c\u00e9dentes rencontres, port\u00e9 \u00e0 l\u2019attention du Premier Ministre, M.Harper,\u00a0 plusieurs points de pr\u00e9occupations des citoyens qui ont ainsi, par la suite, \u00e9t\u00e9 r\u00e9solus.<\/p>\n<div id=\"attachment_5148\" style=\"width: 310px\" class=\"wp-caption alignleft\"><img loading=\"lazy\" decoding=\"async\" aria-describedby=\"caption-attachment-5148\" class=\"size-medium wp-image-5148\" title=\"repr\u00e9sentants de la communaut\u00e9 chinoise\" src=\"http:\/\/www.lecarrefourdesopinions.ca\/wp-content\/uploads\/2011\/03\/repr\u00e9sentants-de-la-communaut\u00e9-chinoise-300x225.jpg\" alt=\"\" width=\"300\" height=\"225\" srcset=\"http:\/\/www.lecarrefourdesopinions.ca\/wp-content\/uploads\/2011\/03\/repr\u00e9sentants-de-la-communaut\u00e9-chinoise-300x225.jpg 300w, http:\/\/www.lecarrefourdesopinions.ca\/wp-content\/uploads\/2011\/03\/repr\u00e9sentants-de-la-communaut\u00e9-chinoise-1024x768.jpg 1024w, http:\/\/www.lecarrefourdesopinions.ca\/wp-content\/uploads\/2011\/03\/repr\u00e9sentants-de-la-communaut\u00e9-chinoise-400x300.jpg 400w\" sizes=\"auto, (max-width: 300px) 100vw, 300px\" \/><p id=\"caption-attachment-5148\" class=\"wp-caption-text\">quelques membres pr\u00e9sents de la communaut\u00e9 chinoise<\/p><\/div>\n<p style=\"text-align: justify;\">Les membres de la communaut\u00e9 polonaise pr\u00e9sents \u00e0 cette rencontre ont \u00e9t\u00e9 heureux d\u2019entendre M.Jason Kenney confirmer qu\u2019il n\u2019\u00e9tait plus n\u00e9cessaire dor\u00e9navant d\u2019avoir un visa pour les polonais qui voulait visiter le Canada et que le gouvernement conservateur avait, depuis qu\u2019il est au pouvoir, travaill\u00e9 pour am\u00e9liorer les relations entre le Canada et la Pologne et notamment r\u00e9gl\u00e9 le statut des anciens combattants polonais.<\/p>\n<p>&nbsp;<\/p>\n<p style=\"text-align: justify;\">La rencontre a pris fin sur une note tr\u00e8s positive et satisfaisante.<\/p>\n<p>&nbsp;<\/p>\n<p>&nbsp;<\/p>\n<p>&nbsp;<\/p>\n<p>&nbsp;<\/p>\n<p>==============================================================================<\/p>\n<p>&nbsp;<\/p>\n<p>&nbsp;<\/p>\n<script type=\"text\/javascript\">\n\nvar addthis_config = {\"data_track_clickback\":false,\"data_track_addressbar\":false,\"data_track_textcopy\":false};\n<\/script><script type=\"text\/javascript\" src=\"\/\/s7.addthis.com\/js\/250\/addthis_widget.js#pubid=a457a6d63fb9e6ccabdde4110343bd85\"><\/script>","protected":false},"excerpt":{"rendered":"<p style=\"text-align: justify;\">Abel Claude Arslanian<\/p>\n<p style=\"text-align: justify;\"><span style=\"color: #ffffff;\">.<\/span><\/p>\n<p style=\"text-align: justify;\"><span style=\"color: #ffffff;\"><\/span><\/p>\n<p style=\"text-align: justify;\">\n<p style=\"text-align: justify;\"><span style=\"color: #333399;\">L\u2019honorable Jason Kenney, Ministre de la Citoyennet\u00e9, de l\u2019Immigration et du Multiculturalisme fait sa tourn\u00e9e dans la r\u00e9gion de Montr\u00e9al\u00a0: une rencontre informative avec les diff\u00e9rents repr\u00e9sentants des communaut\u00e9s diverses de la <\/span>&hellip;<\/p>\n","protected":false},"author":1,"featured_media":0,"comment_status":"open","ping_status":"open","sticky":false,"template":"","format":"standard","meta":{"footnotes":""},"categories":[1],"tags":[],"class_list":["post-5142","post","type-post","status-publish","format-standard","hentry","category-accueil"],"_links":{"self":[{"href":"http:\/\/www.lecarrefourdesopinions.ca\/index.php?rest_route=\/wp\/v2\/posts\/5142","targetHints":{"allow":["GET"]}}],"collection":[{"href":"http:\/\/www.lecarrefourdesopinions.ca\/index.php?rest_route=\/wp\/v2\/posts"}],"about":[{"href":"http:\/\/www.lecarrefourdesopinions.ca\/index.php?rest_route=\/wp\/v2\/types\/post"}],"author":[{"embeddable":true,"href":"http:\/\/www.lecarrefourdesopinions.ca\/index.php?rest_route=\/wp\/v2\/users\/1"}],"replies":[{"embeddable":true,"href":"http:\/\/www.lecarrefourdesopinions.ca\/index.php?rest_route=%2Fwp%2Fv2%2Fcomments&post=5142"}],"version-history":[{"count":5,"href":"http:\/\/www.lecarrefourdesopinions.ca\/index.php?rest_route=\/wp\/v2\/posts\/5142\/revisions"}],"predecessor-version":[{"id":5167,"href":"http:\/\/www.lecarrefourdesopinions.ca\/index.php?rest_route=\/wp\/v2\/posts\/5142\/revisions\/5167"}],"wp:attachment":[{"href":"http:\/\/www.lecarrefourdesopinions.ca\/index.php?rest_route=%2Fwp%2Fv2%2Fmedia&parent=5142"}],"wp:term":[{"taxonomy":"category","embeddable":true,"href":"http:\/\/www.lecarrefourdesopinions.ca\/index.php?rest_route=%2Fwp%2Fv2%2Fcategories&post=5142"},{"taxonomy":"post_tag","embeddable":true,"href":"http:\/\/www.lecarrefourdesopinions.ca\/index.php?rest_route=%2Fwp%2Fv2%2Ftags&post=5142"}],"curies":[{"name":"wp","href":"https:\/\/api.w.org\/{rel}","templated":true}]}}