{"id":5044,"date":"2011-03-23T08:08:05","date_gmt":"2011-03-23T12:08:05","guid":{"rendered":"http:\/\/www.lecarrefourdesopinions.ca\/?p=5044"},"modified":"2011-03-23T16:02:29","modified_gmt":"2011-03-23T20:02:29","slug":"communique-4","status":"publish","type":"post","link":"http:\/\/www.lecarrefourdesopinions.ca\/?p=5044","title":{"rendered":"COMMUNIQU\u00c9: Lancement officiel du club conservateur sud-asiatique de Montr\u00e9al"},"content":{"rendered":"<p><strong> <\/strong><\/p>\n<p><a href=\"http:\/\/www.agoagop.ca\/\"><img loading=\"lazy\" decoding=\"async\" class=\"alignleft size-medium wp-image-5048\" title=\"sigle Agop\" src=\"http:\/\/www.lecarrefourdesopinions.ca\/wp-content\/uploads\/2011\/03\/sigle-Agop1-300x154.jpg\" alt=\"\" width=\"300\" height=\"154\" srcset=\"http:\/\/www.lecarrefourdesopinions.ca\/wp-content\/uploads\/2011\/03\/sigle-Agop1-300x154.jpg 300w, http:\/\/www.lecarrefourdesopinions.ca\/wp-content\/uploads\/2011\/03\/sigle-Agop1.jpg 316w\" sizes=\"auto, (max-width: 300px) 100vw, 300px\" \/><\/a><\/p>\n<p>&nbsp;<\/p>\n<p>&nbsp;<\/p>\n<p>&nbsp;<\/p>\n<p>&nbsp;<\/p>\n<p><strong>65 Brunswick Blvd., suite 218<\/strong><\/p>\n<p><strong> Dollard-des-Ormeaux (Qu\u00e9bec)<em> <\/em><\/strong><\/p>\n<p><strong><em> <\/em><\/strong><strong>H9B 2N4<\/strong><\/p>\n<p><strong>514 788-4489<\/strong><\/p>\n<p><a href=\"http:\/\/www.goagop.ca\/\">http:\/\/www.goagop.ca\/<\/a><\/p>\n<p><strong> <\/strong><\/p>\n<p>&nbsp;<\/p>\n<p>&nbsp;<\/p>\n<h3><span style=\"color: #339966;\"><strong><em><span style=\"color: #ffffff;\">&#8230;&#8230;&#8230;&#8230;&#8230;&#8230;&#8230;&#8230;&#8230;&#8230;..<\/span> <span style=\"color: #ffffff;\">&#8230;&#8230;&#8230;&#8230;&#8230;&#8230;<\/span> COMMUNIQU\u00c9<\/em><\/strong><\/span><\/h3>\n<p>&nbsp;<\/p>\n<p>&nbsp;<\/p>\n<p>&nbsp;<\/p>\n<p><strong>LANCEMENT<\/strong><strong> OFFICIEL DU CLUB CONSERVATEUR <\/strong><\/p>\n<p><strong>SUD-ASIATIQUE DE MONTR\u00c9AL<\/strong><strong> <\/strong><\/p>\n<p>&nbsp;<\/p>\n<p><strong>Dollard-des-Ormeaux, le 13 mars 2011 <\/strong>&#8211; Le Secr\u00e9taire parlementaire du ministre des Affaires \u00e9trang\u00e8res, M. Deepak Obhrai a officiellement lanc\u00e9 le Club Conservateur sud-asiatique de Montr\u00e9al, comme il \u00e9tait accompagn\u00e9 par le candidat conservateur de Pierrefonds-Dollard, M. Agop Evereklian. <\/p>\n<p> Bien que l&rsquo;intention initiale de la r\u00e9union f\u00fbt de lancer le Club conservateur sud-asiatique de Montr\u00e9al, <img loading=\"lazy\" decoding=\"async\" class=\"alignright size-full wp-image-5174\" title=\"communiqu\u00e9 13 mars 2011\" src=\"http:\/\/www.lecarrefourdesopinions.ca\/wp-content\/uploads\/2011\/03\/communiqu\u00e9-13-mars-2011.jpg\" alt=\"\" width=\"226\" height=\"150\" \/>le Secr\u00e9taire parlementaire Obhrai a d\u00e9cid\u00e9 de rendre l&rsquo;\u00e9v\u00e9nement \u00e0 un dialogue pour<\/p>\n<p>permettre \u00e0 la communaut\u00e9 d&rsquo;exprimer leurs enjeux d&rsquo;int\u00e9r\u00eats. Comme la majorit\u00e9 de la discussion a tourn\u00e9 autour des dossiers d\u2019immigration et les relations commerciales entre le Canada et l&rsquo;Inde, le Secr\u00e9taire parlementaire a exprim\u00e9 ses espoirs pour la communaut\u00e9 de soutenir les candidats conservateurs \u00e0 Montr\u00e9al et plus particuli\u00e8rement, M. Agop Evereklian, candidat dans Pierrefonds-Dollard.<\/p>\n<p>&nbsp;<\/p>\n<p><strong>\u00ab\u00a0J\u2019esp\u00e8re sinc\u00e8rement que les gens de la communaut\u00e9 \u00e0 Montr\u00e9al \u00e9liront des d\u00e9put\u00e9s au Parlement \u00e0 Ottawa lors des prochaines \u00e9lections f\u00e9d\u00e9rales. Comme je l&rsquo;ai dit \u00e0 maintes reprises, Montr\u00e9al a besoin d&rsquo;une voix forte \u00e0 Ottawa. Les priorit\u00e9s de notre parti ont toujours \u00e9t\u00e9 sur le bien-\u00eatre des familles, s\u00e9vir contre la criminalit\u00e9 et l&rsquo;\u00e9conomie \u00bb, a exprim\u00e9 le Secr\u00e9taire parlementaire Obhrai. <\/strong><\/p>\n<p> <span style=\"color: #800000;\"><strong>\u00abCe lancement d\u00e9montre la force du Parti conservateur au sein de la grande r\u00e9gion de Montr\u00e9al. Les communaut\u00e9s attestent la n\u00e9cessit\u00e9 d&rsquo;une forte repr\u00e9sentation \u00e0 Ottawa. Je remercie le Secr\u00e9taire <\/strong><\/span><\/p>\n<p><span style=\"color: #800000;\"><strong>parlementaire pour sa pr\u00e9sence \u00e0 ce lancement ainsi que son dialogue avec la communaut\u00e9, car nous sommes sur la bonne voie dans la cr\u00e9ation d&rsquo;un mouvement conservateur \u00e0 Montr\u00e9al \u00e0 laquelle il me fera plaisir de servir la communaut\u00e9 dans un proche avenir \u00bb, a conclu le candidat conservateur de Pierrefonds-Dollard, M. Agop Evereklian.<\/strong><\/span><\/p>\n<h3><a href=\"http:\/\/www.agoagop.ca\/\"><img loading=\"lazy\" decoding=\"async\" class=\"alignright size-full wp-image-5185\" title=\"poster Agop\" src=\"http:\/\/www.lecarrefourdesopinions.ca\/wp-content\/uploads\/2011\/03\/poster-Agop1.jpg\" alt=\"\" width=\"173\" height=\"300\" \/><\/a><\/h3>\n<p><span style=\"color: #ffffff;\">.<\/span><\/p>\n<p><span style=\"color: #ffffff;\">.<\/span><\/p>\n<p><span style=\"color: #ffffff;\"><span style=\"color: #ffffff;\">.<\/span><\/span><\/p>\n<p><span style=\"color: #ffffff;\"><span style=\"color: #ffffff;\"><br \/><\/span><\/span><\/p>\n<p>Source: Yana Lukasheh<\/p>\n<p>Relations medias<\/p>\n<p>Campagne GOAGOP<\/p>\n<p>514-788-4489<\/p>\n<p>yana@goagop.ca<\/p>\n<p><span style=\"color: #ffffff;\">.<br \/>.<br \/>.<br \/><\/span><\/p>\n<p>&nbsp;<\/p>\n<p>&nbsp;<\/p>\n<p>&nbsp;<\/p>\n<p>============================================================================<\/p>\n<p>&nbsp;<\/p>\n<p>&nbsp;<\/p>\n<p>&nbsp;<\/p>\n<p>&nbsp;<\/p>\n<p>&nbsp;<\/p>\n<script type=\"text\/javascript\">\n\nvar addthis_config = {\"data_track_clickback\":false,\"data_track_addressbar\":false,\"data_track_textcopy\":false};\n<\/script><script type=\"text\/javascript\" src=\"\/\/s7.addthis.com\/js\/250\/addthis_widget.js#pubid=a457a6d63fb9e6ccabdde4110343bd85\"><\/script>","protected":false},"excerpt":{"rendered":"<\/p>\n<p>&nbsp;<\/p>\n<p>&nbsp;<\/p>\n<p>&nbsp;<\/p>\n<p>&nbsp;<\/p>\n<p>65 Brunswick Blvd., suite 218<\/p>\n<p> Dollard-des-Ormeaux (Qu\u00e9bec) <\/p>\n<p> H9B 2N4<\/p>\n<p>514 788-4489<\/p>\n<p>http:\/\/www.goagop.ca\/<\/p>\n<\/p>\n<p>&nbsp;<\/p>\n<p>&nbsp;<\/p>\n<p><span style=\"color: #339966;\"><span style=\"color: #ffffff;\">&#8230;&#8230;&#8230;&#8230;&#8230;&#8230;&#8230;&#8230;&#8230;&#8230;..<\/span> <span style=\"color: #ffffff;\">&#8230;&#8230;&#8230;&#8230;&#8230;&#8230;<\/span> COMMUNIQU\u00c9<\/span><\/p>\n<p>&nbsp;<\/p>\n<p>&nbsp;<\/p>\n<p>&nbsp;<\/p>\n<p>LANCEMENT OFFICIEL DU CLUB CONSERVATEUR <\/p>\n<p>SUD-ASIATIQUE DE MONTR\u00c9AL <\/p>\n<p>&nbsp;<\/p>\n<p>Dollard-des-Ormeaux, le 13 mars &hellip;<\/p>\n","protected":false},"author":1,"featured_media":0,"comment_status":"open","ping_status":"open","sticky":false,"template":"","format":"standard","meta":{"footnotes":""},"categories":[1],"tags":[],"class_list":["post-5044","post","type-post","status-publish","format-standard","hentry","category-accueil"],"_links":{"self":[{"href":"http:\/\/www.lecarrefourdesopinions.ca\/index.php?rest_route=\/wp\/v2\/posts\/5044","targetHints":{"allow":["GET"]}}],"collection":[{"href":"http:\/\/www.lecarrefourdesopinions.ca\/index.php?rest_route=\/wp\/v2\/posts"}],"about":[{"href":"http:\/\/www.lecarrefourdesopinions.ca\/index.php?rest_route=\/wp\/v2\/types\/post"}],"author":[{"embeddable":true,"href":"http:\/\/www.lecarrefourdesopinions.ca\/index.php?rest_route=\/wp\/v2\/users\/1"}],"replies":[{"embeddable":true,"href":"http:\/\/www.lecarrefourdesopinions.ca\/index.php?rest_route=%2Fwp%2Fv2%2Fcomments&post=5044"}],"version-history":[{"count":5,"href":"http:\/\/www.lecarrefourdesopinions.ca\/index.php?rest_route=\/wp\/v2\/posts\/5044\/revisions"}],"predecessor-version":[{"id":5098,"href":"http:\/\/www.lecarrefourdesopinions.ca\/index.php?rest_route=\/wp\/v2\/posts\/5044\/revisions\/5098"}],"wp:attachment":[{"href":"http:\/\/www.lecarrefourdesopinions.ca\/index.php?rest_route=%2Fwp%2Fv2%2Fmedia&parent=5044"}],"wp:term":[{"taxonomy":"category","embeddable":true,"href":"http:\/\/www.lecarrefourdesopinions.ca\/index.php?rest_route=%2Fwp%2Fv2%2Fcategories&post=5044"},{"taxonomy":"post_tag","embeddable":true,"href":"http:\/\/www.lecarrefourdesopinions.ca\/index.php?rest_route=%2Fwp%2Fv2%2Ftags&post=5044"}],"curies":[{"name":"wp","href":"https:\/\/api.w.org\/{rel}","templated":true}]}}