{"id":5042,"date":"2011-03-30T09:38:21","date_gmt":"2011-03-30T13:38:21","guid":{"rendered":"http:\/\/www.lecarrefourdesopinions.ca\/?p=5042"},"modified":"2011-03-30T09:38:21","modified_gmt":"2011-03-30T13:38:21","slug":"le-rapprochement-des-communautes","status":"publish","type":"post","link":"http:\/\/www.lecarrefourdesopinions.ca\/?p=5042","title":{"rendered":"Le rapprochement des communaut\u00e9s"},"content":{"rendered":"<p>Le rapprochement des communaut\u00e9s<\/p>\n<p><span style=\"color: #800000;\"><em> <img loading=\"lazy\" decoding=\"async\" class=\"alignleft size-thumbnail wp-image-5123\" title=\"Patrick leboeuf\" src=\"http:\/\/www.lecarrefourdesopinions.ca\/wp-content\/uploads\/2011\/03\/Patrick-leboeuf2-e1300475691470-71x107.jpg\" alt=\"\" width=\"71\" height=\"107\" \/> Par Patrick Leboeuf \u00a0 \u00a0 \u00a0 <br \/><\/em><\/span><\/p>\n<p style=\"text-align: justify;\">Pour percer la barri\u00e8re des communications, des communaut\u00e9s, il est important de comprendre que ce n\u2019est qu\u2019une question de dialogue\u00a0: un dialogue orient\u00e9 vers l\u2019ouverture, c\u2019est-\u00e0-dire privil\u00e9giant l\u2019\u00e9coute de l\u2019autre, l\u2019\u00e9coute d\u2019autrui.\u00a0 Nous sommes \u00e0 m\u00eame de faire jaillir de nous-m\u00eames l\u2019\u00e9tincelle de d\u00e9part.\u00a0 Je m\u2019explique\u00a0: nous avons tous nos propres id\u00e9es, nos propres conceptions et nos propres \u00e9motions derri\u00e8re les mots, derri\u00e8re nos propres mots.<\/p>\n<p style=\"text-align: justify;\">\n<p style=\"text-align: justify;\">Donc, une ouverture au dialogue, surtout une ouverture \u00e0 l\u2019\u00e9coute, ne peut que faire progresser les choses.\u00a0 Lorsque deux personnes interagissent ensemble, l\u2019\u00e9volution des choses et des id\u00e9es, l\u2019\u00e9volution des \u00e9changes d\u00e9pend de nos propres id\u00e9es, lesquelles nous <img loading=\"lazy\" decoding=\"async\" class=\"alignleft size-thumbnail wp-image-5117\" title=\"Fleur 14\" src=\"http:\/\/www.lecarrefourdesopinions.ca\/wp-content\/uploads\/2011\/03\/Fleur-14-134x107.jpg\" alt=\"\" width=\"134\" height=\"107\" \/>permettent de progresser dans le vrai sens du terme\u00a0: une progression vers une ouverture authentique, durable.\u00a0 Pensons-y bien, que ce soit pour un Qu\u00e9b\u00e9cois, un nouvel arriv\u00e9, voire un vieil arriv\u00e9\u2026 on se ressemble plus que l\u2019on pense.\u00a0 Nous demandons tous d\u2019\u00eatre compris, d\u2019\u00eatre \u00e9cout\u00e9s.<\/p>\n<p style=\"text-align: justify;\">\n<p style=\"text-align: justify;\">L\u2019ouverture \u00e0 l\u2019\u00e9coute permet souvent, plus qu\u2019autrement, \u00e0 l\u2019autre de s\u2019ouvrir et de vouloir nous comprendre.\u00a0 Les deux personnes se fondent alors dans un dialogue profond.\u00a0 Plus nous dialoguons, plus nous nous rapprochons, plus nous constatons que nous ne sommes pas si diff\u00e9rents les uns des autres.<\/p>\n<p style=\"text-align: justify;\">\n<p style=\"text-align: justify;\">Cette volont\u00e9 de compr\u00e9hension mutuelle n\u2019est possible qu\u2019avec de la patience.\u00a0 Petit \u00e0 petit, nous pourrons s\u00fbrement assurer un progr\u00e8s irr\u00e9versible des \u00e9changes mutuels entre nos communaut\u00e9s.\u00a0\u00a0 Car je crois que seuls nous-m\u00eames, nous pouvons nous attribuer le <img loading=\"lazy\" decoding=\"async\" class=\"alignright size-thumbnail wp-image-5121\" title=\"Fleure b 1\" src=\"http:\/\/www.lecarrefourdesopinions.ca\/wp-content\/uploads\/2011\/03\/Fleure-b-1-134x107.jpg\" alt=\"\" width=\"134\" height=\"107\" \/>qualificatif de Qu\u00e9b\u00e9cois ou de nouveaux arriv\u00e9s\u00a0: cela ne d\u00e9pend que de nous-m\u00eames, de ce qui nous anime int\u00e9rieurement.<\/p>\n<p style=\"text-align: justify;\">\n<p style=\"text-align: justify;\">Ce n\u2019est qu\u2019une question de perception de soi-m\u00eame qui pourra par la suite se refl\u00e9ter sur l\u2019autre, sur autrui.\u00a0 Il est, par exemple, assez r\u00e9v\u00e9lateur de voir de jeunes enfants juifs et palestiniens jouer joyeusement ensemble, aux abords de la fronti\u00e8re de leur pays respectif, tout \u00e0 fait indiff\u00e9rents aux conflits qu\u2019entretiennent entre eux leurs a\u00een\u00e9s.<\/p>\n<p style=\"text-align: justify;\">\n<p style=\"text-align: justify;\">Si nous changeons notre perception de nous-m\u00eames, nous pourrons alors changer et influencer inconsciemment les id\u00e9es des autres et nous rapprocher davantage tous ensemble.\u00a0 Tout est possible entre deux personnes sur une m\u00eame longueur d\u2019onde, qui d\u00e9gagent la m\u00eame \u00e9nergie.<\/p>\n<p style=\"text-align: justify;\"><img loading=\"lazy\" decoding=\"async\" class=\"alignleft size-full wp-image-5114\" title=\"verso couverture livre omega abel\" src=\"http:\/\/www.lecarrefourdesopinions.ca\/wp-content\/uploads\/2011\/03\/verso-couverture-livre-omega-abel1.jpg\" alt=\"\" width=\"422\" height=\"600\" srcset=\"http:\/\/www.lecarrefourdesopinions.ca\/wp-content\/uploads\/2011\/03\/verso-couverture-livre-omega-abel1.jpg 422w, http:\/\/www.lecarrefourdesopinions.ca\/wp-content\/uploads\/2011\/03\/verso-couverture-livre-omega-abel1-211x300.jpg 211w, http:\/\/www.lecarrefourdesopinions.ca\/wp-content\/uploads\/2011\/03\/verso-couverture-livre-omega-abel1-400x568.jpg 400w\" sizes=\"auto, (max-width: 422px) 100vw, 422px\" \/><\/p>\n<script type=\"text\/javascript\">\n\nvar addthis_config = {\"data_track_clickback\":false,\"data_track_addressbar\":false,\"data_track_textcopy\":false};\n<\/script><script type=\"text\/javascript\" src=\"\/\/s7.addthis.com\/js\/250\/addthis_widget.js#pubid=a457a6d63fb9e6ccabdde4110343bd85\"><\/script>","protected":false},"excerpt":{"rendered":"<p>Le rapprochement des communaut\u00e9s<\/p>\n<p><span style=\"color: #800000;\">  Par Patrick Leboeuf \u00a0 \u00a0 \u00a0 <\/span><\/p>\n<p style=\"text-align: justify;\">Pour percer la barri\u00e8re des communications, des communaut\u00e9s, il est important de comprendre que ce n\u2019est qu\u2019une question de dialogue\u00a0: un dialogue orient\u00e9 vers l\u2019ouverture, c\u2019est-\u00e0-dire privil\u00e9giant l\u2019\u00e9coute de &hellip;<\/p>\n","protected":false},"author":1,"featured_media":0,"comment_status":"open","ping_status":"open","sticky":false,"template":"","format":"standard","meta":{"footnotes":""},"categories":[1],"tags":[],"class_list":["post-5042","post","type-post","status-publish","format-standard","hentry","category-accueil"],"_links":{"self":[{"href":"http:\/\/www.lecarrefourdesopinions.ca\/index.php?rest_route=\/wp\/v2\/posts\/5042","targetHints":{"allow":["GET"]}}],"collection":[{"href":"http:\/\/www.lecarrefourdesopinions.ca\/index.php?rest_route=\/wp\/v2\/posts"}],"about":[{"href":"http:\/\/www.lecarrefourdesopinions.ca\/index.php?rest_route=\/wp\/v2\/types\/post"}],"author":[{"embeddable":true,"href":"http:\/\/www.lecarrefourdesopinions.ca\/index.php?rest_route=\/wp\/v2\/users\/1"}],"replies":[{"embeddable":true,"href":"http:\/\/www.lecarrefourdesopinions.ca\/index.php?rest_route=%2Fwp%2Fv2%2Fcomments&post=5042"}],"version-history":[{"count":5,"href":"http:\/\/www.lecarrefourdesopinions.ca\/index.php?rest_route=\/wp\/v2\/posts\/5042\/revisions"}],"predecessor-version":[{"id":5198,"href":"http:\/\/www.lecarrefourdesopinions.ca\/index.php?rest_route=\/wp\/v2\/posts\/5042\/revisions\/5198"}],"wp:attachment":[{"href":"http:\/\/www.lecarrefourdesopinions.ca\/index.php?rest_route=%2Fwp%2Fv2%2Fmedia&parent=5042"}],"wp:term":[{"taxonomy":"category","embeddable":true,"href":"http:\/\/www.lecarrefourdesopinions.ca\/index.php?rest_route=%2Fwp%2Fv2%2Fcategories&post=5042"},{"taxonomy":"post_tag","embeddable":true,"href":"http:\/\/www.lecarrefourdesopinions.ca\/index.php?rest_route=%2Fwp%2Fv2%2Ftags&post=5042"}],"curies":[{"name":"wp","href":"https:\/\/api.w.org\/{rel}","templated":true}]}}