{"id":5004,"date":"2011-03-14T15:58:53","date_gmt":"2011-03-14T19:58:53","guid":{"rendered":"http:\/\/www.lecarrefourdesopinions.ca\/?p=5004"},"modified":"2011-03-14T15:58:53","modified_gmt":"2011-03-14T19:58:53","slug":"savais%e2%80%a6savais-pas","status":"publish","type":"post","link":"http:\/\/www.lecarrefourdesopinions.ca\/?p=5004","title":{"rendered":"Savais\u2026Savais pas."},"content":{"rendered":"<p><em><strong>Savais\u2026Savais pas.<\/strong><\/em><\/p>\n<p><em> <img loading=\"lazy\" decoding=\"async\" class=\"alignleft size-thumbnail wp-image-5005\" title=\"photo \u00c9ric Nogard\" src=\"http:\/\/www.lecarrefourdesopinions.ca\/wp-content\/uploads\/2011\/03\/photo-\u00c9ric-Nogard5-134x107.jpg\" alt=\"\" width=\"134\" height=\"107\" \/> <span style=\"color: #800000;\">Par Eric E.G. NOGARD<\/span> <br \/><\/em><\/p>\n<p>&nbsp;<\/p>\n<p>Il est des questions dont la r\u00e9ponse est pr\u00e9visible quand on conna\u00eet son Monde.<\/p>\n<p>&nbsp;<\/p>\n<p>Ainsi, s\u2019agit-il d\u2019une question qui flatte la Vanit\u00e9\u00a0:<\/p>\n<p>&nbsp;<\/p>\n<p><em><strong>Saviez-vous que la  Louisiane fut la Premi\u00e8re D\u00e9mocratie d\u2019expression Franco-Cr\u00e9olophone des Am\u00e9riques.<\/strong><\/em><\/p>\n<p>&nbsp;<\/p>\n<p>En ce cas, pourquoi avez-vous toujours donn\u00e9 Ha\u00efti pour en avoir \u00e9t\u00e9 la Premi\u00e8re\u00a0?<\/p>\n<p>&nbsp;<\/p>\n<p>Aussi, s\u2019agit-il d\u2019une question qui \u00e9voque le moindre risque.<\/p>\n<p>&nbsp;<\/p>\n<p>&nbsp;<\/p>\n<p>&nbsp;<\/p>\n<p><em><strong>Saviez-vous que l\u2019embl\u00e8me du Parti Progressiste Martiniquais (PPM) avait fusionn\u00e9 avec le Drapeau de Malsa\u00a0?<\/strong><\/em><\/p>\n<p>&nbsp;<\/p>\n<p>&#8211;\u00a0\u00a0\u00a0\u00a0\u00a0\u00a0\u00a0\u00a0 Pas du tout, savais pas.<\/p>\n<p>&nbsp;<\/p>\n<p><em><strong>Et vous y attendiez-vous\u00a0?<\/strong><\/em><\/p>\n<p>&nbsp;<\/p>\n<p>&#8211;\u00a0\u00a0\u00a0\u00a0\u00a0\u00a0\u00a0\u00a0 Pas du tout.<\/p>\n<p>&nbsp;<\/p>\n<p>&nbsp;<\/p>\n<p><img loading=\"lazy\" decoding=\"async\" class=\"alignleft size-thumbnail wp-image-5007\" title=\"F2 Drapeau de Malsa\" src=\"http:\/\/www.lecarrefourdesopinions.ca\/wp-content\/uploads\/2011\/03\/F2-Drapeau-de-Malsa-134x107.gif\" alt=\"\" width=\"134\" height=\"107\" \/>En ce cas, qu\u2019est-ce qui explique que le Drapeau de Malsa ait flott\u00e9 aussi longtemps, en 2009, sur Fort-de-France, la Ville Capitale qui attend le nouveau Bapt\u00eame qui fera d\u2019elle C\u00e9saireVille comme de Juste, pourrait-on dire\u00a0!<\/p>\n<p>&nbsp;<\/p>\n<p>Qu\u2019est-ce qui explique que le PPM affiche ostensiblement son nouvel embl\u00e8me, &#8211; un Balisier Ox-Blood frang\u00e9 de Blanc et flanqu\u00e9 de Vert \u00e0 gauche, de Noir \u00e0 droite.<img loading=\"lazy\" decoding=\"async\" class=\"aligncenter size-full wp-image-5013\" title=\"F1 Nouvel Embl\u00e8me PPM\" src=\"http:\/\/www.lecarrefourdesopinions.ca\/wp-content\/uploads\/2011\/03\/F1-Nouvel-Embl\u00e8me-PPM1.jpg\" alt=\"\" width=\"580\" height=\"230\" srcset=\"http:\/\/www.lecarrefourdesopinions.ca\/wp-content\/uploads\/2011\/03\/F1-Nouvel-Embl\u00e8me-PPM1.jpg 580w, http:\/\/www.lecarrefourdesopinions.ca\/wp-content\/uploads\/2011\/03\/F1-Nouvel-Embl\u00e8me-PPM1-300x118.jpg 300w, http:\/\/www.lecarrefourdesopinions.ca\/wp-content\/uploads\/2011\/03\/F1-Nouvel-Embl\u00e8me-PPM1-400x158.jpg 400w\" sizes=\"auto, (max-width: 580px) 100vw, 580px\" \/><\/p>\n<p>&nbsp;<\/p>\n<p>A moins que le Rouge, le Vert et le Noir ne soient plus les couleurs de Malsa.<\/p>\n<p>&nbsp;<\/p>\n<p>Le Blanc tenant du M\u00e9morable et Sournois \u00ab\u00a0Serrons-nous la main\u00a0\u00bb d\u2019un certain 22 Mai.<\/p>\n<p>&nbsp;<\/p>\n<p>Non qu\u2019on puisse pr\u00e9tendre qu\u2019en Martinique les choses se passent en Catimini.<\/p>\n<p>&nbsp;<\/p>\n<p>Ici, tout se fait en plein jour, pour le plaisir des yeux, pour la jouissance de l\u2019Ou\u00efe, mais quant-aux bouches, elles se taisent, soit du fait d\u2019un s\u00e9v\u00e8re dressage, soit par peur du Loup ou par Malice.<\/p>\n<p>&nbsp;<\/p>\n<p>Ainsi, selon la queue de la  Girouette on pourra dire et m\u00eame pr\u00e9tendre sous serment, Savais ou Savais pas.<\/p>\n<p>&nbsp;<\/p>\n<p>Ainsi, en cas de Catastrophe, on pourra dire qui est coupable et qui n\u2019a pas tenu ses engagements.<\/p>\n<p>&nbsp;<\/p>\n<p>Ainsi, serons-nous toujours ou jouisseurs, ou victimes, mais jamais responsables de rien.<\/p>\n<p>&nbsp;<\/p>\n<p>Pour une fois, sachons que PPM et Mod\u00e9mas \u00e9gal M\u00eame Bagaille alors, pr\u00e9parons-nous \u00e0 amener le Drapeau Tricolore pour hisser celui de\u2026\u00a0! Savais\u2026 Savais pas.\u00a0\u00a0\u00a0 \u00a0(<a href=\"http:\/\/www.garcinmalsa.com\/\">http:\/\/www.garcinmalsa.com\/<\/a>).<\/p>\n<p>&nbsp;<\/p>\n<p>Et demandons-nous quand sortira notre nouvelle Carte d\u2019Identit\u00e9 (<em><strong>nous voulons dire la Carte au Balisier<\/strong><\/em>) des Presses du PPM\u00a0!..<\/p>\n<p><strong>Liens Sugg\u00e9r\u00e9s\u00a0:<\/strong><\/p>\n<ul>\n<li><strong><a href=\"http:\/\/www.lescrutateur.com\/\">http:\/\/www.lescrutateur.com\/<\/a> <\/strong><\/li>\n<\/ul>\n<p><strong><a href=\"http:\/\/www.etatsgenerauxdeloutremer.fr\/reflexions\">http:\/\/www.etatsgenerauxdeloutremer.fr\/reflexions<\/a><\/strong><\/p>\n<p><img loading=\"lazy\" decoding=\"async\" class=\"alignleft size-full wp-image-5010\" title=\"billets de banque de collection\" src=\"http:\/\/www.lecarrefourdesopinions.ca\/wp-content\/uploads\/2011\/03\/billets-de-banque-de-collection4.jpg\" alt=\"\" width=\"596\" height=\"328\" srcset=\"http:\/\/www.lecarrefourdesopinions.ca\/wp-content\/uploads\/2011\/03\/billets-de-banque-de-collection4.jpg 596w, http:\/\/www.lecarrefourdesopinions.ca\/wp-content\/uploads\/2011\/03\/billets-de-banque-de-collection4-300x165.jpg 300w, http:\/\/www.lecarrefourdesopinions.ca\/wp-content\/uploads\/2011\/03\/billets-de-banque-de-collection4-400x220.jpg 400w\" sizes=\"auto, (max-width: 596px) 100vw, 596px\" \/><\/p>\n<p>&nbsp;<\/p>\n<script type=\"text\/javascript\">\n\nvar addthis_config = {\"data_track_clickback\":false,\"data_track_addressbar\":false,\"data_track_textcopy\":false};\n<\/script><script type=\"text\/javascript\" src=\"\/\/s7.addthis.com\/js\/250\/addthis_widget.js#pubid=a457a6d63fb9e6ccabdde4110343bd85\"><\/script>","protected":false},"excerpt":{"rendered":"<p>Savais\u2026Savais pas.<\/p>\n<p>  <span style=\"color: #800000;\">Par Eric E.G. NOGARD<\/span> <\/p>\n<p>&nbsp;<\/p>\n<p>Il est des questions dont la r\u00e9ponse est pr\u00e9visible quand on conna\u00eet son Monde.<\/p>\n<p>&nbsp;<\/p>\n<p>Ainsi, s\u2019agit-il d\u2019une question qui flatte la Vanit\u00e9\u00a0:<\/p>\n<p>&nbsp;<\/p>\n<p>Saviez-vous que la  Louisiane fut &hellip;<\/p>\n","protected":false},"author":1,"featured_media":0,"comment_status":"open","ping_status":"open","sticky":false,"template":"","format":"standard","meta":{"footnotes":""},"categories":[1],"tags":[],"class_list":["post-5004","post","type-post","status-publish","format-standard","hentry","category-accueil"],"_links":{"self":[{"href":"http:\/\/www.lecarrefourdesopinions.ca\/index.php?rest_route=\/wp\/v2\/posts\/5004","targetHints":{"allow":["GET"]}}],"collection":[{"href":"http:\/\/www.lecarrefourdesopinions.ca\/index.php?rest_route=\/wp\/v2\/posts"}],"about":[{"href":"http:\/\/www.lecarrefourdesopinions.ca\/index.php?rest_route=\/wp\/v2\/types\/post"}],"author":[{"embeddable":true,"href":"http:\/\/www.lecarrefourdesopinions.ca\/index.php?rest_route=\/wp\/v2\/users\/1"}],"replies":[{"embeddable":true,"href":"http:\/\/www.lecarrefourdesopinions.ca\/index.php?rest_route=%2Fwp%2Fv2%2Fcomments&post=5004"}],"version-history":[{"count":5,"href":"http:\/\/www.lecarrefourdesopinions.ca\/index.php?rest_route=\/wp\/v2\/posts\/5004\/revisions"}],"predecessor-version":[{"id":5018,"href":"http:\/\/www.lecarrefourdesopinions.ca\/index.php?rest_route=\/wp\/v2\/posts\/5004\/revisions\/5018"}],"wp:attachment":[{"href":"http:\/\/www.lecarrefourdesopinions.ca\/index.php?rest_route=%2Fwp%2Fv2%2Fmedia&parent=5004"}],"wp:term":[{"taxonomy":"category","embeddable":true,"href":"http:\/\/www.lecarrefourdesopinions.ca\/index.php?rest_route=%2Fwp%2Fv2%2Fcategories&post=5004"},{"taxonomy":"post_tag","embeddable":true,"href":"http:\/\/www.lecarrefourdesopinions.ca\/index.php?rest_route=%2Fwp%2Fv2%2Ftags&post=5004"}],"curies":[{"name":"wp","href":"https:\/\/api.w.org\/{rel}","templated":true}]}}