{"id":4996,"date":"2011-03-30T09:39:34","date_gmt":"2011-03-30T13:39:34","guid":{"rendered":"http:\/\/www.lecarrefourdesopinions.ca\/?p=4996"},"modified":"2011-03-30T09:39:34","modified_gmt":"2011-03-30T13:39:34","slug":"le-totalitarisme-qui-nous-assaille-2","status":"publish","type":"post","link":"http:\/\/www.lecarrefourdesopinions.ca\/?p=4996","title":{"rendered":"Le totalitarisme qui  nous assaille ( 2)"},"content":{"rendered":"<p>Le totalitarisme qui\u00a0 nous assaille ( 2)<\/p>\n<p><em><img loading=\"lazy\" decoding=\"async\" class=\"alignleft size-thumbnail wp-image-4997\" title=\"photo Michel Frankland 2\" src=\"http:\/\/www.lecarrefourdesopinions.ca\/wp-content\/uploads\/2011\/03\/photo-Michel-Frankland-21-134x107.jpg\" alt=\"\" width=\"134\" height=\"107\" \/> <span style=\"color: #800000;\"> Par<\/span><\/em><em><span style=\"color: #800000;\"> Michel Frankland<\/span> <br \/><\/em><\/p>\n<p>&nbsp;<\/p>\n<p style=\"text-align: justify;\">Un des corollaires majeures, et particuli\u00e8rement destructeur pour la\u00a0 vitalit\u00e9 de la nation, consiste dans la fragmentation de la culture populaire.\u00a0 Le peuple, devient, dans cette vision totalitaire, une masse parmi\u00a0 les autres.\u00a0 Si bien que les desiderata de chaque groupuscule \u00e9quivalent aux d\u00e9sirs de la majorit\u00e9. Le port du kirpan \u00e0 l\u2019\u00e9cole, qu\u2019on n\u2019a plus le droit d\u2019interdire, est la pointe de l\u2019iceberg. Que dire des nombreux cong\u00e9s scolaires pour les f\u00eates religieuses des nombreuses religions qui viennent d\u2019atterrir ici ! Et des signes chr\u00e9tiens qui doivent dispara\u00eetre parce qu\u2019ils proviennent d\u2019une majorit\u00e9 crainte puisqu\u2019elle pourrait\u00a0 cr\u00e9er de par son nombre sup\u00e9rieur un pr\u00e9judice pour les autres \u2013 crucifix, arbres de No\u00ebl, etc.\u00a0 Par contre, les Juifs\u00a0 religieux ont\u00a0 droit d\u2019installer leurs filets \u00e0 l\u2019ext\u00e9rieur de leur r\u00e9sidence dans Outremont.\u00a0 Et on s\u2019est m\u00eame demand\u00e9 si une femme v\u00eatue de la burka aurait le droit de voter. Sans compter qu\u2019un gyn\u00e9cologue masculin n\u2019a pas le droit de traiter une musulmane. Et les piscines seront r\u00e9serv\u00e9es exclusivement aux femmes musulmanes, sans\u00a0 pr\u00e9sence masculine \u00abdangereuse\u00bb, voire quasi sacril\u00e8ge.<\/p>\n<p style=\"text-align: justify;\">La judicarisation\u00a0 s\u2019incarne donc aussi dans la segmentation culturelle aux d\u00e9pends de la tradition du peuple h\u00f4te. Mais elle se prolonge <img loading=\"lazy\" decoding=\"async\" class=\"alignleft size-medium wp-image-5000\" title=\"logo 2\" src=\"http:\/\/www.lecarrefourdesopinions.ca\/wp-content\/uploads\/2011\/03\/logo-2-300x225.jpg\" alt=\"\" width=\"300\" height=\"225\" srcset=\"http:\/\/www.lecarrefourdesopinions.ca\/wp-content\/uploads\/2011\/03\/logo-2-300x225.jpg 300w, http:\/\/www.lecarrefourdesopinions.ca\/wp-content\/uploads\/2011\/03\/logo-2-400x300.jpg 400w, http:\/\/www.lecarrefourdesopinions.ca\/wp-content\/uploads\/2011\/03\/logo-2.jpg 434w\" sizes=\"auto, (max-width: 300px) 100vw, 300px\" \/>aussi dans une autre application, \u00e9galement d\u00e9vastatrice \u2013 celle de la VICTIMISATION. L\u2019attitude\u00a0 victimaire, en effet, constitue un des sous-groupes privil\u00e9gi\u00e9s de la parcellisation \u00e9galitaire.\u00a0 La victimisation\u00a0 s\u2019av\u00e8re doublement perverse.\u00a0\u00a0 D\u2019une part, l\u2019\u00eatre humain a tendance \u00e0 d\u00e9fendre\u00a0 le d\u00e9favoris\u00e9.\u00a0 On prend spontan\u00e9ment pour David contre Goliath. De l\u00e0 \u00e0 conc\u00e9der aux victimaires des passe-droit et autres accrocs \u00e0 l\u2019\u00e9quit\u00e9, il n\u2019y a qu\u2019un pas joliment franchi. D\u2019autre part, le r\u00f4le de victime est tr\u00e8s couru par les personnes cherchant \u00e0 se d\u00e9rober \u00e0 leurs responsabilit\u00e9s.\u00a0 Va-t-on exiger du faible, du d\u00e9pourvu qui pleure sur le parvis public, des \u00e9tats de compte que son d\u00e9nuement ne pourrait supporter ?&#8230;\u00a0 Pensez aux nombreux sous-groupes qui ont jou\u00e9 \u00e0 fond cette carte aussi gagnante qu\u2019irresponsable.<\/p>\n<p style=\"text-align: justify;\">Comment pouvons-nous nous lib\u00e9rer du totalitarisme des chartes et des\u00a0 autres formes de l\u2019esprit dictatorial qui nous a savamment pris dans ce filet ?\u00a0 Comment se d\u00e9prendre d\u2019un syst\u00e8me qui balise excessivement le triple pouvoir \u00e0 la base m\u00eame de la d\u00e9mocratie ?\u00a0 Comment sortir de cette prise d\u2019otage ?<\/p>\n<p style=\"text-align: justify;\">Il convient d\u2019en informer le mieux possible nos citoyens.\u00a0 Il pourra na\u00eetre alors, \u00e9ventuellement, une force qui\u00a0 m\u00e8nerait \u00e0 un r\u00e9f\u00e9rendum gagnant pour supprimer les chartes.\u00a0 L\u2019autre solution, louang\u00e9e par certains et honnie par d\u2019autres, consiste dans l\u2019ind\u00e9pendance du Qu\u00e9bec. On pourrait alors s\u2019extraire de cette habile duperie. Mais rien ne garantit que nous ne retombions dans le m\u00eame traquenard des chartes.\u00a0 Dans cette deuxi\u00e8me hypoth\u00e8se, il faudrait lier au projet ind\u00e9pendantiste le rejet d\u00e9finitif des chartes.<\/p>\n<p style=\"text-align: justify;\"><strong>Michel Frankland<\/strong><br \/> site de bridge jug\u00e9 incontournable par les experts<br \/> <a href=\"http:\/\/pages.videotron.ca\/lepeuple\/\"><strong>http:\/\/pages.videotron.ca\/lepeuple\/<\/strong><\/a><\/p>\n<p style=\"text-align: justify;\">____________________________________________________________<\/p>\n<p style=\"text-align: justify;\"><strong>Christine Schwab<\/strong><br \/> psychologue comp\u00e9tente et extr\u00eamement honn\u00eate avec ses clients<br \/> (pas de prolongation inutile de traitement)<br \/> <a href=\"http:\/\/www.cschwab.net\/\"><strong>www.cschwab.net<\/strong><\/a><\/p>\n<p style=\"text-align: justify;\">____________________________________________________________<\/p>\n<p style=\"text-align: justify;\"><strong>Henri Cohen<\/strong><br \/> Un expert en pollution domestique et industrielle,<br \/> <a href=\"http:\/\/www.coblair.com\/\"><strong>www.coblair.com<\/strong><\/a><\/p>\n<p style=\"text-align: justify;\"><img loading=\"lazy\" decoding=\"async\" class=\"alignleft size-large wp-image-4998\" title=\"pub Jean Paul 3\" src=\"http:\/\/www.lecarrefourdesopinions.ca\/wp-content\/uploads\/2011\/03\/pub-Jean-Paul-34-1024x666.jpg\" alt=\"\" width=\"450\" height=\"292\" srcset=\"http:\/\/www.lecarrefourdesopinions.ca\/wp-content\/uploads\/2011\/03\/pub-Jean-Paul-34-1024x666.jpg 1024w, http:\/\/www.lecarrefourdesopinions.ca\/wp-content\/uploads\/2011\/03\/pub-Jean-Paul-34-300x195.jpg 300w, http:\/\/www.lecarrefourdesopinions.ca\/wp-content\/uploads\/2011\/03\/pub-Jean-Paul-34-400x260.jpg 400w, http:\/\/www.lecarrefourdesopinions.ca\/wp-content\/uploads\/2011\/03\/pub-Jean-Paul-34.jpg 1234w\" sizes=\"auto, (max-width: 450px) 100vw, 450px\" \/><\/p>\n<p style=\"text-align: justify;\">\n<script type=\"text\/javascript\">\n\nvar addthis_config = {\"data_track_clickback\":false,\"data_track_addressbar\":false,\"data_track_textcopy\":false};\n<\/script><script type=\"text\/javascript\" src=\"\/\/s7.addthis.com\/js\/250\/addthis_widget.js#pubid=a457a6d63fb9e6ccabdde4110343bd85\"><\/script>","protected":false},"excerpt":{"rendered":"<p>Le totalitarisme qui\u00a0 nous assaille ( 2)<\/p>\n<p> <span style=\"color: #800000;\"> Par<\/span><span style=\"color: #800000;\"> Michel Frankland<\/span> <\/p>\n<p>&nbsp;<\/p>\n<p style=\"text-align: justify;\">Un des corollaires majeures, et particuli\u00e8rement destructeur pour la\u00a0 vitalit\u00e9 de la nation, consiste dans la fragmentation de la culture populaire.\u00a0 Le peuple, devient, dans cette &hellip;<\/p>\n","protected":false},"author":1,"featured_media":0,"comment_status":"open","ping_status":"open","sticky":false,"template":"","format":"standard","meta":{"footnotes":""},"categories":[1],"tags":[],"class_list":["post-4996","post","type-post","status-publish","format-standard","hentry","category-accueil"],"_links":{"self":[{"href":"http:\/\/www.lecarrefourdesopinions.ca\/index.php?rest_route=\/wp\/v2\/posts\/4996","targetHints":{"allow":["GET"]}}],"collection":[{"href":"http:\/\/www.lecarrefourdesopinions.ca\/index.php?rest_route=\/wp\/v2\/posts"}],"about":[{"href":"http:\/\/www.lecarrefourdesopinions.ca\/index.php?rest_route=\/wp\/v2\/types\/post"}],"author":[{"embeddable":true,"href":"http:\/\/www.lecarrefourdesopinions.ca\/index.php?rest_route=\/wp\/v2\/users\/1"}],"replies":[{"embeddable":true,"href":"http:\/\/www.lecarrefourdesopinions.ca\/index.php?rest_route=%2Fwp%2Fv2%2Fcomments&post=4996"}],"version-history":[{"count":3,"href":"http:\/\/www.lecarrefourdesopinions.ca\/index.php?rest_route=\/wp\/v2\/posts\/4996\/revisions"}],"predecessor-version":[{"id":5200,"href":"http:\/\/www.lecarrefourdesopinions.ca\/index.php?rest_route=\/wp\/v2\/posts\/4996\/revisions\/5200"}],"wp:attachment":[{"href":"http:\/\/www.lecarrefourdesopinions.ca\/index.php?rest_route=%2Fwp%2Fv2%2Fmedia&parent=4996"}],"wp:term":[{"taxonomy":"category","embeddable":true,"href":"http:\/\/www.lecarrefourdesopinions.ca\/index.php?rest_route=%2Fwp%2Fv2%2Fcategories&post=4996"},{"taxonomy":"post_tag","embeddable":true,"href":"http:\/\/www.lecarrefourdesopinions.ca\/index.php?rest_route=%2Fwp%2Fv2%2Ftags&post=4996"}],"curies":[{"name":"wp","href":"https:\/\/api.w.org\/{rel}","templated":true}]}}