{"id":4992,"date":"2011-03-23T09:22:54","date_gmt":"2011-03-23T13:22:54","guid":{"rendered":"http:\/\/www.lecarrefourdesopinions.ca\/?p=4992"},"modified":"2011-03-23T09:22:54","modified_gmt":"2011-03-23T13:22:54","slug":"le-totalitarisme-qui-nous-assaille-1","status":"publish","type":"post","link":"http:\/\/www.lecarrefourdesopinions.ca\/?p=4992","title":{"rendered":"Le totalitarisme qui  nous assaille (1)"},"content":{"rendered":"<p>Le totalitarisme qui\u00a0 nous assaille (1)<\/p>\n<p><em><img loading=\"lazy\" decoding=\"async\" class=\"alignleft size-thumbnail wp-image-4993\" title=\"photo Michel Frankland 2\" src=\"http:\/\/www.lecarrefourdesopinions.ca\/wp-content\/uploads\/2011\/03\/photo-Michel-Frankland-2-134x107.jpg\" alt=\"\" width=\"134\" height=\"107\" \/> <span style=\"color: #800000;\"> Par<\/span><\/em><span style=\"color: #800000;\"><em> Michel Frankland\u00a0\u00a0\u00a0\u00a0\u00a0 <br \/><\/em><\/span><\/p>\n<p><strong> <\/strong><\/p>\n<p style=\"text-align: justify;\">Le texte suivant est largement inspir\u00e9 d\u2019une entrevue accord\u00e9e par Mathieu Bock-C\u00f4t\u00e9 \u00e0 Jean-Philippe Trottier de Radio Ville-Marie le 10 mars 2011<a href=\"#_ftn1\">[1]<\/a>. Bock-C\u00f4t\u00e9 m\u2019appara\u00eet la meilleure t\u00eate socio-politique au Qu\u00e9bec.\u00a0 Le texte qui suit met en lumi\u00e8re le\u00a0 fond du probl\u00e8me social\u00a0 avec lequel nous sommes aux prises comme collectivit\u00e9.<\/p>\n<p style=\"text-align: justify;\">Nous avons subi certains totalitarismes\u00a0: celui d\u2019Hitler, du marxisme, de Pol Pot. Le totalitarisme\u00a0 se d\u00e9finit par la conviction pour un groupe d\u2019avoir la seule v\u00e9rit\u00e9 politique. Il doit cons\u00e9quemment\u00a0 l\u2019imposer \u00e0 tout le monde.\u00a0 Ceux qui\u00a0 ne partagent pas cette id\u00e9ologie\u00a0 sont jug\u00e9s m\u00e9prisables pour ce groupe illumin\u00e9.<\/p>\n<p style=\"text-align: justify;\">Le totalitarisme que nous subissons aujourd\u2019hui est\u00a0 celui\u00a0 de certains intellectuels.\u00a0 Il s\u2019agit de ceux\u00a0 qui m\u00e9prisent\u00a0 le peuple, qu\u2019ils jugent incapable d\u2019une v\u00e9ritable d\u00e9mocratie. Ils craignent le populisme.\u00a0 Ils estiment en effet que le peuple n\u2019a\u00a0 pas les capacit\u00e9s requises pour pratiquer le respect d\u2019autrui,\u00a0 et plus g\u00e9n\u00e9ralement, la v\u00e9ritable d\u00e9mocratie. Pour ces illumin\u00e9s de l\u2019intellect, le peuple est\u00a0 trop instinctif.\u00a0 Il ne peut exercer\u00a0 le recul et la s\u00e9r\u00e9nit\u00e9 n\u00e9cessaires \u00e0 la v\u00e9ritable d\u00e9mocratie. Bref, \u00e0 leurs yeux, le peuple n\u2019est\u00a0 qu\u2019une masse dont il est imp\u00e9rieux de baliser les \u00e9lans vitaux , facilement racistes, par un ensemble de loi, et particuli\u00e8rement par des chartes. Trudeau est donc un de leurs mod\u00e8les.<\/p>\n<p style=\"text-align: justify;\">\n<p style=\"text-align: justify;\">Chacun d\u2019entre nous compte parmi ses amis des ath\u00e9es\u00a0 intellectuels. Il n\u2019y a en soi\u00a0 rien l\u00e0\u00a0 de r\u00e9pr\u00e9hensible.\u00a0 Cependant, lorsque cette <img loading=\"lazy\" decoding=\"async\" class=\"alignleft size-medium wp-image-5002\" title=\"logo 2\" src=\"http:\/\/www.lecarrefourdesopinions.ca\/wp-content\/uploads\/2011\/03\/logo-21-300x225.jpg\" alt=\"\" width=\"300\" height=\"225\" srcset=\"http:\/\/www.lecarrefourdesopinions.ca\/wp-content\/uploads\/2011\/03\/logo-21-300x225.jpg 300w, http:\/\/www.lecarrefourdesopinions.ca\/wp-content\/uploads\/2011\/03\/logo-21-400x300.jpg 400w, http:\/\/www.lecarrefourdesopinions.ca\/wp-content\/uploads\/2011\/03\/logo-21.jpg 434w\" sizes=\"auto, (max-width: 300px) 100vw, 300px\" \/>double caract\u00e9ristique prend la tangente du m\u00e9pris du peuple et se forme en caste totalitaire, nous nous trouvons aux prises avec des ennemis de la d\u00e9mocratie. Le cas du maire Jean Tremblay \u00a0d\u2019Alma\u00a0 l\u2019illustre bien.\u00a0 Pour rendre plus \u00e9vident le conflit, supposons qu\u2019il n\u2019y avait au Saguenay\u00a0 qu\u2019un seul ath\u00e9e. Celui-ci pourrait, de par les toutes-puissantes chartes, interdire au maire de faire la pri\u00e8re au d\u00e9but de la r\u00e9union. Notons la contradiction ! Le totalitarisme use ici de sa massue contre ce qui, \u00e0 l\u2019\u00e9vidence, refl\u00e8te la culture populaire de la r\u00e9gion. C\u2019est donc inspir\u00e9 par la nouvelle religion du totalitarisme, qu\u2019on veut juguler une pratique religieuse relevant de notre histoire.<\/p>\n<p style=\"text-align: justify;\">\n<p style=\"text-align: justify;\">Ces pharisiens modernes estiment le peuple incapable de s\u2019int\u00e9grer \u00e0\u00a0 la diversit\u00e9 contemporaine, et plus g\u00e9n\u00e9ralement, \u00e0 la mondialisation. Il faut donc imposer aux \u00abmasses sans vision\u00bb, et qu\u2019ils jugent naturellement racistes, l\u2019acceptation de la diversit\u00e9.\u00a0 Le \u00a0peuple se voit ainsi\u00a0 imposer\u00a0 la possibilit\u00e9 du port\u00a0 du kirpan \u00e0 l\u2019\u00e9cole.\u00a0 On lui rentre\u00a0 dans la gorge les\u00a0 accommodements \u00abraisonnables\u00bb.\u00a0 Mais ceux-ci n\u2019ont rien de raisonnable puisqu\u2019ils prennent le probl\u00e8me \u00e0 l\u2019envers. Ils occultent\u00a0 l\u2019histoire, volet pour eux dangereux puisqu\u2019il constitue le compte-rendu des exc\u00e8s instinctifs populaires \u00e0 travers\u00a0 le temps. Surtout si la culture populaire est impr\u00e9gn\u00e9e de religion, ennemie majeure de ces chantres de l\u2019ath\u00e9isme \u00ablib\u00e9rateur\u00bb.<\/p>\n<p style=\"text-align: justify;\">Le cheminement normal aurait consist\u00e9 \u00e0 partir des valeurs\u00a0 et racines du peuple h\u00f4te et de s\u2019interroger\u00a0 cons\u00e9quemment sur la n\u00e9cessit\u00e9 de certains accommodement raisonnables. Ils ont ainsi rejet\u00e9 le pass\u00e9 du Qu\u00e9bec, identifi\u00e9 par le vocable d\u00e9finitif de \u00abLa grande noirceur\u00bb. La Commission Bouchard-Taylor brille donc au firmament du totalitarisme de ces intellectuels.<\/p>\n<p style=\"text-align: justify;\">\n<p style=\"text-align: justify;\">Le totalitarisme nazi avait deux ennemis\u00a0: une race (les Juifs) et une id\u00e9ologie (la gauche, et surtout le marxisme).\u00a0 Il fallait donc\u00a0 les exterminer. Le totalitarisme des \u00abchartistes\u00bb modernes utilise la JUDICARISATION comme moyen d\u2019extermination. Il s\u2019agit d\u2019enlever aux \u00abmasses ignares\u00bb le pouvoir principal dont il dispose, \u00e0 savoir le pouvoir politique. Ils entendent annihiler au maximum\u00a0 la l\u00e9gitimit\u00e9 des assembl\u00e9es \u00e9lues. D\u2019o\u00f9 les chartes, tel que mentionn\u00e9 plus haut. Comprenons bien l\u2019effet pervers des chartes. Elles affirment implicitement que le triple pouvoir \u00e0 la base m\u00eame de la d\u00e9mocratie ,\u00a0 l\u2019ex\u00e9cutif, le l\u00e9gislatif\u00a0 et judiciaire,\u00a0 devient op\u00e9rant SEULEMENT SI LES CHARTES LE PERMETTENT.<\/p>\n<p style=\"text-align: justify;\"><strong>Michel Frankland<\/strong><br \/> site de bridge jug\u00e9 incontournable par les experts<br \/> <a href=\"http:\/\/pages.videotron.ca\/lepeuple\/\"><strong>http:\/\/pages.videotron.ca\/lepeuple\/<\/strong><\/a><\/p>\n<p style=\"text-align: justify;\">____________________________________________________________<\/p>\n<p style=\"text-align: justify;\"><strong>Christine Schwab<\/strong><br \/> psychologue comp\u00e9tente et extr\u00eamement honn\u00eate avec ses clients<br \/> (pas de prolongation inutile de traitement)<br \/> <a href=\"http:\/\/www.cschwab.net\/\"><strong>www.cschwab.net<\/strong><\/a><\/p>\n<p style=\"text-align: justify;\">____________________________________________________________<\/p>\n<p style=\"text-align: justify;\"><strong>Henri Cohen<\/strong><br \/> Un expert en pollution domestique et industrielle,<br \/> <a href=\"http:\/\/www.coblair.com\/\"><strong>www.coblair.com<\/strong><\/a><\/p>\n<p style=\"text-align: justify;\"><img loading=\"lazy\" decoding=\"async\" class=\"alignleft size-full wp-image-4994\" title=\"au l\u00e8che doigts\" src=\"http:\/\/www.lecarrefourdesopinions.ca\/wp-content\/uploads\/2011\/03\/au-l\u00e8che-doigts2.jpg\" alt=\"\" width=\"554\" height=\"252\" srcset=\"http:\/\/www.lecarrefourdesopinions.ca\/wp-content\/uploads\/2011\/03\/au-l\u00e8che-doigts2.jpg 554w, http:\/\/www.lecarrefourdesopinions.ca\/wp-content\/uploads\/2011\/03\/au-l\u00e8che-doigts2-300x136.jpg 300w, http:\/\/www.lecarrefourdesopinions.ca\/wp-content\/uploads\/2011\/03\/au-l\u00e8che-doigts2-400x181.jpg 400w\" sizes=\"auto, (max-width: 554px) 100vw, 554px\" \/><\/p>\n<p>&nbsp;<\/p>\n<p>&nbsp;<\/p>\n<hr size=\"1\" \/>\n<p><a href=\"#_ftnref1\">[1]<\/a> : <a href=\"http:\/\/www.youtube.com\/watch?v=Q9Jd0EpQagE&amp;feature=related\">http:\/\/www.youtube.com\/watch?v=Q9Jd0EpQagE&amp;feature=related<\/a> et: \u00a0<br \/> <a href=\"http:\/\/www.youtube.com\/watch?v=N1Sw8qrIf6Y\">http:\/\/www.youtube.com\/watch?v=N1Sw8qrIf6Y<\/a><\/p>\n<script type=\"text\/javascript\">\n\nvar addthis_config = {\"data_track_clickback\":false,\"data_track_addressbar\":false,\"data_track_textcopy\":false};\n<\/script><script type=\"text\/javascript\" src=\"\/\/s7.addthis.com\/js\/250\/addthis_widget.js#pubid=a457a6d63fb9e6ccabdde4110343bd85\"><\/script>","protected":false},"excerpt":{"rendered":"<p>Le totalitarisme qui\u00a0 nous assaille (1)<\/p>\n<p> <span style=\"color: #800000;\"> Par<\/span><span style=\"color: #800000;\"> Michel Frankland\u00a0\u00a0\u00a0\u00a0\u00a0 <\/span><\/p>\n<\/p>\n<p style=\"text-align: justify;\">Le texte suivant est largement inspir\u00e9 d\u2019une entrevue accord\u00e9e par Mathieu Bock-C\u00f4t\u00e9 \u00e0 Jean-Philippe Trottier de Radio Ville-Marie le 10 mars 2011[1]. Bock-C\u00f4t\u00e9 m\u2019appara\u00eet la meilleure t\u00eate socio-politique &hellip;<\/p>\n","protected":false},"author":1,"featured_media":0,"comment_status":"open","ping_status":"open","sticky":false,"template":"","format":"standard","meta":{"footnotes":""},"categories":[1],"tags":[],"class_list":["post-4992","post","type-post","status-publish","format-standard","hentry","category-accueil"],"_links":{"self":[{"href":"http:\/\/www.lecarrefourdesopinions.ca\/index.php?rest_route=\/wp\/v2\/posts\/4992","targetHints":{"allow":["GET"]}}],"collection":[{"href":"http:\/\/www.lecarrefourdesopinions.ca\/index.php?rest_route=\/wp\/v2\/posts"}],"about":[{"href":"http:\/\/www.lecarrefourdesopinions.ca\/index.php?rest_route=\/wp\/v2\/types\/post"}],"author":[{"embeddable":true,"href":"http:\/\/www.lecarrefourdesopinions.ca\/index.php?rest_route=\/wp\/v2\/users\/1"}],"replies":[{"embeddable":true,"href":"http:\/\/www.lecarrefourdesopinions.ca\/index.php?rest_route=%2Fwp%2Fv2%2Fcomments&post=4992"}],"version-history":[{"count":3,"href":"http:\/\/www.lecarrefourdesopinions.ca\/index.php?rest_route=\/wp\/v2\/posts\/4992\/revisions"}],"predecessor-version":[{"id":5184,"href":"http:\/\/www.lecarrefourdesopinions.ca\/index.php?rest_route=\/wp\/v2\/posts\/4992\/revisions\/5184"}],"wp:attachment":[{"href":"http:\/\/www.lecarrefourdesopinions.ca\/index.php?rest_route=%2Fwp%2Fv2%2Fmedia&parent=4992"}],"wp:term":[{"taxonomy":"category","embeddable":true,"href":"http:\/\/www.lecarrefourdesopinions.ca\/index.php?rest_route=%2Fwp%2Fv2%2Fcategories&post=4992"},{"taxonomy":"post_tag","embeddable":true,"href":"http:\/\/www.lecarrefourdesopinions.ca\/index.php?rest_route=%2Fwp%2Fv2%2Ftags&post=4992"}],"curies":[{"name":"wp","href":"https:\/\/api.w.org\/{rel}","templated":true}]}}