{"id":4975,"date":"2011-03-14T15:51:23","date_gmt":"2011-03-14T19:51:23","guid":{"rendered":"http:\/\/www.lecarrefourdesopinions.ca\/?p=4975"},"modified":"2011-03-14T15:51:23","modified_gmt":"2011-03-14T19:51:23","slug":"brother-i-can-do-nothing-for-you","status":"publish","type":"post","link":"http:\/\/www.lecarrefourdesopinions.ca\/?p=4975","title":{"rendered":"Brother ! I can do nothing for You."},"content":{"rendered":"<p><em><strong>Brother\u00a0! I can do nothing for You.<\/strong><\/em><\/p>\n<p><em><img loading=\"lazy\" decoding=\"async\" class=\"alignleft size-thumbnail wp-image-4978\" title=\"photo \u00c9ric Nogard\" src=\"http:\/\/www.lecarrefourdesopinions.ca\/wp-content\/uploads\/2011\/03\/photo-\u00c9ric-Nogard4-134x107.jpg\" alt=\"\" width=\"134\" height=\"107\" \/> <span style=\"color: #800000;\"> Par Eric E.G. NOGARD\u00a0\u00a0\u00a0 <br \/><\/span><\/em><\/p>\n<p>&nbsp;<\/p>\n<p>Voil\u00e0 que sur le site \u00ab\u00a0Evolution Martinique\u00a0\u00bb,<\/p>\n<p>&nbsp;<\/p>\n<p><a href=\"http:\/\/evolutionmartinique.unblog.fr\/2011\/03\/09\/collectivite-unique-virassamy-sollicite-lurel-afin-dalerter-les-parlementaires-de-lassemblee-et-du-senat\/\">http:\/\/evolutionmartinique.unblog.fr\/2011\/03\/09\/collectivite-unique-virassamy-sollicite-lurel-afin-dalerter-les-parlementaires-de-lassemblee-et-du-senat\/<\/a><\/p>\n<p>&nbsp;<\/p>\n<p>Notre tr\u00e8s honorable et bien connu Joseph VIRASSAMY, \u00e9minent Politologue Martiniquais, s\u2019adresse dans une Lettre Ouverte \u00e0 Victorin LUREL, Pr\u00e9sident du Conseil R\u00e9gional de Guadeloupe, \u00ab\u00a0au sujet de la Collectivit\u00e9 Unique ci-devant Collectivit\u00e9 de Martinique.<\/p>\n<p>&nbsp;<\/p>\n<p><em>\u00ab\u00a0<span style=\"color: #800000;\">Je m\u2019adresse \u00e0 toi<\/span><\/em><span style=\"color: #800000;\"> <strong>\u2013 dit-il \u2013<\/strong> <em>car je sais ta Prudence et ta Sagesse en ce qui concerne la Guadeloupe\u2026 ta R\u00e9sistance aux Assauts du Pr\u00e9sident de la R\u00e9publique qui voudrait Vous Balancer dans le m\u00eame Pi\u00e8ge que la  Martinique.<\/em><\/span><\/p>\n<p><span style=\"color: #800000;\"> <\/span><\/p>\n<p><span style=\"color: #800000;\"><em>Nous verrons<\/em> <strong>\u2013 poursuit-il \u2013<\/strong> <em>si le Pr\u00e9sident de la  R\u00e9publique continue son Bluff\u2026 comme le Font d\u2019ailleurs TOUS les ELUS de MARTINIQUE qui continuent \u00e0 aller \u00e0 CONTRESENS des D\u00e9sirs de la Population.<\/em><\/span><\/p>\n<p><span style=\"color: #800000;\"> <\/span><\/p>\n<p><span style=\"color: #800000;\"><em>Cher CAMARADE Lurel<\/em> <strong>\u2013 conclut-il \u2013<\/strong> <strong>\u00ab\u00a0tr\u00e8s\u00a0Communistement\u00a0\u00bb, comme dirait Peppone \u2013<\/strong> <em>au Nom de tous les Martiniquais qui refusent cette perspective, et face \u00e0 la D\u00e9faillance de Tous nos Elus, Je TE CONFIE, \u00e0 TOI ELU GUADLOUPEEN, cette MISSION Citoyenne et R\u00e9publicaine.<\/em><\/span><\/p>\n<p><em> <\/em><\/p>\n<p><em><strong>Joseph VIRASSAMY<\/strong>, Section Socialiste de Fort-de-France.\u00a0\u00bb<\/em><\/p>\n<p>&nbsp;<\/p>\n<p>A notre avis, un avis n\u2019\u00e9tant que ce qu\u2019il est, chacun pouvant donner le sien car, Dieu Merci,\u00a0 ne sommes-nous pas en D\u00e9mocratie pour quelques jours encore.<\/p>\n<p>&nbsp;<\/p>\n<p>A notre avis, dans cette Gu\u00e9guerre Statutaire, seules deux Formations sont entr\u00e9es en Lice\u00a0:<\/p>\n<p>&nbsp;<\/p>\n<p>\u00fc Les R\u00e9solument Fran\u00e7ais pour le Meilleur et pour le Pire.<\/p>\n<p>&nbsp;<\/p>\n<p>\u00fc Les Polyteintes Nasyonaliss Matinic r\u00eavant d\u2019Ind\u00e9pendance.<\/p>\n<p>&nbsp;<\/p>\n<p>&nbsp;<\/p>\n<p>\u00d8 A l\u2019Evidence, les Premiers, rassembl\u00e9s sous la  Banni\u00e8re de \u00ab\u00a0Martinique Province Fran\u00e7aise\u00a0\u00bb qui pr\u00e9conisait le choix de l\u2019Article 72 de la Constitution, n\u2019a pas int\u00e9ress\u00e9 la Martinique outre mesure.<\/p>\n<p>&nbsp;<\/p>\n<p>\u00d8 A l\u2019Evidence, les autres ont confi\u00e9 leurs valises, bon gr\u00e9, mal gr\u00e9, aux Nasyonaliss Matinic, pour le plus beau des voyages en Pays des Merveilles, celui des Fantasmes et des Mirages.<\/p>\n<p>&nbsp;<\/p>\n<p>&nbsp;<\/p>\n<p>En tout \u00e9tat de cause\u00a0:<\/p>\n<p>&nbsp;<\/p>\n<ul>\n<li>VIRASSAMY, Socialiste \u00e0 l\u2019Entendre, a-t-il qualit\u00e9 pour confier les Destin\u00e9es de la  Martinique, sans l\u2019autorisation des Martiniquais et sans l\u2019autorisation de leurs Elus.<\/li>\n<\/ul>\n<p>&nbsp;<\/p>\n<ul>\n<li>LUREL, dans sa Prudence doubl\u00e9e de Sagesse, fourrera-t-il le nez dans les D\u00e9m\u00eal\u00e9s d\u2019Energum\u00e8nes trop stupides pour savoir ce qu\u2019ils veulent pour leur Pays, ne voyant que leurs poches \u00e0 remplir et le bout de\u2026 leur \u00ab\u00a0carabine\u00a0\u00bb \u00e0 d\u00e9charger pour manifester leur id\u00e9e atrophi\u00e9e de la Virilit\u00e9.<\/li>\n<\/ul>\n<p>&nbsp;<\/p>\n<ul>\n<li>Les Elus Martiniquais ne sont-ils pas sans exception de L\u00e9gitimes Elus voire tant de fois r\u00e9\u00e9lus, dans la mesure o\u00f9 leur Election n\u2019est contest\u00e9e par Personne.<\/li>\n<\/ul>\n<p>&nbsp;<\/p>\n<p>D\u00e8s lors, ne sont-ils pas les L\u00e9gitimes Mandataires d\u00fbment sortis des Urnes pour s\u2019exprimer au nom de leurs Mandants.<\/p>\n<p>&nbsp;<\/p>\n<ul>\n<li>M\u00eame si MANSCOUR et ALMONT semblent impropres \u00e0 assumer leur Mission de Parlementaires au regard des consid\u00e9rations \u00e9voqu\u00e9es par VIRASSAMY, il demeure certain que LISE et MARIE-JEANNE n\u2019ont jamais tromp\u00e9 personne quant \u00e0 leur id\u00e9ologie et leurs intentions.<\/li>\n<\/ul>\n<p>&nbsp;<\/p>\n<p>En cons\u00e9quence, LUREL serait bien mal inspir\u00e9 d\u2019ouvrir sa garde \u00e0 DOMOTA en tentant de se substituer au Quartet Martiniquais de l\u2019Assembl\u00e9e Nationale Fran\u00e7aise.<\/p>\n<p>&nbsp;<\/p>\n<ul>\n<li>Le Pr\u00e9sident de la R\u00e9publique \u00e9tant le Repr\u00e9sentant de Tous les Fran\u00e7ais, ne doit-il pas comme le veut la D\u00e9mocratie, prendre en <img loading=\"lazy\" decoding=\"async\" class=\"alignleft size-thumbnail wp-image-4984\" title=\"Fleur 10\" src=\"http:\/\/www.lecarrefourdesopinions.ca\/wp-content\/uploads\/2011\/03\/Fleur-10-134x107.jpg\" alt=\"\" width=\"134\" height=\"107\" \/>Compte l\u2019Opinion de la  Majorit\u00e9 des Fran\u00e7ais, au regard d\u2019Individus trop inspir\u00e9s par des chim\u00e8res, pour se rappeler ou pour savoir ce que c\u2019est que d\u2019\u00catre Fran\u00e7ais.<\/li>\n<\/ul>\n<p>&nbsp;<\/p>\n<p>&nbsp;<\/p>\n<p>D\u00e8s lors, que VIRASSAMY laisse aller le Radeau au Fil de l\u2019Eau, \u00e0 moins qu\u2019il se rappelle sa surdit\u00e9 \u2013 ou sa pusillanimit\u00e9 \u2013 \u00e0 l\u2019\u00e9gard des v\u00e9h\u00e9mentes mises en garde de \u00ab\u00a0Martinique Province Fran\u00e7aise\u00a0\u00bb en faveur de l\u2019Article 72 de la  Constitution Fran\u00e7aise.<\/p>\n<p>&nbsp;<\/p>\n<p><strong>Il en \u00e9tait encore temps, rien n\u2019emp\u00eachait d\u2019en faire le choix, ce qui e\u00fbt permis de faire l\u2019Economie de propos manifestement injurieux et gratuits \u00e0 l\u2019encontre du Chef de l\u2019Etat.<\/strong><\/p>\n<p><strong><span style=\"text-decoration: underline;\">Liens Sugg\u00e9r\u00e9s\u00a0:<\/span><\/strong><\/p>\n<p>&nbsp;<\/p>\n<ul>\n<li><strong><a href=\"http:\/\/www.lescrutateur.com\/\">http:\/\/www.lescrutateur.com\/<\/a> <\/strong><\/li>\n<\/ul>\n<p><strong><a href=\"http:\/\/www.etatsgenerauxdeloutremer.fr\/reflexions\">http:\/\/www.etatsgenerauxdeloutremer.fr\/reflexions<\/a><\/strong><\/p>\n<p><img loading=\"lazy\" decoding=\"async\" class=\"alignleft size-full wp-image-4979\" title=\"billets de banque de collection\" src=\"http:\/\/www.lecarrefourdesopinions.ca\/wp-content\/uploads\/2011\/03\/billets-de-banque-de-collection3.jpg\" alt=\"\" width=\"596\" height=\"328\" srcset=\"http:\/\/www.lecarrefourdesopinions.ca\/wp-content\/uploads\/2011\/03\/billets-de-banque-de-collection3.jpg 596w, http:\/\/www.lecarrefourdesopinions.ca\/wp-content\/uploads\/2011\/03\/billets-de-banque-de-collection3-300x165.jpg 300w, http:\/\/www.lecarrefourdesopinions.ca\/wp-content\/uploads\/2011\/03\/billets-de-banque-de-collection3-400x220.jpg 400w\" sizes=\"auto, (max-width: 596px) 100vw, 596px\" \/><\/p>\n<script type=\"text\/javascript\">\n\nvar addthis_config = {\"data_track_clickback\":false,\"data_track_addressbar\":false,\"data_track_textcopy\":false};\n<\/script><script type=\"text\/javascript\" src=\"\/\/s7.addthis.com\/js\/250\/addthis_widget.js#pubid=a457a6d63fb9e6ccabdde4110343bd85\"><\/script>","protected":false},"excerpt":{"rendered":"<p>Brother\u00a0! I can do nothing for You.<\/p>\n<p> <span style=\"color: #800000;\"> Par Eric E.G. NOGARD\u00a0\u00a0\u00a0 <\/span><\/p>\n<p>&nbsp;<\/p>\n<p>Voil\u00e0 que sur le site \u00ab\u00a0Evolution Martinique\u00a0\u00bb,<\/p>\n<p>&nbsp;<\/p>\n<p>http:\/\/evolutionmartinique.unblog.fr\/2011\/03\/09\/collectivite-unique-virassamy-sollicite-lurel-afin-dalerter-les-parlementaires-de-lassemblee-et-du-senat\/<\/p>\n<p>&nbsp;<\/p>\n<p>Notre tr\u00e8s honorable et bien connu Joseph VIRASSAMY, \u00e9minent Politologue Martiniquais, s\u2019adresse &hellip;<\/p>\n","protected":false},"author":1,"featured_media":0,"comment_status":"open","ping_status":"open","sticky":false,"template":"","format":"standard","meta":{"footnotes":""},"categories":[1],"tags":[],"class_list":["post-4975","post","type-post","status-publish","format-standard","hentry","category-accueil"],"_links":{"self":[{"href":"http:\/\/www.lecarrefourdesopinions.ca\/index.php?rest_route=\/wp\/v2\/posts\/4975","targetHints":{"allow":["GET"]}}],"collection":[{"href":"http:\/\/www.lecarrefourdesopinions.ca\/index.php?rest_route=\/wp\/v2\/posts"}],"about":[{"href":"http:\/\/www.lecarrefourdesopinions.ca\/index.php?rest_route=\/wp\/v2\/types\/post"}],"author":[{"embeddable":true,"href":"http:\/\/www.lecarrefourdesopinions.ca\/index.php?rest_route=\/wp\/v2\/users\/1"}],"replies":[{"embeddable":true,"href":"http:\/\/www.lecarrefourdesopinions.ca\/index.php?rest_route=%2Fwp%2Fv2%2Fcomments&post=4975"}],"version-history":[{"count":5,"href":"http:\/\/www.lecarrefourdesopinions.ca\/index.php?rest_route=\/wp\/v2\/posts\/4975\/revisions"}],"predecessor-version":[{"id":5015,"href":"http:\/\/www.lecarrefourdesopinions.ca\/index.php?rest_route=\/wp\/v2\/posts\/4975\/revisions\/5015"}],"wp:attachment":[{"href":"http:\/\/www.lecarrefourdesopinions.ca\/index.php?rest_route=%2Fwp%2Fv2%2Fmedia&parent=4975"}],"wp:term":[{"taxonomy":"category","embeddable":true,"href":"http:\/\/www.lecarrefourdesopinions.ca\/index.php?rest_route=%2Fwp%2Fv2%2Fcategories&post=4975"},{"taxonomy":"post_tag","embeddable":true,"href":"http:\/\/www.lecarrefourdesopinions.ca\/index.php?rest_route=%2Fwp%2Fv2%2Ftags&post=4975"}],"curies":[{"name":"wp","href":"https:\/\/api.w.org\/{rel}","templated":true}]}}