{"id":4905,"date":"2011-03-23T09:19:38","date_gmt":"2011-03-23T13:19:38","guid":{"rendered":"http:\/\/www.lecarrefourdesopinions.ca\/?p=4905"},"modified":"2011-03-23T09:19:38","modified_gmt":"2011-03-23T13:19:38","slug":"commentaire-et-temoignage","status":"publish","type":"post","link":"http:\/\/www.lecarrefourdesopinions.ca\/?p=4905","title":{"rendered":"Commentaire et t\u00e9moignage"},"content":{"rendered":"<p><strong>Commentaire et t\u00e9moignage<\/strong><\/p>\n<p><strong> <\/strong><\/p>\n<p><span style=\"color: #800000;\"><strong><em><img loading=\"lazy\" decoding=\"async\" class=\"alignleft size-thumbnail wp-image-4906\" title=\"Alicja Myszkowska\" src=\"http:\/\/www.lecarrefourdesopinions.ca\/wp-content\/uploads\/2011\/03\/Alicja-Myszkowska-134x107.jpg\" alt=\"\" width=\"134\" height=\"107\" \/> Par Alicja Myszkowska\u00a0\u00a0\u00a0 <br \/><\/em><\/strong><\/span><\/p>\n<p><span style=\"color: #008000;\"><strong>\u201cC\u2019est la fragilit\u00e9 de notre soci\u00e9t\u00e9 qui nous fait craindre les autres\u201d<\/strong>.<\/span><\/p>\n<p>&nbsp;<\/p>\n<p>&nbsp;<\/p>\n<p style=\"text-align: justify;\"><strong>Pendant la guerre<\/strong>, j\u2019ai pass\u00e9 mes plus jeunes ann\u00e9es dans le midi de la France o\u00f9 le racisme \u00e9tait trop bien cach\u00e9 pour que je puisse vraiment m\u2019en apercevoir &#8211; mis \u00e0 part un \u00e9pisode dans un pr\u00e9ventorium que, de toute mani\u00e8re, je ne suis arriv\u00e9e \u00e0 d\u00e9coder qu\u2019en \u00e9crivant \u00e0 la retraite. Apr\u00e8s la guerre,\u00a0 classes nouvelles au Lyc\u00e9e de Nice. J\u2019avais des copines et des amies \u00e9gyptiennes \u00e0 peau noire, russes blanches ou encore venues <img loading=\"lazy\" decoding=\"async\" class=\"alignleft size-medium wp-image-4910\" title=\"9053_oies blanches\" src=\"http:\/\/www.lecarrefourdesopinions.ca\/wp-content\/uploads\/2011\/03\/9053_oies-blanches-300x200.jpg\" alt=\"\" width=\"300\" height=\"200\" srcset=\"http:\/\/www.lecarrefourdesopinions.ca\/wp-content\/uploads\/2011\/03\/9053_oies-blanches-300x200.jpg 300w, http:\/\/www.lecarrefourdesopinions.ca\/wp-content\/uploads\/2011\/03\/9053_oies-blanches-1024x685.jpg 1024w, http:\/\/www.lecarrefourdesopinions.ca\/wp-content\/uploads\/2011\/03\/9053_oies-blanches-400x267.jpg 400w\" sizes=\"auto, (max-width: 300px) 100vw, 300px\" \/>droit de la Martinique. On m\u2019aurait parl\u00e9 de racisme , j\u2019\u2019aurais trouv\u00e9 cela bien \u00e9trange?\u00a0 Qu\u00e9saco me serais -je demand\u00e9 ?\u00a0 Bien au contraire, je me trouvais favoris\u00e9e : les petites Polonaises par ci et par l\u00e0. On eut dit que les profs mettaient en valeur le moindre de mes succ\u00e8s &#8211; Je le leur rendais bien et les adorais d,autant plus qu\u2019on ne s\u2019ennuyait jamais au Lyc\u00e9e! Je briguais tout naturellement les premi\u00e8res\u00a0 et\/ou les secondes places. Personne, aucune copine ne me les contestais. Arriv\u00e9es \u00e0 Paris en 48 &#8211; rien ne va plus. Derni\u00e8re place en Fran\u00e7ais \u00e0 l\u2019exception d\u2019un seul devoir lu en classe par une rempla\u00e7ante quand notre professeur est tomb\u00e9e malade (sic!). Plus grave, une de mes copines me dit que le Polonais serait le patois du Russe !<\/p>\n<p style=\"text-align: justify;\">\n<p style=\"text-align: justify;\">\n<p style=\"text-align: justify;\"><strong>On me fait redoubler<\/strong>. Les organismes d\u2019aide aux R\u00e9fugi\u00e9s suppriment ma bourse et me voil\u00e0 dans une petite \u00e9cole de dessin de mode sans avenir &#8230; on me dira qu\u2019aujourd\u2019hui, j\u2019ai une Ma\u00eetrise de la Sorbonne avec mention Tr\u00e8s Bien : on m\u2019aura renvoy\u00e9e par la porte? Je suis donc revenue\u00a0 aux \u00e9tudes par des fen\u00eatres . Pendant ce temps ma soeur, revenue avec ma M\u00e8re en Pologne, \u00e9crivait un doctorat en m\u00e9decine sur la  L\u00e8pre en Afrique o\u00f9 elle d\u00e9c\u00e9d\u00e9e brusquement en 1973 &#8230; C\u2019est aussi \u00e0 cette \u00e9poque-l\u00e0 qu\u2019on a commenc\u00e9 \u00e0 nous reprocher en France le racisme envers une de nos anciennes ethnies &#8230;. et &#8230; je suis venue ici.<\/p>\n<p style=\"text-align: justify;\">\n<p style=\"text-align: justify;\">\n<p style=\"text-align: justify;\"><strong>Mais <\/strong>que s\u2019\u00e9tait-il donc pass\u00e9 en 1948 ? Quand je jette un regard en arri\u00e8re pour me rappeler mes petites copines polonaises \u00e0 Paris, je dois me rendre \u00e0 l\u2019\u00e9vidence que seules celles qui \u00e9taient pass\u00e9es par les Institutions religieuses &#8211; leurs couvents et les Bonnes Soeurs -, \u00e9taient parvenues <img loading=\"lazy\" decoding=\"async\" class=\"alignright size-medium wp-image-4911\" title=\"8101-oies-blanches\" src=\"http:\/\/www.lecarrefourdesopinions.ca\/wp-content\/uploads\/2011\/03\/8101-oies-blanches-300x200.jpg\" alt=\"\" width=\"300\" height=\"200\" srcset=\"http:\/\/www.lecarrefourdesopinions.ca\/wp-content\/uploads\/2011\/03\/8101-oies-blanches-300x200.jpg 300w, http:\/\/www.lecarrefourdesopinions.ca\/wp-content\/uploads\/2011\/03\/8101-oies-blanches-1024x685.jpg 1024w, http:\/\/www.lecarrefourdesopinions.ca\/wp-content\/uploads\/2011\/03\/8101-oies-blanches-400x267.jpg 400w, http:\/\/www.lecarrefourdesopinions.ca\/wp-content\/uploads\/2011\/03\/8101-oies-blanches.jpg 1162w\" sizes=\"auto, (max-width: 300px) 100vw, 300px\" \/>jusqu\u2019\u00e0 l\u2019Universit\u00e9&#8230;. et les \u00e9tudiants qui r\u00e9ussissaient \u00e0 passer \u00e0 travers les mailles du syst\u00e8me se trouvaient pour la plupart \u00e0 Strasbourg ou \u00e0 Grenoble ! Pire, pour le Parisien moyen, la Polonaise \u00e9tait une bonne \u00e0 tout faire tr\u00e8s comp\u00e9tente, mais voleuse\u00a0 (sic!)<\/p>\n<p style=\"text-align: justify;\"><strong>Pourquoi une telle diff\u00e9rence<\/strong> <span style=\"color: #0000ff;\"><strong>entre Paris d\u2019un c\u00f4t\u00e9 et le Midi de la France de l\u2019autre ? Bon, d\u2019accord, les gens du Midi sont les enfants du Soleil et de la bonne humeur&#8230;. mais encore ? Les gens qui nous pr\u00e9c\u00e8dent, laissent parfois une marque ind\u00e9l\u00e9bile. Paysans pauvres arriv\u00e9s de Pologne oeuvrant dans les mines de charbon, gens modestes et ob\u00e9issants \u00e0 leurs pr\u00eatres, mais fort peu exigeants en somme, d\u2019une part, aristocrates polonais perdant des fortunes \u00e0 Monte Carlo et aristocrates russes fuyant la R\u00e9volution &#8211; <img loading=\"lazy\" decoding=\"async\" class=\"alignleft size-medium wp-image-4917\" title=\"logo 8 004\" src=\"http:\/\/www.lecarrefourdesopinions.ca\/wp-content\/uploads\/2011\/03\/logo-8-0042-266x300.jpg\" alt=\"\" width=\"266\" height=\"300\" srcset=\"http:\/\/www.lecarrefourdesopinions.ca\/wp-content\/uploads\/2011\/03\/logo-8-0042-266x300.jpg 266w, http:\/\/www.lecarrefourdesopinions.ca\/wp-content\/uploads\/2011\/03\/logo-8-0042-400x450.jpg 400w, http:\/\/www.lecarrefourdesopinions.ca\/wp-content\/uploads\/2011\/03\/logo-8-0042.jpg 434w\" sizes=\"auto, (max-width: 266px) 100vw, 266px\" \/>tous gens fort bien \u00e9lev\u00e9s par ailleurs &#8211; auraient chacun de leur c\u00f4t\u00e9 laiss\u00e9 leur marque dans des esprits peu enclins \u00e0 remettre en cause leurs propres observations ou opinions ?<\/strong><\/span><\/p>\n<p style=\"text-align: justify;\">\n<p style=\"text-align: justify;\">Il en irait de m\u00eame des Qu\u00e9b\u00e9cois et Fran\u00e7ais ici. Ce seraient les fameux \u201cdonneurs de le\u00e7ons\u201d bien r\u00e9els qui auraient mis \u201cen maudit\u201d les Qu\u00e9b\u00e9cois et fait oublier les plus discrets, les plus gentils. Dommage ? Dommage peut-\u00eatre pour les Qu\u00e9b\u00e9cois en premier lieu &#8230;<\/p>\n<p style=\"text-align: justify;\">\n<p style=\"text-align: justify;\"><strong><span style=\"color: #800000;\"><br \/><\/span><\/strong><\/p>\n<p style=\"text-align: justify;\"><strong><span style=\"color: #800000;\"><span style=\"color: #0000ff;\">WWW.CCQC.CA<\/span><\/span><\/strong><\/p>\n<p style=\"text-align: justify;\"><strong><span style=\"color: #800000;\"><span style=\"color: #0000ff;\"><img loading=\"lazy\" decoding=\"async\" class=\"alignleft size-medium wp-image-4914\" title=\"Voyages_VolmarBC\" src=\"http:\/\/www.lecarrefourdesopinions.ca\/wp-content\/uploads\/2011\/03\/Voyages_VolmarBC5-300x199.jpg\" alt=\"\" width=\"300\" height=\"199\" srcset=\"http:\/\/www.lecarrefourdesopinions.ca\/wp-content\/uploads\/2011\/03\/Voyages_VolmarBC5-300x199.jpg 300w, http:\/\/www.lecarrefourdesopinions.ca\/wp-content\/uploads\/2011\/03\/Voyages_VolmarBC5-400x266.jpg 400w, http:\/\/www.lecarrefourdesopinions.ca\/wp-content\/uploads\/2011\/03\/Voyages_VolmarBC5.jpg 853w\" sizes=\"auto, (max-width: 300px) 100vw, 300px\" \/><img decoding=\"async\" class=\"alignright size-full wp-image-5039\" title=\"PUB GERARD\" src=\"http:\/\/www.lecarrefourdesopinions.ca\/wp-content\/uploads\/2011\/03\/PUB-GERARD1.bmp\" alt=\"\" \/><br \/><\/span><\/span><\/strong><\/p>\n<p>&nbsp;<\/p>\n<p>,<\/p>\n<p>.<\/p>\n<p>&nbsp;<\/p>\n<script type=\"text\/javascript\">\n\nvar addthis_config = {\"data_track_clickback\":false,\"data_track_addressbar\":false,\"data_track_textcopy\":false};\n<\/script><script type=\"text\/javascript\" src=\"\/\/s7.addthis.com\/js\/250\/addthis_widget.js#pubid=a457a6d63fb9e6ccabdde4110343bd85\"><\/script>","protected":false},"excerpt":{"rendered":"<p>Commentaire et t\u00e9moignage<\/p>\n<\/p>\n<p><span style=\"color: #800000;\"> Par Alicja Myszkowska\u00a0\u00a0\u00a0 <\/span><\/p>\n<p><span style=\"color: #008000;\">\u201cC\u2019est la fragilit\u00e9 de notre soci\u00e9t\u00e9 qui nous fait craindre les autres\u201d.<\/span><\/p>\n<p>&nbsp;<\/p>\n<p>&nbsp;<\/p>\n<p style=\"text-align: justify;\">Pendant la guerre, j\u2019ai pass\u00e9 mes plus jeunes ann\u00e9es dans le midi de la France o\u00f9 le &hellip;<\/p>\n","protected":false},"author":1,"featured_media":0,"comment_status":"open","ping_status":"open","sticky":false,"template":"","format":"standard","meta":{"footnotes":""},"categories":[1],"tags":[],"class_list":["post-4905","post","type-post","status-publish","format-standard","hentry","category-accueil"],"_links":{"self":[{"href":"http:\/\/www.lecarrefourdesopinions.ca\/index.php?rest_route=\/wp\/v2\/posts\/4905","targetHints":{"allow":["GET"]}}],"collection":[{"href":"http:\/\/www.lecarrefourdesopinions.ca\/index.php?rest_route=\/wp\/v2\/posts"}],"about":[{"href":"http:\/\/www.lecarrefourdesopinions.ca\/index.php?rest_route=\/wp\/v2\/types\/post"}],"author":[{"embeddable":true,"href":"http:\/\/www.lecarrefourdesopinions.ca\/index.php?rest_route=\/wp\/v2\/users\/1"}],"replies":[{"embeddable":true,"href":"http:\/\/www.lecarrefourdesopinions.ca\/index.php?rest_route=%2Fwp%2Fv2%2Fcomments&post=4905"}],"version-history":[{"count":5,"href":"http:\/\/www.lecarrefourdesopinions.ca\/index.php?rest_route=\/wp\/v2\/posts\/4905\/revisions"}],"predecessor-version":[{"id":5178,"href":"http:\/\/www.lecarrefourdesopinions.ca\/index.php?rest_route=\/wp\/v2\/posts\/4905\/revisions\/5178"}],"wp:attachment":[{"href":"http:\/\/www.lecarrefourdesopinions.ca\/index.php?rest_route=%2Fwp%2Fv2%2Fmedia&parent=4905"}],"wp:term":[{"taxonomy":"category","embeddable":true,"href":"http:\/\/www.lecarrefourdesopinions.ca\/index.php?rest_route=%2Fwp%2Fv2%2Fcategories&post=4905"},{"taxonomy":"post_tag","embeddable":true,"href":"http:\/\/www.lecarrefourdesopinions.ca\/index.php?rest_route=%2Fwp%2Fv2%2Ftags&post=4905"}],"curies":[{"name":"wp","href":"https:\/\/api.w.org\/{rel}","templated":true}]}}