{"id":4897,"date":"2011-03-16T09:45:40","date_gmt":"2011-03-16T13:45:40","guid":{"rendered":"http:\/\/www.lecarrefourdesopinions.ca\/?p=4897"},"modified":"2011-03-16T09:45:40","modified_gmt":"2011-03-16T13:45:40","slug":"soins-a-domicile-une","status":"publish","type":"post","link":"http:\/\/www.lecarrefourdesopinions.ca\/?p=4897","title":{"rendered":"SOINS \u00c0 DOMICILE une &#8230;."},"content":{"rendered":"<p>SOINS \u00c0 DOMICILE une obligation sociale.<\/p>\n<p><img loading=\"lazy\" decoding=\"async\" class=\"alignleft size-thumbnail wp-image-4898\" title=\"Claude Snow\" src=\"http:\/\/www.lecarrefourdesopinions.ca\/wp-content\/uploads\/2011\/03\/Claude-Snow-134x107.png\" alt=\"\" width=\"134\" height=\"107\" \/> <em><span style=\"color: #800000;\"> Par Claude Snow, <\/span><\/em><\/p>\n<p style=\"text-align: justify;\"><span style=\"color: #ff0000;\">La triste histoire du couple Hartling, en N.-\u00c9., rapport\u00e9e r\u00e9cemment, pourrait tr\u00e8s bien survenir ici m\u00eame, au NB<\/span>.<\/p>\n<p style=\"text-align: justify;\">\n<p style=\"text-align: justify;\"><strong><span style=\"color: #0000ff;\">Rappelons que le couple \u00e2g\u00e9 \u00e9tait atteint, lui de cancer, et son \u00e9pouse dela maladie d&rsquo;Alzheimer, Apr\u00e8s avoir consult\u00e9 quelqu&rsquo;un, l&rsquo;homme est retourn\u00e9 chez lui et il est d\u00e9c\u00e9d\u00e9 peu apr\u00e8s. Son \u00e9pouse a alors \u00e9t\u00e9 plac\u00e9e dans un centre de soins sp\u00e9cialis\u00e9s et elle aussi est d\u00e9c\u00e9d\u00e9e. Ce couple n&rsquo;\u00e9tait nullement en mesure de r\u00e9pondre \u00e0 leurs besoins, mais l&rsquo;homme refusait les services sociaux qui leur \u00e9taient offerts.<\/span><\/strong><\/p>\n<p style=\"text-align: justify;\"><strong><span style=\"color: #0000ff;\"> <\/span><\/strong><\/p>\n<p style=\"text-align: justify;\"><strong><span style=\"color: #0000ff;\">Souvent, dans des situations semblables, chacun se sent impuissant \u00e0 intervenir puisque la personne est lucide et d\u00e9sire demeurer autonome, alors qu&rsquo;elle n&rsquo;en est pas capable et qu&rsquo;elle a besoin de soins. On se demande s&rsquo;il faut lui imposer des <img loading=\"lazy\" decoding=\"async\" class=\"alignright size-thumbnail wp-image-4903\" title=\"fleures 8 002\" src=\"http:\/\/www.lecarrefourdesopinions.ca\/wp-content\/uploads\/2011\/03\/fleures-8-002-134x107.jpg\" alt=\"\" width=\"134\" height=\"107\" \/>services d&rsquo;aide pour des raisons humanitaires ou plut\u00f4t respecter ses droits individuels et sa vie priv\u00e9e.<\/span><\/strong><\/p>\n<p style=\"text-align: justify;\"><strong><span style=\"color: #0000ff;\"> <\/span><\/strong><\/p>\n<p style=\"text-align: justify;\"><strong><span style=\"color: #0000ff;\">Dans le cas de personnes n\u00e9glig\u00e9es, la loi permet d&rsquo;intervenir contre leur gr\u00e9. La cour peut ordonner qu&rsquo;elles restent l\u00e0 o\u00f9 elles r\u00e9sident, mais qu&rsquo;une auxiliaire familiale soit pr\u00e9sente pour s&rsquo;occuper d&rsquo;elles et ce, sous la surveillance des travailleurs sociaux.<\/span><\/strong><\/p>\n<p style=\"text-align: justify;\"><strong><span style=\"color: #0000ff;\"> <\/span><\/strong><\/p>\n<p style=\"text-align: justify;\"><strong><span style=\"color: #0000ff;\">Cela dit, r\u00e9tablir les services sociaux g\u00e9n\u00e9raux permettrait aux travailleurs sociaux d&rsquo;intervenir de fa\u00e7on non contraignante <img loading=\"lazy\" decoding=\"async\" class=\"alignleft size-full wp-image-4901\" title=\"nostalgie\" src=\"http:\/\/www.lecarrefourdesopinions.ca\/wp-content\/uploads\/2011\/03\/nostalgie1.jpg\" alt=\"\" width=\"91\" height=\"73\" \/>dans bien des situations. Ils pourraient alors avoir recours \u00e0 des moyens comme les visites pr\u00e9paratoires au placement, la concertation avec les proches et les co-interventions, mais tout cela requiert du temps et cette denr\u00e9e est rare dans les services sociaux.<\/span><\/strong><\/p>\n<p style=\"text-align: justify;\"><strong><span style=\"color: #0000ff;\"> <\/span><\/strong><\/p>\n<p style=\"text-align: justify;\"><strong><span style=\"color: #0000ff;\">Il serait simpliste de pr\u00e9tendre qu&rsquo;il suffit d&rsquo;offrir gentiment de l&rsquo;aide aux personnes n\u00e9glig\u00e9es. Dans bien des cas, le recours aux tribunaux s&rsquo;av\u00e8re la seule option possible. N&rsquo;est-ce pas, cependant, que chacun de nous souhaiterait que les professionnels nous tendent la main, plut\u00f4t que nous tordent le bras si, un jour, nos facult\u00e9s s&rsquo;affaiblissent au point o\u00f9 nous sommes incapables de voir ce qui est le mieux pour nous?<\/span><\/strong><\/p>\n<p style=\"text-align: justify;\"><strong><span style=\"color: #0000ff;\"><img loading=\"lazy\" decoding=\"async\" class=\"alignleft size-large wp-image-4899\" title=\"pub Jean Paul 3\" src=\"http:\/\/www.lecarrefourdesopinions.ca\/wp-content\/uploads\/2011\/03\/pub-Jean-Paul-32-1024x666.jpg\" alt=\"\" width=\"450\" height=\"292\" srcset=\"http:\/\/www.lecarrefourdesopinions.ca\/wp-content\/uploads\/2011\/03\/pub-Jean-Paul-32-1024x666.jpg 1024w, http:\/\/www.lecarrefourdesopinions.ca\/wp-content\/uploads\/2011\/03\/pub-Jean-Paul-32-300x195.jpg 300w, http:\/\/www.lecarrefourdesopinions.ca\/wp-content\/uploads\/2011\/03\/pub-Jean-Paul-32-400x260.jpg 400w, http:\/\/www.lecarrefourdesopinions.ca\/wp-content\/uploads\/2011\/03\/pub-Jean-Paul-32.jpg 1234w\" sizes=\"auto, (max-width: 450px) 100vw, 450px\" \/><br \/><\/span><\/strong><\/p>\n<p style=\"text-align: justify;\"><strong><span style=\"color: #0000ff;\"> <\/span><\/strong><\/p>\n<p style=\"text-align: justify;\"><strong><span style=\"color: #0000ff;\"> <\/span><\/strong><\/p>\n<script type=\"text\/javascript\">\n\nvar addthis_config = {\"data_track_clickback\":false,\"data_track_addressbar\":false,\"data_track_textcopy\":false};\n<\/script><script type=\"text\/javascript\" src=\"\/\/s7.addthis.com\/js\/250\/addthis_widget.js#pubid=a457a6d63fb9e6ccabdde4110343bd85\"><\/script>","protected":false},"excerpt":{"rendered":"<p>SOINS \u00c0 DOMICILE une obligation sociale.<\/p>\n<p> <span style=\"color: #800000;\"> Par Claude Snow, <\/span><\/p>\n<p style=\"text-align: justify;\"><span style=\"color: #ff0000;\">La triste histoire du couple Hartling, en N.-\u00c9., rapport\u00e9e r\u00e9cemment, pourrait tr\u00e8s bien survenir ici m\u00eame, au NB<\/span>.<\/p>\n<p style=\"text-align: justify;\">\n<p style=\"text-align: justify;\"><span style=\"color: #0000ff;\">Rappelons que le couple \u00e2g\u00e9 \u00e9tait atteint, lui de <\/span>&hellip;<\/p>\n","protected":false},"author":1,"featured_media":0,"comment_status":"open","ping_status":"open","sticky":false,"template":"","format":"standard","meta":{"footnotes":""},"categories":[1],"tags":[],"class_list":["post-4897","post","type-post","status-publish","format-standard","hentry","category-accueil"],"_links":{"self":[{"href":"http:\/\/www.lecarrefourdesopinions.ca\/index.php?rest_route=\/wp\/v2\/posts\/4897","targetHints":{"allow":["GET"]}}],"collection":[{"href":"http:\/\/www.lecarrefourdesopinions.ca\/index.php?rest_route=\/wp\/v2\/posts"}],"about":[{"href":"http:\/\/www.lecarrefourdesopinions.ca\/index.php?rest_route=\/wp\/v2\/types\/post"}],"author":[{"embeddable":true,"href":"http:\/\/www.lecarrefourdesopinions.ca\/index.php?rest_route=\/wp\/v2\/users\/1"}],"replies":[{"embeddable":true,"href":"http:\/\/www.lecarrefourdesopinions.ca\/index.php?rest_route=%2Fwp%2Fv2%2Fcomments&post=4897"}],"version-history":[{"count":4,"href":"http:\/\/www.lecarrefourdesopinions.ca\/index.php?rest_route=\/wp\/v2\/posts\/4897\/revisions"}],"predecessor-version":[{"id":5023,"href":"http:\/\/www.lecarrefourdesopinions.ca\/index.php?rest_route=\/wp\/v2\/posts\/4897\/revisions\/5023"}],"wp:attachment":[{"href":"http:\/\/www.lecarrefourdesopinions.ca\/index.php?rest_route=%2Fwp%2Fv2%2Fmedia&parent=4897"}],"wp:term":[{"taxonomy":"category","embeddable":true,"href":"http:\/\/www.lecarrefourdesopinions.ca\/index.php?rest_route=%2Fwp%2Fv2%2Fcategories&post=4897"},{"taxonomy":"post_tag","embeddable":true,"href":"http:\/\/www.lecarrefourdesopinions.ca\/index.php?rest_route=%2Fwp%2Fv2%2Ftags&post=4897"}],"curies":[{"name":"wp","href":"https:\/\/api.w.org\/{rel}","templated":true}]}}