{"id":4873,"date":"2011-03-08T16:04:53","date_gmt":"2011-03-08T21:04:53","guid":{"rendered":"http:\/\/www.lecarrefourdesopinions.ca\/?p=4873"},"modified":"2011-03-08T17:50:23","modified_gmt":"2011-03-08T22:50:23","slug":"avis-de-deces","status":"publish","type":"post","link":"http:\/\/www.lecarrefourdesopinions.ca\/?p=4873","title":{"rendered":"AVIS DE DECES"},"content":{"rendered":"<p style=\"text-align: center;\"><strong>AVIS DE D\u00c9C\u00c8S<span style=\"color: #ffffff;\">.<\/span><\/strong><\/p>\n<p style=\"text-align: center;\"><strong><span style=\"color: #ffffff;\">.<\/span><\/strong><\/p>\n<p style=\"text-align: center;\"><strong><span style=\"color: #ffffff;\"><br \/><\/span><\/strong><\/p>\n<p style=\"text-align: center;\"><strong> <\/strong><\/p>\n<p style=\"text-align: center;\"><strong> <\/strong><\/p>\n<p style=\"text-align: center;\"><strong> <\/strong><\/p>\n<p style=\"text-align: center;\"><strong> <\/strong><\/p>\n<p style=\"text-align: center;\"><strong>La Collectivit\u00e9 Royale Agonglo- Alavo<\/strong> \u00e0 Abomey au B\u00e9nin<\/p>\n<p style=\"text-align: center;\"><strong>La famille Antoine ALAVO<\/strong> , parents et alli\u00e9s \u00e0 Dakar, au B\u00e9nin, en Alg\u00e9rie, \u00e0 Paris, \u00e0 Montr\u00e9al,<\/p>\n<p style=\"text-align: center;\"><strong>Les enfants Yamina et Daniel Moustapha<\/strong>, fille et fils du d\u00e9funt, ont la profonde douleur de vous faire part du d\u00e9c\u00e8s de<\/p>\n<p style=\"text-align: center;\"><span style=\"color: #ffffff;\">.<\/span><\/p>\n<p style=\"text-align: center;\"><span style=\"color: #ffffff;\"> <\/span><img loading=\"lazy\" decoding=\"async\" class=\"aligncenter size-full wp-image-4883\" title=\"Patrick Alavo\" src=\"http:\/\/www.lecarrefourdesopinions.ca\/wp-content\/uploads\/2011\/03\/Patrick-Alavo.jpg\" alt=\"\" width=\"283\" height=\"297\" \/><\/p>\n<p style=\"text-align: center;\">\n<p style=\"text-align: center;\"><strong>Patrick Lambert ALAVO<\/strong><\/p>\n<p style=\"text-align: center;\"><strong>Agent des Douanes \u00e0 la retraite<\/strong><\/p>\n<p style=\"text-align: center;\">\n<p style=\"text-align: center;\">survenu le 5 mars 2011 \u00e0 Rufisque.<\/p>\n<p style=\"text-align: center;\"><span style=\"color: #ffffff;\">.<\/span><\/p>\n<p style=\"text-align: center;\"><span style=\"color: #ffffff;\"><br \/><\/span><\/p>\n<p style=\"text-align: center;\">\n<p style=\"text-align: center;\"><strong> .Mercredi 9 mars 2011 \u00e0 18h30<\/strong> : Veill\u00e9e de pri\u00e8res au domicile familial \u00e0 Ouagou Niayes<\/p>\n<p style=\"text-align: center;\"><strong> .Jeudi 10 mars 2011 <\/strong>: Lev\u00e9e du corps \u00e0 l&rsquo;h\u00f4pital de Fann \u00e0 14h00, chapelle ardente \u00e0 l&rsquo;Eglise Ste Th\u00e9r\u00e8se suivi de la messe \u00e0 15h30. Enterrement au cimeti\u00e8re de St Lazare de B\u00e9thani<\/p>\n<p style=\"text-align: center;\"><strong>Les condol\u00e9ances sont re\u00e7ues \u00e0 la Villa n\u00b0443 Ouagou Niayes 2 chez son p\u00e8re<br \/><\/strong><\/p>\n<p style=\"text-align: center;\"><strong><br \/><\/strong><\/p>\n<p style=\"text-align: center;\"><strong><span style=\"color: #ffffff;\">.<\/span><\/strong><\/p>\n<p style=\"text-align: center;\"><span style=\"color: #000000;\"><strong><br \/><\/strong><\/span><\/p>\n<p style=\"text-align: center;\"><strong><span style=\"color: #ffffff;\"><span style=\"color: #000000;\">************<\/span><\/span><\/strong><strong><span style=\"color: #ffffff;\"><br \/><\/span><\/strong><\/p>\n<p style=\"text-align: center;\"><strong><span style=\"color: #ffffff;\">.<\/span><\/strong><\/p>\n<p style=\"text-align: center;\"><span style=\"color: #000000;\"><strong><em>Quand frappe le destin et qu\u2019un fr\u00e8re nous quitte, la mauve couleur de la vie  nous enveloppe. \u00a0S\u2019ouvre malgr\u00e9 tout un espoir nouveau.<\/p>\n<p>Yves Alavo et Famille<\/em><\/strong><\/span><\/p>\n<p style=\"text-align: center;\"><span style=\"color: #000000;\"><strong><em>************<br \/><\/em><\/strong><\/span><\/p>\n<p style=\"text-align: center;\"><strong><span style=\"color: #ffffff;\">.<\/span><\/strong><\/p>\n<p style=\"text-align: center;\"><strong><span style=\"color: #ffffff;\">.<br \/><\/span><\/strong><\/p>\n<div>\n<div><span style=\"color: #800080;\"><strong>Mon  cher Yves.<\/strong><\/span><\/p>\n<p style=\"text-align: center;\"><img loading=\"lazy\" decoding=\"async\" class=\"alignright size-medium wp-image-4876\" title=\"fleures 8 003\" src=\"http:\/\/www.lecarrefourdesopinions.ca\/wp-content\/uploads\/2011\/03\/fleures-8-0031-300x225.jpg\" alt=\"\" width=\"300\" height=\"225\" srcset=\"http:\/\/www.lecarrefourdesopinions.ca\/wp-content\/uploads\/2011\/03\/fleures-8-0031-300x225.jpg 300w, http:\/\/www.lecarrefourdesopinions.ca\/wp-content\/uploads\/2011\/03\/fleures-8-0031-1024x768.jpg 1024w, http:\/\/www.lecarrefourdesopinions.ca\/wp-content\/uploads\/2011\/03\/fleures-8-0031-400x300.jpg 400w\" sizes=\"auto, (max-width: 300px) 100vw, 300px\" \/><\/p>\n<\/div>\n<div style=\"text-align: justify;\"><span style=\"color: #800080;\"><strong>Comme il est triste d\u2019apprendre le d\u00e9c\u00e8s d\u2019un proche , surtout  quand il s\u2019agit d\u2019une personne dans la force de l\u2019\u00e2ge.<\/strong><\/span><\/div>\n<div style=\"text-align: justify;\"><span style=\"color: #800080;\"><strong>Il est d\u2019autant plus accablant quand il s\u2019agit d\u2019un fr\u00e8re  .<\/strong><\/span><\/div>\n<div style=\"text-align: justify;\"><span style=\"color: #800080;\"><strong>Je te pr\u00e9sente toutes mes condol\u00e9ances \u00e0 toi , \u00e0 tes fr\u00e8res\u00a0 et  surtout \u00e0 tes parents .<\/strong><\/span><\/div>\n<div style=\"text-align: justify;\"><span style=\"color: #800080;\"><strong>Je sais comme il est difficile\u00a0 de passer \u00e0 travers ces durs  moments de peine, ayant moi-m\u00eame perdu un fr\u00e8re il y a quatre  ans.<\/strong><\/span><\/div>\n<div style=\"text-align: justify;\"><span style=\"color: #800080;\"><strong>Bon courage , et toute mon amiti\u00e9, de ma part et de toute l\u2019\u00e9quipe  du Carrefour des Opinions.<\/strong><\/span><\/div>\n<div><span style=\"color: #800080;\"><strong><br \/><\/strong><\/span><\/div>\n<div><span style=\"color: #800080;\"><strong> <\/strong><\/span><\/div>\n<div style=\"text-align: right;\"><span style=\"color: #800080;\"><strong>Abel Claude Arslanian<\/strong><\/span><\/div>\n<div style=\"text-align: right;\"><span style=\"color: #800080;\"><strong>Pr\u00e9sident du CA<\/strong><\/span><\/div>\n<div style=\"text-align: right;\"><span style=\"color: #800080;\"><strong>Carrefour des Opinions <\/strong><strong> <\/strong><\/span><\/div>\n<\/div>\n<p style=\"text-align: center;\"><span style=\"color: #800080;\"><strong> <\/strong><\/span><\/p>\n<p style=\"text-align: center;\">\n<script type=\"text\/javascript\">\n\nvar addthis_config = {\"data_track_clickback\":false,\"data_track_addressbar\":false,\"data_track_textcopy\":false};\n<\/script><script type=\"text\/javascript\" src=\"\/\/s7.addthis.com\/js\/250\/addthis_widget.js#pubid=a457a6d63fb9e6ccabdde4110343bd85\"><\/script>","protected":false},"excerpt":{"rendered":"<p style=\"text-align: center;\">AVIS DE D\u00c9C\u00c8S<span style=\"color: #ffffff;\">.<\/span><\/p>\n<p style=\"text-align: center;\"><span style=\"color: #ffffff;\">.<\/span><\/p>\n<p style=\"text-align: center;\"><span style=\"color: #ffffff;\"><\/span><\/p>\n<p style=\"text-align: center;\">\n<p style=\"text-align: center;\">\n<p style=\"text-align: center;\">\n<p style=\"text-align: center;\">\n<p style=\"text-align: center;\">La Collectivit\u00e9 Royale Agonglo- Alavo \u00e0 Abomey au B\u00e9nin<\/p>\n<p style=\"text-align: center;\">La famille Antoine ALAVO , parents et alli\u00e9s \u00e0 Dakar, au B\u00e9nin, en Alg\u00e9rie, \u00e0 Paris, \u00e0 Montr\u00e9al,<\/p>\n<p style=\"text-align: center;\">Les enfants Yamina et Daniel &hellip;<\/p>\n","protected":false},"author":1,"featured_media":0,"comment_status":"open","ping_status":"open","sticky":false,"template":"","format":"standard","meta":{"footnotes":""},"categories":[1],"tags":[],"class_list":["post-4873","post","type-post","status-publish","format-standard","hentry","category-accueil"],"_links":{"self":[{"href":"http:\/\/www.lecarrefourdesopinions.ca\/index.php?rest_route=\/wp\/v2\/posts\/4873","targetHints":{"allow":["GET"]}}],"collection":[{"href":"http:\/\/www.lecarrefourdesopinions.ca\/index.php?rest_route=\/wp\/v2\/posts"}],"about":[{"href":"http:\/\/www.lecarrefourdesopinions.ca\/index.php?rest_route=\/wp\/v2\/types\/post"}],"author":[{"embeddable":true,"href":"http:\/\/www.lecarrefourdesopinions.ca\/index.php?rest_route=\/wp\/v2\/users\/1"}],"replies":[{"embeddable":true,"href":"http:\/\/www.lecarrefourdesopinions.ca\/index.php?rest_route=%2Fwp%2Fv2%2Fcomments&post=4873"}],"version-history":[{"count":5,"href":"http:\/\/www.lecarrefourdesopinions.ca\/index.php?rest_route=\/wp\/v2\/posts\/4873\/revisions"}],"predecessor-version":[{"id":4881,"href":"http:\/\/www.lecarrefourdesopinions.ca\/index.php?rest_route=\/wp\/v2\/posts\/4873\/revisions\/4881"}],"wp:attachment":[{"href":"http:\/\/www.lecarrefourdesopinions.ca\/index.php?rest_route=%2Fwp%2Fv2%2Fmedia&parent=4873"}],"wp:term":[{"taxonomy":"category","embeddable":true,"href":"http:\/\/www.lecarrefourdesopinions.ca\/index.php?rest_route=%2Fwp%2Fv2%2Fcategories&post=4873"},{"taxonomy":"post_tag","embeddable":true,"href":"http:\/\/www.lecarrefourdesopinions.ca\/index.php?rest_route=%2Fwp%2Fv2%2Ftags&post=4873"}],"curies":[{"name":"wp","href":"https:\/\/api.w.org\/{rel}","templated":true}]}}