{"id":4840,"date":"2011-03-09T10:02:35","date_gmt":"2011-03-09T15:02:35","guid":{"rendered":"http:\/\/www.lecarrefourdesopinions.ca\/?p=4840"},"modified":"2011-03-09T10:02:35","modified_gmt":"2011-03-09T15:02:35","slug":"concert-de-laetitia-zonzambe","status":"publish","type":"post","link":"http:\/\/www.lecarrefourdesopinions.ca\/?p=4840","title":{"rendered":"Concert de Laetitia ZONZAMB\u00c9"},"content":{"rendered":"<p><span style=\"color: #0000ff;\"><strong>Vous \u00eates invit\u00e9s le jeudi 17 mars \u00e0 20h00 au Concert de Laetitia ZONZAMB\u00c9<img loading=\"lazy\" decoding=\"async\" class=\"alignleft size-medium wp-image-4841\" title=\"Affiche Laetitia Zonzamb\u00e9_w\" src=\"http:\/\/www.lecarrefourdesopinions.ca\/wp-content\/uploads\/2011\/03\/Affiche-Laetitia-Zonzamb\u00e9_w-168x300.jpg\" alt=\"\" width=\"168\" height=\"300\" srcset=\"http:\/\/www.lecarrefourdesopinions.ca\/wp-content\/uploads\/2011\/03\/Affiche-Laetitia-Zonzamb\u00e9_w-168x300.jpg 168w, http:\/\/www.lecarrefourdesopinions.ca\/wp-content\/uploads\/2011\/03\/Affiche-Laetitia-Zonzamb\u00e9_w-575x1023.jpg 575w, http:\/\/www.lecarrefourdesopinions.ca\/wp-content\/uploads\/2011\/03\/Affiche-Laetitia-Zonzamb\u00e9_w-399x711.jpg 399w, http:\/\/www.lecarrefourdesopinions.ca\/wp-content\/uploads\/2011\/03\/Affiche-Laetitia-Zonzamb\u00e9_w.jpg 780w\" sizes=\"auto, (max-width: 168px) 100vw, 168px\" \/><\/strong><\/span><\/p>\n<p style=\"text-align: justify;\"><span style=\"color: #0000ff;\"><strong>Nous avons admir\u00e9 une large palette de talents associ\u00e9s sous la conduite d\u2019une auteure Laetitia Zonzamb\u00e9, chanteuse et interpr\u00e8te p\u00e9trie de dons vertigineux et dou\u00e9e d\u2019une g\u00e9n\u00e9rosit\u00e9 immense, d\u2019un sens de l\u2019adaptation, de qualit\u00e9s m\u00e9lodiques, de vertus irradiantes sensibles aux sentiments et aux \u00e9motions.\u00a0 Nous pouvons affirmer que la ravissante Laetitia Zonzamb\u00e9, \u00e9toile merveilleuse r\u00e9v\u00e9l\u00e9e au firmament de notre ciel artistique gr\u00e2ce \u00e0 ce spectacle en partenariat actif entre Vision Diversit\u00e9 et la SACEF (Soci\u00e9t\u00e9 pour l\u2019avancement de la chanson d\u2019expression fran\u00e7aise), est promise \u00e0 un avenir resplendissant; ce qui justifie le titre du show \u00ab\u00a0<em>Une \u00e9toile qui ne sera pas filante\u00a0\u00bb<\/em>.<\/strong><\/span><\/p>\n<p style=\"text-align: justify;\"><span style=\"color: #800000;\"><strong>Vous \u00eates invit\u00e9s le jeudi 17 mars \u00e0 20h00 au Concert de Laetitia ZONZAMB\u00c9 que vous connaissez d\u00e9ja et qui pr\u00e9sentera son nouveau spectacle \u00abNa B\u00ea Oko\u00bb \u00e0 la maison de la culture de Parc-Extension. Entr\u00e9e libre et gratuite.<\/strong><\/span><\/p>\n<p><span style=\"color: #800000;\"><strong> <\/strong><\/span><\/p>\n<p><span style=\"color: #800000;\"><strong>Au plaisir de vous voir! <\/strong><\/span><\/p>\n<p><strong> <\/strong><\/p>\n<p><strong><a href=\"http:\/\/ethreemail.com\/e3ds\/mail_link.php?u=http:\/\/www.accesculture.com\/activite\/emplacement\/SalledediffusiondeParcExtension&amp;i=0&amp;d=703328Y9-W16X-4U33-Z848-4Y3967424XW8&amp;e=piemdavid@hotmail.com\" target=\"_blank\">Salle de diffusion de Parc-Extension<\/a><\/strong><\/p>\n<p><span style=\"color: #800000;\"><strong>Originaire de la R\u00e9publique Centrafricaine, Laetitia Zonzambe offre des chansons m\u00e9tiss\u00e9es, inspir\u00e9es de musiques traditionnelles africaines, de chants polyphoniques pygm\u00e9es, le tout teint\u00e9 de soul et de funk. Entr\u00e9e libre<\/strong>.<\/span><\/p>\n<p><span style=\"color: #800000;\"><img loading=\"lazy\" decoding=\"async\" class=\"alignleft size-medium wp-image-4843\" title=\"Voyages_VolmarBC\" src=\"http:\/\/www.lecarrefourdesopinions.ca\/wp-content\/uploads\/2011\/03\/Voyages_VolmarBC2-300x199.jpg\" alt=\"\" width=\"300\" height=\"199\" srcset=\"http:\/\/www.lecarrefourdesopinions.ca\/wp-content\/uploads\/2011\/03\/Voyages_VolmarBC2-300x199.jpg 300w, http:\/\/www.lecarrefourdesopinions.ca\/wp-content\/uploads\/2011\/03\/Voyages_VolmarBC2-400x266.jpg 400w, http:\/\/www.lecarrefourdesopinions.ca\/wp-content\/uploads\/2011\/03\/Voyages_VolmarBC2.jpg 853w\" sizes=\"auto, (max-width: 300px) 100vw, 300px\" \/><br \/><\/span><\/p>\n<p>&nbsp;<\/p>\n<script type=\"text\/javascript\">\n\nvar addthis_config = {\"data_track_clickback\":false,\"data_track_addressbar\":false,\"data_track_textcopy\":false};\n<\/script><script type=\"text\/javascript\" src=\"\/\/s7.addthis.com\/js\/250\/addthis_widget.js#pubid=a457a6d63fb9e6ccabdde4110343bd85\"><\/script>","protected":false},"excerpt":{"rendered":"<p><span style=\"color: #0000ff;\">Vous \u00eates invit\u00e9s le jeudi 17 mars \u00e0 20h00 au Concert de Laetitia ZONZAMB\u00c9<\/span><\/p>\n<p style=\"text-align: justify;\"><span style=\"color: #0000ff;\">Nous avons admir\u00e9 une large palette de talents associ\u00e9s sous la conduite d\u2019une auteure Laetitia Zonzamb\u00e9, chanteuse et interpr\u00e8te p\u00e9trie de dons vertigineux <\/span>&hellip;<\/p>\n","protected":false},"author":1,"featured_media":0,"comment_status":"open","ping_status":"open","sticky":false,"template":"","format":"standard","meta":{"footnotes":""},"categories":[1],"tags":[],"class_list":["post-4840","post","type-post","status-publish","format-standard","hentry","category-accueil"],"_links":{"self":[{"href":"http:\/\/www.lecarrefourdesopinions.ca\/index.php?rest_route=\/wp\/v2\/posts\/4840","targetHints":{"allow":["GET"]}}],"collection":[{"href":"http:\/\/www.lecarrefourdesopinions.ca\/index.php?rest_route=\/wp\/v2\/posts"}],"about":[{"href":"http:\/\/www.lecarrefourdesopinions.ca\/index.php?rest_route=\/wp\/v2\/types\/post"}],"author":[{"embeddable":true,"href":"http:\/\/www.lecarrefourdesopinions.ca\/index.php?rest_route=\/wp\/v2\/users\/1"}],"replies":[{"embeddable":true,"href":"http:\/\/www.lecarrefourdesopinions.ca\/index.php?rest_route=%2Fwp%2Fv2%2Fcomments&post=4840"}],"version-history":[{"count":5,"href":"http:\/\/www.lecarrefourdesopinions.ca\/index.php?rest_route=\/wp\/v2\/posts\/4840\/revisions"}],"predecessor-version":[{"id":4886,"href":"http:\/\/www.lecarrefourdesopinions.ca\/index.php?rest_route=\/wp\/v2\/posts\/4840\/revisions\/4886"}],"wp:attachment":[{"href":"http:\/\/www.lecarrefourdesopinions.ca\/index.php?rest_route=%2Fwp%2Fv2%2Fmedia&parent=4840"}],"wp:term":[{"taxonomy":"category","embeddable":true,"href":"http:\/\/www.lecarrefourdesopinions.ca\/index.php?rest_route=%2Fwp%2Fv2%2Fcategories&post=4840"},{"taxonomy":"post_tag","embeddable":true,"href":"http:\/\/www.lecarrefourdesopinions.ca\/index.php?rest_route=%2Fwp%2Fv2%2Ftags&post=4840"}],"curies":[{"name":"wp","href":"https:\/\/api.w.org\/{rel}","templated":true}]}}