{"id":4808,"date":"2011-03-09T10:04:38","date_gmt":"2011-03-09T15:04:38","guid":{"rendered":"http:\/\/www.lecarrefourdesopinions.ca\/?p=4808"},"modified":"2011-03-09T10:04:38","modified_gmt":"2011-03-09T15:04:38","slug":"dirige-me-domin","status":"publish","type":"post","link":"http:\/\/www.lecarrefourdesopinions.ca\/?p=4808","title":{"rendered":"Dirige me Domin"},"content":{"rendered":"<p>&nbsp;<\/p>\n<p><strong><em><img loading=\"lazy\" decoding=\"async\" class=\"alignleft size-thumbnail wp-image-4809\" title=\"photo \u00c9ric Nogard\" src=\"http:\/\/www.lecarrefourdesopinions.ca\/wp-content\/uploads\/2011\/03\/photo-\u00c9ric-Nogard-134x107.jpg\" alt=\"\" width=\"134\" height=\"107\" \/> <span style=\"color: #800000;\">Par<\/span><\/em><\/strong><span style=\"color: #800000;\"><em><strong> <\/strong><\/em><strong><em>Eric E.G. NOGARD<\/em><\/strong><\/span><\/p>\n<p><em><strong> <\/strong><\/em><\/p>\n<p><em><strong>Dirige me Domine.<\/strong><\/em><\/p>\n<p>Est bien sourd \u2013 pourrait-on dire \u2013 qui n\u2019a pas entendu ou qui n\u2019entend cet S.O.S. que d\u00e9sesp\u00e9r\u00e9ment lance la  Martinique.<\/p>\n<p>&nbsp;<\/p>\n<p>Or, quel est le pire des \u00ab\u00a0Pots\u00a0\u00bb d\u2019entre nous qui avouerait sa surdit\u00e9.<\/p>\n<p>&nbsp;<\/p>\n<p>C\u2019est qu\u2019en effet, notre tympan, fut-il des meilleurs, n\u2019a rien \u00e0 voir \u00e0 tous ces cris de d\u00e9sespoir, attendu qu\u2019apr\u00e8s tout, un tympan n\u2019est gu\u00e8re plus qu\u2019une peau de mouton\u2026 comme la peau de mouton tendue sur une bo\u00eete, sur un conduit, elle r\u00e9sonne, mais ne raisonne pas.<\/p>\n<p>&nbsp;<\/p>\n<p>&nbsp;<\/p>\n<p>En fait, il convient de distinguer entre manquer d\u2019oreille et manquer de cervelle.<\/p>\n<p>&nbsp;<\/p>\n<p>Car, quel hiatus n\u2019y a-t-il pas entre r\u00e9sonner comme une peau de mouton et raisonner comme il convient \u00e0 une mati\u00e8re grise, depuis que l\u2019homme est Homo, Erectus et Sapiens.<\/p>\n<p>&nbsp;<\/p>\n<p>Si malgr\u00e9 la finesse \u00e0 r\u00e9sonner de notre tympan, nous n\u2019avons pour raisonner qu\u2019une cervelle de mouton, No Vale la  Pena.<\/p>\n<p>&nbsp;<\/p>\n<p>Vibrer est une chose, r\u00e9sonner lui ressemble, raisonner est autre chose.<\/p>\n<p>&nbsp;<\/p>\n<p>&nbsp;<\/p>\n<p>Ainsi, faute d\u2019\u00eatre apte au raisonnement comme on peut l\u2019\u00eatre \u00e0 la course, au saut\u2026 qui d\u2019entre nous aura assez d\u2019entendement pour saisir le \u00ab\u00a0Conduis-moi Seigneur\u00a0\u00bb de la  Martinique au bord du Pr\u00e9cipice, avec un pied d\u00e9j\u00e0 dans le Vide, dans l\u2019Ab\u00eeme.<\/p>\n<p>&nbsp;<\/p>\n<p>Il est bien de bien vibrer, aussi bien de bien r\u00e9sonner, mais \u00e0 moins de raisonnement, c\u2019est le faire dans le vide, et dans le vide, No vale la Pena, dans le cas qui nous pr\u00e9occupe.<\/p>\n<p>&nbsp;<\/p>\n<p>&nbsp;<\/p>\n<p>Ainsi, le Conflit des Dockers, nonobstant le nombre de Ch\u00f4meurs qu\u2019il ajoutera au nombre de mis\u00e9reux, pour ne pas dire de cr\u00e8ve-la-faim qui existent d\u00e9j\u00e0\u00a0:<\/p>\n<p>&nbsp;<\/p>\n<p><em><strong>Quelle analyse a-t-on faite de l\u2019argumentation de cette Corporation<\/strong><\/em>, v\u00e9ritable Etat dans l\u2019Etat, faute de Contradicteurs qui vaillent la semelle des souliers des Travailleurs du Port.<\/p>\n<p>&nbsp;<\/p>\n<p>&nbsp;<\/p>\n<p>Les Dockers reconnaissent sans la moindre ambig\u00fcit\u00e9 qu\u2019ils gagnent tr\u00e8s confortablement leur vie.<\/p>\n<p>&nbsp;<\/p>\n<p>Que n\u00e9anmoins, ils veulent \u00eatre index\u00e9s sur les B\u00e9n\u00e9fices de leurs employeurs.<\/p>\n<p>&nbsp;<\/p>\n<p><em><strong>Quel contradicteur leur a pos\u00e9 la question de savoir \u00e0 quel titre.<\/strong><\/em><\/p>\n<p>&nbsp;<\/p>\n<ul>\n<li>Est-ce \u00e0 titre d\u2019Associ\u00e9s\u00a0? <em>Tel n\u2019est pas le cas.<\/em><\/li>\n<\/ul>\n<p>&nbsp;<\/p>\n<p><em><strong>Quel contradicteur leur a pos\u00e9 la question de savoir sur le fondement de quoi.<\/strong><\/em><\/p>\n<p>&nbsp;<\/p>\n<ul>\n<li>Est-ce sur le fondement de leur indexation sur les Pertes, d\u00e9bours et charges pour l\u2019am\u00e9lioration de l\u2019outil\u00a0? <em>Tel n\u2019est pas le cas, dans la mesure o\u00f9 leurs Employeurs Pr\u00e9c\u00e9dents ont bel-et-bien sombr\u00e9 dans la Faillite sans le moindre dommage pour aucun Salari\u00e9. .<\/em><\/li>\n<\/ul>\n<p>&nbsp;<\/p>\n<p><strong>Premi\u00e8re manche donc, les Dockers gagnent aux Points. <\/strong><\/p>\n<p><img loading=\"lazy\" decoding=\"async\" class=\"alignleft size-large wp-image-4812\" title=\"IMG_0218\" src=\"http:\/\/www.lecarrefourdesopinions.ca\/wp-content\/uploads\/2011\/03\/IMG_0218-1024x768.jpg\" alt=\"\" width=\"450\" height=\"337\" srcset=\"http:\/\/www.lecarrefourdesopinions.ca\/wp-content\/uploads\/2011\/03\/IMG_0218-1024x768.jpg 1024w, http:\/\/www.lecarrefourdesopinions.ca\/wp-content\/uploads\/2011\/03\/IMG_0218-300x225.jpg 300w, http:\/\/www.lecarrefourdesopinions.ca\/wp-content\/uploads\/2011\/03\/IMG_0218-400x300.jpg 400w, http:\/\/www.lecarrefourdesopinions.ca\/wp-content\/uploads\/2011\/03\/IMG_0218.jpg 1600w\" sizes=\"auto, (max-width: 450px) 100vw, 450px\" \/><\/p>\n<p>&nbsp;<\/p>\n<p>Les Dockers se fondent \u2013 et ils ont raison \u2013 sur la p\u00e9nibilit\u00e9 de leur travail.<\/p>\n<p>&nbsp;<\/p>\n<p>En revanche, qui en r\u00e9plique leur a oppos\u00e9 la P\u00e9nibilit\u00e9 de telle ou telle autre Profession.<\/p>\n<p>&nbsp;<\/p>\n<ul>\n<li>Est-ce moins p\u00e9nible que de passer son existence \u00e0 soigner des maladies (aucune d\u2019elles n\u2019\u00e9tant honteuse), ces maladies souvent si contagieuses, souvent si p\u00e9nibles \u00e0 regarder en face\u00a0:<\/li>\n<\/ul>\n<p>&nbsp;<\/p>\n<p>M\u00e9decins, Infirmiers, aides-soignants, qu\u2019en dites-vous\u00a0?<\/p>\n<p>&nbsp;<\/p>\n<ul>\n<li>Est-ce moins p\u00e9nible que de risquer sa vie pour juguler la violence devenue monnaie courante, pour juguler la d\u00e9linquance, surtout en mati\u00e8re de stup\u00e9fiants, ce fl\u00e9au social\u00a0:<\/li>\n<\/ul>\n<p>&nbsp;<\/p>\n<p>Gendarmes, Policiers, Agents de la S\u00e9curit\u00e9 Publique, qu\u2019en dites-vous.<\/p>\n<p>&nbsp;<\/p>\n<ul>\n<li>Est-ce moins p\u00e9nible que d\u2019\u00eatre malade et condamn\u00e9 \u00e0 passer de Vie \u00e0 Tr\u00e9pas pour Cause de Carence en Approvisionnement pour Fait de Gr\u00e8ve sur le Port.<\/li>\n<\/ul>\n<p>&nbsp;<\/p>\n<p>Malades, qu\u2019en pensez-vous\u00a0?<\/p>\n<p>&nbsp;<\/p>\n<p><strong>Sur ce chapitre, aucune r\u00e9plique, la manche est aux Dockers. <\/strong><\/p>\n<p>&nbsp;<\/p>\n<p>&nbsp;<\/p>\n<p>Les Dockers tiennent le B\u00e2ton par le bon bout, aucune corporation n\u2019est aussi soud\u00e9e et aussi herm\u00e9tique que la leur.<\/p>\n<p>&nbsp;<\/p>\n<p>Pourquoi seraient-ils assez fous pour monter une soci\u00e9t\u00e9 quand d\u00e9j\u00e0 ils montent des \u00e2nes, comme le Pape monte sa mule, comme l\u2019e\u00fbt dit DAUDET.<\/p>\n<p>&nbsp;<\/p>\n<p>A cet \u00e9gard, les Corporations du Moyen-\u00e2ge se r\u00e9veilleraient d\u2019o\u00f9 elles dorment qu\u2019elles n\u2019en reviendraient pas de voir \u00e0 quel point nos Dockers ont valeur d\u2019Etat dans l\u2019Etat.<\/p>\n<p>&nbsp;<\/p>\n<ul>\n<li>Qui a os\u00e9 objecter qu\u2019une telle situation de Monopole \u00e9tait une injure, tant \u00e0 la  D\u00e9mocratie, qu\u2019au Monde du Travail comme \u00e0 celui des sans emplois\u00a0: n\u2019est pas Docker qui veut, et avec quel Cursus.<\/li>\n<\/ul>\n<p>&nbsp;<\/p>\n<ul>\n<li>Qui a os\u00e9 objecter que la mise en P\u00e9ril de l\u2019Economie d\u2019un Pays a valeur de Crime Hautement Condamnable et Punissable.<\/li>\n<\/ul>\n<p>&nbsp;<\/p>\n<ul>\n<li>Qui a os\u00e9 objecter qu\u2019en un temps ou curer les chiottes, r\u00e9clamant une Formation Scolaire, il serait bon qu\u2019une Section de Formation de Dockers soit envisag\u00e9e d\u2019urgence, ce qui permettrait un Recours chaque fois que les clignotants des Gr\u00e8ves sur le Port vireraient \u00e0 la mise en Danger Public de l\u2019Economie du Pays comme \u00e0 la mise en Danger de Mourir de Faim, les plus d\u00e9munis de notre Population.<\/li>\n<\/ul>\n<p>&nbsp;<\/p>\n<p>Cette Section de Formation de Dockers relevant directement de l\u2019Education Nationale et \u00e9tant adoss\u00e9e \u00e0 l\u2019Ecole de P\u00eache par exemple\u00a0: Formation ouverte \u00e0 TOUS\u00a0!<\/p>\n<p>Et non plus une Chasse Gard\u00e9e.<\/p>\n<p><img loading=\"lazy\" decoding=\"async\" class=\"alignleft size-medium wp-image-4815\" title=\"8094_oies bl\" src=\"http:\/\/www.lecarrefourdesopinions.ca\/wp-content\/uploads\/2011\/03\/8094_oies-bl-300x200.jpg\" alt=\"\" width=\"300\" height=\"200\" srcset=\"http:\/\/www.lecarrefourdesopinions.ca\/wp-content\/uploads\/2011\/03\/8094_oies-bl-300x200.jpg 300w, http:\/\/www.lecarrefourdesopinions.ca\/wp-content\/uploads\/2011\/03\/8094_oies-bl-1024x685.jpg 1024w, http:\/\/www.lecarrefourdesopinions.ca\/wp-content\/uploads\/2011\/03\/8094_oies-bl-400x267.jpg 400w, http:\/\/www.lecarrefourdesopinions.ca\/wp-content\/uploads\/2011\/03\/8094_oies-bl.jpg 1143w\" sizes=\"auto, (max-width: 300px) 100vw, 300px\" \/><\/p>\n<p><strong>Dans ce Domaine encore, les Dockers n\u2019ont-ils pas Match Gagn\u00e9.<\/strong><\/p>\n<p>&nbsp;<\/p>\n<p>&nbsp;<\/p>\n<p>Alors, s\u2019il n\u2019y a personne pour faire comprendre l\u2019incidence suicidaire du co\u00fbt de la manutention sur les prix \u00e0 la consommation au niveau des sans emplois.<\/p>\n<p>&nbsp;<\/p>\n<p>Alors, s\u2019il n\u2019y a personne pour \u00e9voquer l\u2019ouverture de cette Profession \u00e0 tous les Bac + 5 si nombreux \u00e0 faire Antichambre \u2013 en vain \u2013 dans les Agences pour l\u2019Emploi.<\/p>\n<p>&nbsp;<\/p>\n<p><strong>Alors, si les Dockers sont les plus Forts, qu\u2019on leur laisse les r\u00eanes du Pouvoir, qu\u2019on les installe aux Affaires et d\u00e8s lors, la Martinique Soulag\u00e9e n\u2019aura plus \u00e0 implorer\u00a0:<\/strong><\/p>\n<p>&nbsp;<\/p>\n<p><strong>Dirige me Domine.<\/strong><\/p>\n<p>&nbsp;<\/p>\n<p>Elle sera prise en main par ceux qui, de fait, sont ses Seigneurs, et, mourir pour mourir, elle n\u2019aura pas \u00e0 attendre longtemps pour passer l\u2019arme \u00e0 gauche.<\/p>\n<p>&nbsp;<\/p>\n<p>&nbsp;<\/p>\n<p><strong><span style=\"text-decoration: underline;\">N.B.\u00a0:<\/span><\/strong> Un tel Outil de Travail, Fruit des Efforts de chacun, entre des Mains Inconscientes au Porte Monnaie \u00ab\u00a0<span style=\"color: #800000;\"><strong>INSATIABLE<\/strong><\/span> \u00bb.<\/p>\n<p>&nbsp;<\/p>\n<p><strong><span style=\"text-decoration: underline;\"><br \/><\/span><\/strong><\/p>\n<p>. Cr. Eric Nogard, \u00a0\u00a0 Photos prises sur le Port.<\/p>\n<div>\n<li><a href=\"http:\/\/www.lescrutateur.com\/\">http:\/\/www.lescrutateur.com\/<\/a><\/li>\n<li><a href=\"http:\/\/www.etatsgenerauxdeloutremer.fr\/reflexions\">http:\/\/www.etatsgenerauxdeloutremer.fr\/reflexions<\/a><\/li>\n<p>&nbsp;<\/p>\n<\/div>\n<p><img loading=\"lazy\" decoding=\"async\" class=\"alignleft size-full wp-image-4810\" title=\"billets de banque de collection\" src=\"http:\/\/www.lecarrefourdesopinions.ca\/wp-content\/uploads\/2011\/03\/billets-de-banque-de-collection.jpg\" alt=\"\" width=\"596\" height=\"328\" srcset=\"http:\/\/www.lecarrefourdesopinions.ca\/wp-content\/uploads\/2011\/03\/billets-de-banque-de-collection.jpg 596w, http:\/\/www.lecarrefourdesopinions.ca\/wp-content\/uploads\/2011\/03\/billets-de-banque-de-collection-300x165.jpg 300w, http:\/\/www.lecarrefourdesopinions.ca\/wp-content\/uploads\/2011\/03\/billets-de-banque-de-collection-400x220.jpg 400w\" sizes=\"auto, (max-width: 596px) 100vw, 596px\" \/><\/p>\n<p>&nbsp;<\/p>\n<script type=\"text\/javascript\">\n\nvar addthis_config = {\"data_track_clickback\":false,\"data_track_addressbar\":false,\"data_track_textcopy\":false};\n<\/script><script type=\"text\/javascript\" src=\"\/\/s7.addthis.com\/js\/250\/addthis_widget.js#pubid=a457a6d63fb9e6ccabdde4110343bd85\"><\/script>","protected":false},"excerpt":{"rendered":"<p>&nbsp;<\/p>\n<p> <span style=\"color: #800000;\">Par<\/span><span style=\"color: #800000;\"> Eric E.G. NOGARD<\/span><\/p>\n<\/p>\n<p>Dirige me Domine.<\/p>\n<p>Est bien sourd \u2013 pourrait-on dire \u2013 qui n\u2019a pas entendu ou qui n\u2019entend cet S.O.S. que d\u00e9sesp\u00e9r\u00e9ment lance la  Martinique.<\/p>\n<p>&nbsp;<\/p>\n<p>Or, quel est le pire des \u00ab\u00a0&hellip;<\/p>\n","protected":false},"author":1,"featured_media":0,"comment_status":"open","ping_status":"open","sticky":false,"template":"","format":"standard","meta":{"footnotes":""},"categories":[1],"tags":[],"class_list":["post-4808","post","type-post","status-publish","format-standard","hentry","category-accueil"],"_links":{"self":[{"href":"http:\/\/www.lecarrefourdesopinions.ca\/index.php?rest_route=\/wp\/v2\/posts\/4808","targetHints":{"allow":["GET"]}}],"collection":[{"href":"http:\/\/www.lecarrefourdesopinions.ca\/index.php?rest_route=\/wp\/v2\/posts"}],"about":[{"href":"http:\/\/www.lecarrefourdesopinions.ca\/index.php?rest_route=\/wp\/v2\/types\/post"}],"author":[{"embeddable":true,"href":"http:\/\/www.lecarrefourdesopinions.ca\/index.php?rest_route=\/wp\/v2\/users\/1"}],"replies":[{"embeddable":true,"href":"http:\/\/www.lecarrefourdesopinions.ca\/index.php?rest_route=%2Fwp%2Fv2%2Fcomments&post=4808"}],"version-history":[{"count":5,"href":"http:\/\/www.lecarrefourdesopinions.ca\/index.php?rest_route=\/wp\/v2\/posts\/4808\/revisions"}],"predecessor-version":[{"id":4889,"href":"http:\/\/www.lecarrefourdesopinions.ca\/index.php?rest_route=\/wp\/v2\/posts\/4808\/revisions\/4889"}],"wp:attachment":[{"href":"http:\/\/www.lecarrefourdesopinions.ca\/index.php?rest_route=%2Fwp%2Fv2%2Fmedia&parent=4808"}],"wp:term":[{"taxonomy":"category","embeddable":true,"href":"http:\/\/www.lecarrefourdesopinions.ca\/index.php?rest_route=%2Fwp%2Fv2%2Fcategories&post=4808"},{"taxonomy":"post_tag","embeddable":true,"href":"http:\/\/www.lecarrefourdesopinions.ca\/index.php?rest_route=%2Fwp%2Fv2%2Ftags&post=4808"}],"curies":[{"name":"wp","href":"https:\/\/api.w.org\/{rel}","templated":true}]}}