{"id":4777,"date":"2011-03-16T09:42:35","date_gmt":"2011-03-16T13:42:35","guid":{"rendered":"http:\/\/www.lecarrefourdesopinions.ca\/?p=4777"},"modified":"2011-03-16T09:42:35","modified_gmt":"2011-03-16T13:42:35","slug":"mon-histoire-d%e2%80%99immigrante","status":"publish","type":"post","link":"http:\/\/www.lecarrefourdesopinions.ca\/?p=4777","title":{"rendered":"Mon histoire d\u2019immigrante"},"content":{"rendered":"<p><strong>Mon histoire d\u2019immigrante<\/strong><\/p>\n<p><img loading=\"lazy\" decoding=\"async\" class=\"alignleft size-thumbnail wp-image-4783\" title=\"MartineDouce_02\" src=\"http:\/\/www.lecarrefourdesopinions.ca\/wp-content\/uploads\/2011\/03\/MartineDouce_02-134x107.jpg\" alt=\"\" width=\"134\" height=\"107\" \/><\/p>\n<p style=\"text-align: justify;\"><strong><span style=\"color: #800000;\">Je m\u2019appelle Martine Douce Ferrari<\/span><\/strong>, d\u2019origine fran\u00e7aise, ancienne professeure de fran\u00e7ais ayant exerc\u00e9 \u00e0 Paris (France), courtier sp\u00e9cialis\u00e9e en assurance-cr\u00e9dit \/ risques politiques depuis 23 ans.<\/p>\n<p style=\"text-align: justify;\">\n<p style=\"text-align: justify;\">L\u2019id\u00e9e d\u2019\u00e9migrer au Canada a germ\u00e9 apr\u00e8s que notre fille a\u00een\u00e9e ait fait un s\u00e9jour estival en Saskatchewan.\u00a0 A son retour de voyage, elle nous faisait part de sa d\u00e9cision de vivre au Canada apr\u00e8s ses \u00e9tudes universitaires. En riant, nous lui avions alors r\u00e9pondu qu\u2019il n\u2019\u00e9tait pas question de vivre \u00e0 des milliers de kilom\u00e8tres d\u2019elle. Nous ne savions pas alors qu\u2019un an apr\u00e8s nous ferions face \u00e0 une douloureuse p\u00e9riode de ch\u00f4mage !<\/p>\n<p style=\"text-align: justify;\">\n<p style=\"text-align: justify;\">En effet, mon mari, ing\u00e9nieur m\u00e9canique, ancien Directeur Recherche et D\u00e9veloppement dans l\u2019industrie automobile puis dans l\u2019industrie de la serrurerie, se retrouvait sans emploi.\u00a0 Pendant ces 18 mois de ch\u00f4mage o\u00f9 il s\u2019est fait souvent r\u00e9p\u00e9ter qu\u2019il \u00e9tait \u00ab\u00a0trop vieux, trop cher!\u00a0\u00bb, notre famille a repens\u00e9 \u00e0 l\u2019id\u00e9e d\u2019\u00e9migrer au Canada. Mon mari est donc venu en rep\u00e9rage au Qu\u00e9bec et a eu le coup de foudre pour le pays et la gentillesse des gens et a dit \u00ab\u00a0<em>Oui, je suis s\u00fbr que nous serons heureux au Qu\u00e9bec !<\/em> \u00bb.<\/p>\n<p style=\"text-align: justify;\">\n<p style=\"text-align: justify;\">Nous sommes arriv\u00e9s le 3 mars 1999 avec notre deuxi\u00e8me fille mais sans l\u2019a\u00een\u00e9e qui n\u2019avait pas encore termin\u00e9 sa Ma\u00eetrise en Commerce International. Nous sommes donc arriv\u00e9s au tout d\u00e9but du printemps, une ann\u00e9e o\u00f9 le taux d\u2019ensoleillement a \u00e9t\u00e9 particuli\u00e8rement \u00e9lev\u00e9 puisqu\u2019il a fait beau de mars \u00e0 novembre quasiment sans pluie! J\u2019ai trouv\u00e9 cette p\u00e9riode formidable car l\u2019herbe et les fleurs poussaient \u00e0 vue d\u2019\u0153il et arrivaient \u00e0 pointer leur nez \u00e0 travers la neige! C\u2019\u00e9tait magique pour moi, <img loading=\"lazy\" decoding=\"async\" class=\"alignright size-medium wp-image-4823\" title=\"logo 8 006\" src=\"http:\/\/www.lecarrefourdesopinions.ca\/wp-content\/uploads\/2011\/03\/logo-8-006-300x225.jpg\" alt=\"\" width=\"300\" height=\"225\" srcset=\"http:\/\/www.lecarrefourdesopinions.ca\/wp-content\/uploads\/2011\/03\/logo-8-006-300x225.jpg 300w, http:\/\/www.lecarrefourdesopinions.ca\/wp-content\/uploads\/2011\/03\/logo-8-006-1024x768.jpg 1024w, http:\/\/www.lecarrefourdesopinions.ca\/wp-content\/uploads\/2011\/03\/logo-8-006-400x300.jpg 400w\" sizes=\"auto, (max-width: 300px) 100vw, 300px\" \/>une vraie symphonie sous mes yeux, symbole d\u2019une promesse de renaissance dans tous les sens du mot, avec en plus de vraies saisons, chose que nous ne voyions plus vraiment \u00e0 l\u2019\u00e9poque en Europe. J\u2019\u00e9tais venue seule en janvier 1999 pour laisser parler mon c\u0153ur et mes \u00e9motions et sentir si je serais capable de supporter la neige et le froid et surtout de vivre dans un pays qui vivait, selon les publicit\u00e9s alors diffus\u00e9es en France, 6 mois de l\u2019ann\u00e9e \u00ab\u00a0sous terre\u00a0\u00bb! Moi bavarde de nature, je me demandais comment nous ferions pour rencontrer des gens\u2026 Si c\u2019\u00e9tait \u00e0 refaire, je referai la m\u00eame chose, je choisirais le d\u00e9but du printemps pour vivre toutes les saisons et avoir le bonheur de d\u00e9couvrir ce que signifie vivre avec les saisons.<\/p>\n<p style=\"text-align: justify;\">Nous gardons un souvenir enchanteur de notre arriv\u00e9e car nous partions tous les week-ends visiter notre belle province. Notre but \u00e9tait alors d\u2019aller rencontrer les gens d\u2019ici en dehors de Montr\u00e9al (car une grande ville est une grande ville partout dans le monde) ; nous voulions sentir \u00ab\u00a0les vrais gens\u00a0\u00bb! Nous avons fait des rencontres merveilleuses, nous nous sommes faits des amis que nous avons encore, 11 ans apr\u00e8s. La richesse de ces rencontres nous a d\u00e9finitivement fait aimer ce beau pays !<\/p>\n<p style=\"text-align: justify;\">Cela n\u2019a pas malgr\u00e9 tout emp\u00each\u00e9 les difficult\u00e9s d\u2019ordre professionnel. Mon mari n\u2019a jamais retrouv\u00e9 de poste d\u2019ing\u00e9nieur\u00a0: comme je lui disais alors \u00ab\u00a0vieux un jour, vieux toujours !\u00a0\u00bb. Nous avons eu beaucoup, beaucoup de souffrance ! Faisant fi de son exp\u00e9rience professionnelle en ing\u00e9nierie notamment dans le secteur automobile, l\u2019Ordre des Ing\u00e9nieurs exigeait soit qu\u2019il reprenne ses \u00e9tudes au niveau du CEGEP (il avait alors 49 ans\u2026) soit qu\u2019il trouve un employeur qui accepterait de l\u2019embaucher ce qui, l\u2019autoriserait \u00e0 suivre une formation de mise \u00e0 niveau. Bien entendu aucun employeur ne voulait l\u2019embaucher puisqu\u2019il n\u2019\u00e9tait pas membre de l\u2019Ordre des Ing\u00e9nieurs. Apr\u00e8s plusieurs petits boulots en int\u00e9rim, il a \u00e9t\u00e9 embauch\u00e9 il y a 3 ans par une tr\u00e8s belle soci\u00e9t\u00e9.\u00a0 Il est cependant loin d\u2019avoir la position et le salaire qu\u2019il avait eu en tant qu\u2019ing\u00e9nieur! Nous avons \u00e9norm\u00e9ment perdu sur le plan mat\u00e9riel et financier.<\/p>\n<p style=\"text-align: justify;\">\n<p style=\"text-align: justify;\">Quant \u00e0 moi, c\u2019est \u00e9galement tout une histoire ! Notre d\u00e9ception est li\u00e9e au choc terrible du poids des diff\u00e9rences de culture que nous n\u2019avions absolument pas anticip\u00e9. <img loading=\"lazy\" decoding=\"async\" class=\"alignleft size-full wp-image-4819\" title=\"nostalgie\" src=\"http:\/\/www.lecarrefourdesopinions.ca\/wp-content\/uploads\/2011\/03\/nostalgie.jpg\" alt=\"\" width=\"91\" height=\"73\" \/>Nous pensions que parlant la m\u00eame langue, le fran\u00e7ais, et comme les gens \u00e9taient adorables tout serait facile.\u00a0 Pourtant dans le travail, c\u2019\u00e9tait toute une autre affaire.\u00a0 Nous nous sommes fait dire souvent que nous \u00ab\u00a0faisions peur\u00a0\u00bb. Je ne veux pas d\u00e9velopper ce point qui est encore tr\u00e8s douloureux, d\u00e9couvrir notre condition de minorit\u00e9 non visible dont on ne parle jamais, et pourtant\u2026<\/p>\n<p style=\"text-align: justify;\">\n<p style=\"text-align: justify;\">En faisant le point sur notre exp\u00e9rience je r\u00e9alise que n\u2019\u00e9migre pas qui veut! \u00a0Il faut poss\u00e9der des qualit\u00e9s d\u2019adaptation et de r\u00e9silience. Nous sommes donc all\u00e9s puiser ces forces au fonds de nous-m\u00eames et nous appuyons encore sur la qualit\u00e9\u00a0de tous ceux et de toutes celles que nous rencontrons pour d\u00e9passer ces souffrances.<\/p>\n<p style=\"text-align: justify;\">\n<p style=\"text-align: justify;\">Aujourd\u2019hui, le constat global est positif.\u00a0 Mes filles sont heureuses, mon mari est heureux dans son emploi car il baigne dans un milieu formidable o\u00f9 de tr\u00e8s <img loading=\"lazy\" decoding=\"async\" class=\"alignleft size-medium wp-image-4779\" title=\"france\" src=\"http:\/\/www.lecarrefourdesopinions.ca\/wp-content\/uploads\/2011\/03\/france-300x213.jpg\" alt=\"\" width=\"300\" height=\"213\" srcset=\"http:\/\/www.lecarrefourdesopinions.ca\/wp-content\/uploads\/2011\/03\/france-300x213.jpg 300w, http:\/\/www.lecarrefourdesopinions.ca\/wp-content\/uploads\/2011\/03\/france-400x284.jpg 400w, http:\/\/www.lecarrefourdesopinions.ca\/wp-content\/uploads\/2011\/03\/france.jpg 842w\" sizes=\"auto, (max-width: 300px) 100vw, 300px\" \/>nombreuses nationalit\u00e9s se c\u00f4toient, et moi, je sors la t\u00eate de l\u2019eau parce que je n\u2019arr\u00eate jamais de trouver de nouvelles solutions gagnantes. Vous l\u2019avez compris, ce qui fait notre bonheur, en dehors de notre bonheur familial, ce sont toutes ces rencontres formidables que nous faisons. Notre bonheur ici ? C\u2019est la qualit\u00e9 des relations humaines. Nous rencontrons des gens merveilleux et cela fait toute la diff\u00e9rence, et si cela \u00e9tait \u00e0 refaire, nous le referions, nous ne regrettons pas notre choix.<\/p>\n<p style=\"text-align: justify;\">\n<p style=\"text-align: justify;\">Les difficult\u00e9s rencontr\u00e9es nous ont fait beaucoup grandir. Nous avons notamment trouv\u00e9 le chemin de la spiritualit\u00e9 ; nous avons appris \u00e0 donner aux autres qui n\u2019\u00e9taient pas membres de notre famille car en France, nos familles respectives (tr\u00e8s nombreuses) \u00e9taient notre priorit\u00e9. Au Canada, nous sommes 6 maintenant puisque notre fille a\u00een\u00e9e est aujourd\u2019hui mari\u00e9e et maman d\u2019une adorable petite fille. Nous avons donc d\u00e9couvert \u00ab\u00a0l\u2019autre\u00a0\u00bb, nous avons d\u00e9couvert que la fraternit\u00e9 n\u2019\u00e9tait pas seulement une fraternit\u00e9 de sang mais aussi une fraternit\u00e9 de partage avec des hommes et des femmes qui n\u2019\u00e9taient pas de notre sang mais qui avait le m\u00eame c\u0153ur. Les autres nous ont donc fait grandir.<\/p>\n<p style=\"text-align: justify;\">\n<p style=\"text-align: justify;\">En dehors de notre situation financi\u00e8re, nous n\u2019avons rien perdu au contraire. Et je suis convaincue que je n\u2019ai pas encore dit mon dernier mot et que je saurai retrouver ce qui fit ma \u00ab\u00a0r\u00e9ussite\u00a0\u00bb ailleurs. La culture d\u2019affaires est une r\u00e9alit\u00e9 \u00e0 ne pas n\u00e9gliger.<\/p>\n<p style=\"text-align: justify;\">\n<p style=\"text-align: justify;\">Mon exp\u00e9rience professionnelle ici au Qu\u00e9bec m\u2019a fait \u00e9norm\u00e9ment progresser. \u00a0Je veux cependant toujours comprendre pourquoi, quoique mon m\u00e9tier soit ma passion, je n\u2019ai pas les r\u00e9sultats attendus.\u00a0 J\u2019ai d\u00fb \u00e9chapper \u00e0 cet \u00e9gard quelque chose de la diff\u00e9rence culturelle. \u00a0Par exemple, mes patrons me disent que je suis un myst\u00e8re pour eux, que j\u2019ai telle, telle qualit\u00e9 et que je devrais faire plus.\u00a0 L\u2019un deux me disait que l\u2019on se \u00ab\u00a0sentait petit \u00e0 c\u00f4t\u00e9 de moi\u00a0\u00bb.\u00a0 Je ne comprends pas\u00a0: en France, on n\u2019est jamais assez bon et ici on fait peur quand on est tout simplement un bon professionnel.\u00a0 J\u2019aimerais rencontrer quelqu\u2019un qui me dise o\u00f9 sont mes faiblesses, si seulement quelqu\u2019un qui pourrait me dire en quoi ma mani\u00e8re d\u2019\u00eatre et d\u2019agir inqui\u00e8te les autres.\u00a0 Mais ne croyez pas que je pleure sur mon sort. J\u2019essaie encore et toujours de me faire accepter tout en restant fid\u00e8le \u00e0 moi-m\u00eame; je change ma fa\u00e7on de faire intuitivement mais je suis confiante car je me dis que le Grand Architecte de l\u2019Univers ne m\u2019abandonnera jamais.<\/p>\n<p style=\"text-align: justify;\"><span style=\"color: #0000ff;\"><strong>www.CCQC.CA<\/strong><\/span><\/p>\n<p><strong>Michel Frankland<\/strong><br \/> site de bridge jug\u00e9 incontournable par les experts<br \/> <a href=\"http:\/\/pages.videotron.ca\/lepeuple\/\"><strong>http:\/\/pages.videotron.ca\/lepeuple\/<\/strong><\/a><\/p>\n<p>____________________________________________________________<\/p>\n<p><strong>Christine Schwab<\/strong><br \/> psychologue comp\u00e9tente et extr\u00eamement honn\u00eate avec ses clients<br \/> (pas de prolongation inutile de traitement)<br \/> <a href=\"http:\/\/www.cschwab.net\/\"><strong>www.cschwab.net<\/strong><\/a><\/p>\n<p>____________________________________________________________<\/p>\n<p><strong>Henri Cohen<\/strong><br \/> Un expert en pollution domestique et industrielle,<br \/> <a href=\"http:\/\/www.coblair.com\/\"><strong>www.coblair.com<\/strong><\/a><\/p>\n<p style=\"text-align: justify;\"><img loading=\"lazy\" decoding=\"async\" class=\"alignleft size-full wp-image-506\" title=\"G\u00e9rard Philis\" src=\"http:\/\/www.lecarrefourdesopinions.ca\/wp-content\/uploads\/2010\/02\/G\u00e9rard-Philis1.jpg\" alt=\"\" width=\"652\" height=\"146\" srcset=\"http:\/\/www.lecarrefourdesopinions.ca\/wp-content\/uploads\/2010\/02\/G\u00e9rard-Philis1.jpg 652w, http:\/\/www.lecarrefourdesopinions.ca\/wp-content\/uploads\/2010\/02\/G\u00e9rard-Philis1-300x67.jpg 300w, http:\/\/www.lecarrefourdesopinions.ca\/wp-content\/uploads\/2010\/02\/G\u00e9rard-Philis1-400x89.jpg 400w\" sizes=\"auto, (max-width: 652px) 100vw, 652px\" \/><\/p>\n<p><img loading=\"lazy\" decoding=\"async\" class=\"alignleft size-medium wp-image-4780\" title=\"Voyages_VolmarBC\" src=\"http:\/\/www.lecarrefourdesopinions.ca\/wp-content\/uploads\/2011\/03\/Voyages_VolmarBC-300x199.jpg\" alt=\"\" width=\"300\" height=\"199\" srcset=\"http:\/\/www.lecarrefourdesopinions.ca\/wp-content\/uploads\/2011\/03\/Voyages_VolmarBC-300x199.jpg 300w, http:\/\/www.lecarrefourdesopinions.ca\/wp-content\/uploads\/2011\/03\/Voyages_VolmarBC-400x266.jpg 400w, http:\/\/www.lecarrefourdesopinions.ca\/wp-content\/uploads\/2011\/03\/Voyages_VolmarBC.jpg 853w\" sizes=\"auto, (max-width: 300px) 100vw, 300px\" \/><\/p>\n<script type=\"text\/javascript\">\n\nvar addthis_config = {\"data_track_clickback\":false,\"data_track_addressbar\":false,\"data_track_textcopy\":false};\n<\/script><script type=\"text\/javascript\" src=\"\/\/s7.addthis.com\/js\/250\/addthis_widget.js#pubid=a457a6d63fb9e6ccabdde4110343bd85\"><\/script>","protected":false},"excerpt":{"rendered":"<p>Mon histoire d\u2019immigrante<\/p>\n<\/p>\n<p style=\"text-align: justify;\"><span style=\"color: #800000;\">Je m\u2019appelle Martine Douce Ferrari<\/span>, d\u2019origine fran\u00e7aise, ancienne professeure de fran\u00e7ais ayant exerc\u00e9 \u00e0 Paris (France), courtier sp\u00e9cialis\u00e9e en assurance-cr\u00e9dit \/ risques politiques depuis 23 ans.<\/p>\n<p style=\"text-align: justify;\">\n<p style=\"text-align: justify;\">L\u2019id\u00e9e d\u2019\u00e9migrer au Canada a germ\u00e9 apr\u00e8s &hellip;<\/p>\n","protected":false},"author":1,"featured_media":0,"comment_status":"open","ping_status":"open","sticky":false,"template":"","format":"standard","meta":{"footnotes":""},"categories":[1],"tags":[],"class_list":["post-4777","post","type-post","status-publish","format-standard","hentry","category-accueil"],"_links":{"self":[{"href":"http:\/\/www.lecarrefourdesopinions.ca\/index.php?rest_route=\/wp\/v2\/posts\/4777","targetHints":{"allow":["GET"]}}],"collection":[{"href":"http:\/\/www.lecarrefourdesopinions.ca\/index.php?rest_route=\/wp\/v2\/posts"}],"about":[{"href":"http:\/\/www.lecarrefourdesopinions.ca\/index.php?rest_route=\/wp\/v2\/types\/post"}],"author":[{"embeddable":true,"href":"http:\/\/www.lecarrefourdesopinions.ca\/index.php?rest_route=\/wp\/v2\/users\/1"}],"replies":[{"embeddable":true,"href":"http:\/\/www.lecarrefourdesopinions.ca\/index.php?rest_route=%2Fwp%2Fv2%2Fcomments&post=4777"}],"version-history":[{"count":5,"href":"http:\/\/www.lecarrefourdesopinions.ca\/index.php?rest_route=\/wp\/v2\/posts\/4777\/revisions"}],"predecessor-version":[{"id":5019,"href":"http:\/\/www.lecarrefourdesopinions.ca\/index.php?rest_route=\/wp\/v2\/posts\/4777\/revisions\/5019"}],"wp:attachment":[{"href":"http:\/\/www.lecarrefourdesopinions.ca\/index.php?rest_route=%2Fwp%2Fv2%2Fmedia&parent=4777"}],"wp:term":[{"taxonomy":"category","embeddable":true,"href":"http:\/\/www.lecarrefourdesopinions.ca\/index.php?rest_route=%2Fwp%2Fv2%2Fcategories&post=4777"},{"taxonomy":"post_tag","embeddable":true,"href":"http:\/\/www.lecarrefourdesopinions.ca\/index.php?rest_route=%2Fwp%2Fv2%2Ftags&post=4777"}],"curies":[{"name":"wp","href":"https:\/\/api.w.org\/{rel}","templated":true}]}}