{"id":4747,"date":"2011-03-09T10:05:18","date_gmt":"2011-03-09T15:05:18","guid":{"rendered":"http:\/\/www.lecarrefourdesopinions.ca\/?p=4747"},"modified":"2011-03-17T08:52:50","modified_gmt":"2011-03-17T12:52:50","slug":"au-temps-ou-nos-chefs-detat-ne-quemandaient-pas","status":"publish","type":"post","link":"http:\/\/www.lecarrefourdesopinions.ca\/?p=4747","title":{"rendered":"AU TEMPS O\u00d9 NOS CHEFS D&rsquo;\u00c9TAT NE QU\u00c9MANDAIENT PAS"},"content":{"rendered":"<h3>AU TEMPS O\u00d9 NOS CHEFS D&rsquo;\u00c9TAT NE QU\u00c9MANDAIENT PAS<\/h3>\n<p>&nbsp;<\/p>\n<p><span style=\"color: #800000;\"><em><img loading=\"lazy\" decoding=\"async\" class=\"alignleft size-thumbnail wp-image-4806\" title=\"Conf\u00e9rence Max 015\" src=\"http:\/\/www.lecarrefourdesopinions.ca\/wp-content\/uploads\/2011\/02\/Conf\u00e9rence-Max-015-134x107.jpg\" alt=\"\" width=\"134\" height=\"107\" \/> par Max Dorismond\u00a0\u00a0\u00a0\u00a0\u00a0 <br \/><\/em><\/span><\/p>\n<p>&nbsp;<\/p>\n<p>\u00ab Nostalgie, nostalgie quand tu nous tiens\u2026\u00bb. En 1955, la visite au Qu\u00e9bec du charismatique Pr\u00e9sident d&rsquo;Ha\u00efti, Paul E. Magloire, \u00e0 l&rsquo;invitation du Premier Ministre Maurice Duplessis, fut un \u00e9v\u00e8nement inoubliable pour l&rsquo;unique province fran\u00e7aise d&rsquo;Am\u00e9rique. Ce fut l&rsquo;apoth\u00e9ose, de grandioses r\u00e9ceptions, le tapis rouge, la fanfare militaire etc. La province de Jacques Cartier en avait mis le paquet.<\/p>\n<p><a href=\"http:\/\/archives.radio-canada.ca\/politique\/international\/clips\/14439\/\" target=\"_blank\">Cliquer ici pour \u00e9couter et voir l&rsquo;\u00e9v\u00e8nement rapport\u00e9 par Radio Canada<\/a><\/p>\n<p><span style=\"color: #ffffff;\">.<\/span><\/p>\n<p><span style=\"color: #ffffff;\"><br \/><\/span><\/p>\n<div id=\"attachment_4755\" style=\"width: 336px\" class=\"wp-caption alignleft\"><img loading=\"lazy\" decoding=\"async\" aria-describedby=\"caption-attachment-4755\" class=\"size-full wp-image-4755\" title=\"Le Pr\u00e9sident Paul Eug\u00e8ne Magloire\" src=\"http:\/\/www.lecarrefourdesopinions.ca\/wp-content\/uploads\/2011\/02\/Le-Pr\u00e9sident-Paul-Eug\u00e8ne-Magloire1.jpg\" alt=\"\" width=\"326\" height=\"405\" srcset=\"http:\/\/www.lecarrefourdesopinions.ca\/wp-content\/uploads\/2011\/02\/Le-Pr\u00e9sident-Paul-Eug\u00e8ne-Magloire1.jpg 326w, http:\/\/www.lecarrefourdesopinions.ca\/wp-content\/uploads\/2011\/02\/Le-Pr\u00e9sident-Paul-Eug\u00e8ne-Magloire1-241x300.jpg 241w\" sizes=\"auto, (max-width: 326px) 100vw, 326px\" \/><p id=\"caption-attachment-4755\" class=\"wp-caption-text\">Le Pr\u00e9sident Paul Eug\u00e8ne Magloire<\/p><\/div>\n<p>&nbsp;<\/p>\n<p>En ce temps l\u00e0, nos chefs d&rsquo;\u00c9tat \u00e9taient re\u00e7us par leur pair \u00e9tranger avec tous les honneurs dus \u00e0 leur rang. Comme des fleurs \u00e9parses sur leur route, les adjectifs de convenance tels\u00a0: \u00ab distingu\u00e9 \u2026 visiteur\u00bb, \u00ab honorable\u2026invit\u00e9 et son \u00e9pouse \u00bb,\u00a0 animaient le vocabulaire de l&rsquo;h\u00f4te ou de ses porte-paroles dans leur description du citoyen d&rsquo;honneur. Les m\u00e9dias sociaux du pays n&rsquo;\u00e9taient pas en reste. Le temps o\u00f9 nos \u00e9lus en signe de d\u00e9tresse, tiraient par piti\u00e9 sur la manche du veston du Pr\u00e9sident Obama, \u00e9tait loin, tr\u00e8s loin encore dans le cosmos. \u00c0 cette \u00e9poque, nul n&rsquo;aurait jamais imagin\u00e9 une telle incongruit\u00e9, une telle d\u00e9convenue \u00e0 survenir au 21<sup>em<\/sup> si\u00e8cle.<\/p>\n<div id=\"attachment_4754\" style=\"width: 523px\" class=\"wp-caption alignleft\"><img loading=\"lazy\" decoding=\"async\" aria-describedby=\"caption-attachment-4754\" class=\"size-full wp-image-4754\" title=\"magloire et Eisenhower\" src=\"http:\/\/www.lecarrefourdesopinions.ca\/wp-content\/uploads\/2011\/02\/magloire-et-Eisenhower.jpg\" alt=\"\" width=\"513\" height=\"403\" srcset=\"http:\/\/www.lecarrefourdesopinions.ca\/wp-content\/uploads\/2011\/02\/magloire-et-Eisenhower.jpg 513w, http:\/\/www.lecarrefourdesopinions.ca\/wp-content\/uploads\/2011\/02\/magloire-et-Eisenhower-300x235.jpg 300w, http:\/\/www.lecarrefourdesopinions.ca\/wp-content\/uploads\/2011\/02\/magloire-et-Eisenhower-400x314.jpg 400w\" sizes=\"auto, (max-width: 513px) 100vw, 513px\" \/><p id=\"caption-attachment-4754\" class=\"wp-caption-text\">Le pr\u00e9sident Magloire et le pr\u00e9sident Eisenhower lors d&#39;une rencontre officielle <\/p><\/div>\n<p>Les cam\u00e9ras focalisaient sur la fiert\u00e9 du N\u00e8gre irradiant, du N\u00e8gre autosuffisant de la premi\u00e8re\u00a0R\u00e9publique noire ind\u00e9pendante du monde \u00bb.\u00a0<a href=\"http:\/\/archives.radio-canada.ca\/politique\/international\/clips\/14439\/\" target=\"_blank\"><\/a><\/p>\n<p>&nbsp;<\/p>\n<p>Dans sa conf\u00e9rence avec la presse canadienne, Magloire avait mis l&rsquo;accent sur la diff\u00e9rence des commandes commerciales entre Ha\u00efti et le Qu\u00e9bec. Une lacune ou un d\u00e9ficit qu&rsquo;il tenait tant \u00e0 corriger. Fallait s&rsquo;imposer, puisque le verbe \u00ab Qu\u00e9mander \u00bb ne figurait pas \u00e0 son agenda. \u00c0 noter que le budget d&rsquo;Ha\u00efti \u00e0 cette \u00e9poque b\u00e9nie n&rsquo;\u00e9tait pas d\u00e9ficitaire. Re\u00e7u \u00e0 l&rsquo;Assembl\u00e9e Nationale de la province, son h\u00f4te, le Premier Ministre Duplessis, dans une envol\u00e9e oratoire m\u00e9morable eut \u00e0 d\u00e9clarer\u00a0: \u00ab Ha\u00efti est un pays \u00e0 imiter. Par l&rsquo;\u00e9nergie hydraulique, elle a \u00e9lectrifi\u00e9 l&rsquo;\u00eele. Elle a re\u00e7u le monde entier lors de son Exposition Universelle \u00e0 Port-au-Prince, Place du \u00a0bicentenaire, en regard\u00a0du\u00a0deux\u00a0centi\u00e8me\u00a0anniversaire de\u00a0la fondation de\u00a0cette ville. Le monde entier y \u00e9tait repr\u00e9sent\u00e9, etc. \u00bb. Quand je raconte cette anecdote<strong><sup>1<\/sup><\/strong> \u00e0 des amis qu\u00e9b\u00e9cois ou m\u00eame des Ha\u00eftiens, ils demeurent \u00e9bahis. Je les comprends. Comment leur expliquer l&rsquo;inexplicable\u00a0 aujourd&rsquo;hui?<\/p>\n<p>En fait, ce ne fut pas de vains mots. Le Qu\u00e9bec passa de la parole aux actes. En 1966, leur premi\u00e8re centrale hydro\u00e9lectrique, \u00ab Manic 1 \u00bb entra en service sur la rivi\u00e8re Manicougan. En 1967, ce fut le rendez-vous du monde entier \u00e0 Montr\u00e9al pour l&rsquo;exposition Universelle, \u00abTerre des hommes\u00bb.<\/p>\n<p>&nbsp;<\/p>\n<p>Tout au long de la d\u00e9cennie 60, pendant que Duvalier entra\u00eenait Ha\u00efti vers la porte de l&rsquo;enfer, les dirigeants du Qu\u00e9bec d\u00e9pos\u00e8rent leur pays sur la voie du d\u00e9veloppement. Soulignons, qu&rsquo;\u00e0 cette \u00e9poque, Ha\u00efti n&rsquo;avait rien \u00e0 envier \u00e0 Qu\u00e9bec. Ce dernier fut l&rsquo;ultime \u00a0province \u00e0 s&rsquo;\u00eatre industrialis\u00e9e dans l&rsquo;Am\u00e9rique moderne. Son essor industriel d\u00e9buta \u00e0 partir de son ouverture sur le monde en 1967. Pour ce faire, le pays de la neige \u00e9ternelle, suite \u00e0 un plan quinquennal de d\u00e9veloppement, alla faire le plein d&rsquo;enseignants principalement chez nous en Ha\u00efti et ailleurs dans le monde. En ce temps maudit, les instruits d&rsquo;Ha\u00efti se sauvaient par toutes les portes, c&rsquo;\u00e9tait la fuite des cerveaux. Rares sont les Qu\u00e9b\u00e9cois de notre g\u00e9n\u00e9ration qui n&rsquo;ont pas un heureux souvenir \u00e0 nous conter \u00e0 propos d&rsquo;un certain professeur ha\u00eftien qui les avait accompagn\u00e9s soit au primaire, au secondaire ou \u00e0 l&rsquo;universit\u00e9.<\/p>\n<p>D&rsquo;ailleurs, dans l&rsquo;ouvrage, \u00ab <strong>Ces Qu\u00e9b\u00e9cois venus d&rsquo;Ha\u00efti &#8211; Contribution de la communaut\u00e9 ha\u00eftienne \u00e0 l&rsquo;\u00e9dification d&rsquo;un Qu\u00e9bec moderne<\/strong> \u00bb, le Premier Ministre actuel, Jean Charest, invit\u00e9 \u00e0 y d\u00e9poser sa griffe en guise de pr\u00e9face, a inscrit ceci \u00a0: \u00ab <strong>Il est de ces peuples qui en se donnant la main, se donnent aussi la chance de se r\u00e9aliser et de faire avancer la soci\u00e9t\u00e9 qu&rsquo;ils habitent ensemble\u2026..Au c\u0153ur de ces Qu\u00e9b\u00e9cois venus d&rsquo;Ha\u00efti, se trouvent des femmes et des hommes dont on ne doit oublier ni l&rsquo;\u00e2me, ni les actions<\/strong> \u00bb. C&rsquo;est un Franc Merci! Le Qu\u00e9bec y avait ramass\u00e9 le jackpot aux fins de son d\u00e9veloppement.<\/p>\n<p>Revenons \u00e0 notre sujet en titre. Esp\u00e9rons-nous revivre ces fastes pour un de nos chefs d&rsquo;\u00c9tat \u00e0 venir? C&rsquo;est la grosse interrogation! \u00c0 l&rsquo;\u00e9poque d&rsquo;Estim\u00e9, de Magloire et de certains de leurs pr\u00e9d\u00e9cesseurs, Ha\u00efti fut la perle des Antilles, aujourd&rsquo;hui! ..\u2026 nous connaissons le refrain. Hier, ces \u00e9lus \u00e9taient des personnages \u00e0 la hauteur des devoirs de leur charge. Comp\u00e9tents et peu corrompus, Ils \u00a0\u00a0travaillaient au bien-\u00eatre de leurs commettants et imposaient le respect. Si aujourd&rsquo;hui, nos enfants se sont tromp\u00e9s d&rsquo;histoires ou de Chefs d&rsquo;\u00c9tat en entendant leurs parents rem\u00e9mor\u00e9s ces ann\u00e9es de pr\u00e9dilection, tout en d\u00e9plorant la gabegie pr\u00e9sente, ne leur tenez pas grief, car, nostalgiques, nous avions pass\u00e9 outre la chronologie des \u00e9v\u00e8nements au d\u00e9triment de leur apprentissage. Vraiment, la fin de cette idylle, avec\u00a0 le\u00a0 d\u00e9part de Magloire, a recouvert Ha\u00efti d&rsquo;une chape de boue puante \u00e0 donner la naus\u00e9e, au point de nous perdre en conjectures sur la beaut\u00e9 du pass\u00e9 sans \u00e9quivalence pour notre m\u00e9moire t\u00eatue. Depuis 1956, \u00a0jusqu&rsquo;\u00e0 nos jours, Ha\u00efti vivote dans l&rsquo;univers imp\u00e9n\u00e9trable de la d\u00e9mence psychotique. N&rsquo;en d\u00e9plaise \u00e0 ceux qui tentent de chercher un sens \u00e0 l&rsquo;insens\u00e9 et une explication rationnelle \u00e0 la d\u00e9raison.<\/p>\n<p>Devons-nous garder l&rsquo;espoir en un lendemain, promoteur d&rsquo;une r\u00e9surgence? Tout d\u00e9pend de nous. La cl\u00e9 de cet hypoth\u00e9tique futur sera entre nos mains jusqu&rsquo;au 20 mars 2011. Saisissons la chance au vol si nous voulons nous divorcer du r\u00e9el. Nous sommes condamn\u00e9s au succ\u00e8s, car <strong>\u00abla grandeur d&rsquo;un peuple demeure dans sa d\u00e9cision d&rsquo;\u00eatre plus fort que sa condition<\/strong> \u00bb. (A.Camus). Pour ce, \u00e9carquillons nos yeux, cessons de nous comporter comme des \u00eatres irrationnels qui r\u00e9clament des r\u00e9ponses rationnelles. En un mot\u00a0: Pa p\u00e9t\u00e9 t\u00eat nou!<\/p>\n<p><strong>Par :\u00a0Max Dorismond <a href=\"http:\/\/groups.yahoo.com\/group\/HaitiConnexion\/post?postID=hrmH3rQnwpSpyF0OG8F1x0u204i9-z-8IgcVIEvOlbf-7EhmnBzf1fhn6fEU8p7tGPsH85-d\" target=\"_blank\">mx20005@yahoo.ca<\/a><\/strong><\/p>\n<p><strong><img loading=\"lazy\" decoding=\"async\" class=\"alignleft size-full wp-image-508\" title=\"G\u00e9rard Philis\" src=\"http:\/\/www.lecarrefourdesopinions.ca\/wp-content\/uploads\/2010\/02\/G\u00e9rard-Philis2.jpg\" alt=\"\" width=\"556\" height=\"124\" srcset=\"http:\/\/www.lecarrefourdesopinions.ca\/wp-content\/uploads\/2010\/02\/G\u00e9rard-Philis2.jpg 556w, http:\/\/www.lecarrefourdesopinions.ca\/wp-content\/uploads\/2010\/02\/G\u00e9rard-Philis2-300x66.jpg 300w, http:\/\/www.lecarrefourdesopinions.ca\/wp-content\/uploads\/2010\/02\/G\u00e9rard-Philis2-400x89.jpg 400w\" sizes=\"auto, (max-width: 556px) 100vw, 556px\" \/><br \/><\/strong><\/p>\n<p><strong><img loading=\"lazy\" decoding=\"async\" class=\"alignleft size-medium wp-image-4764\" title=\"Voyages_VolmarBC\" src=\"http:\/\/www.lecarrefourdesopinions.ca\/wp-content\/uploads\/2011\/02\/Voyages_VolmarBC4-300x199.jpg\" alt=\"\" width=\"300\" height=\"199\" srcset=\"http:\/\/www.lecarrefourdesopinions.ca\/wp-content\/uploads\/2011\/02\/Voyages_VolmarBC4-300x199.jpg 300w, http:\/\/www.lecarrefourdesopinions.ca\/wp-content\/uploads\/2011\/02\/Voyages_VolmarBC4-400x266.jpg 400w, http:\/\/www.lecarrefourdesopinions.ca\/wp-content\/uploads\/2011\/02\/Voyages_VolmarBC4.jpg 853w\" sizes=\"auto, (max-width: 300px) 100vw, 300px\" \/><br \/><\/strong><\/p>\n<p>&nbsp;<\/p>\n<p>&nbsp;<\/p>\n<script type=\"text\/javascript\">\n\nvar addthis_config = {\"data_track_clickback\":false,\"data_track_addressbar\":false,\"data_track_textcopy\":false};\n<\/script><script type=\"text\/javascript\" src=\"\/\/s7.addthis.com\/js\/250\/addthis_widget.js#pubid=a457a6d63fb9e6ccabdde4110343bd85\"><\/script>","protected":false},"excerpt":{"rendered":"<p>AU TEMPS O\u00d9 NOS CHEFS D&rsquo;\u00c9TAT NE QU\u00c9MANDAIENT PAS<\/p>\n<p>&nbsp;<\/p>\n<p><span style=\"color: #800000;\"> par Max Dorismond\u00a0\u00a0\u00a0\u00a0\u00a0 <\/span><\/p>\n<p>&nbsp;<\/p>\n<p>\u00ab Nostalgie, nostalgie quand tu nous tiens\u2026\u00bb. En 1955, la visite au Qu\u00e9bec du charismatique Pr\u00e9sident d&rsquo;Ha\u00efti, Paul E. Magloire, \u00e0 l&rsquo;invitation du &hellip;<\/p>\n","protected":false},"author":1,"featured_media":0,"comment_status":"open","ping_status":"open","sticky":false,"template":"","format":"standard","meta":{"footnotes":""},"categories":[1],"tags":[],"class_list":["post-4747","post","type-post","status-publish","format-standard","hentry","category-accueil"],"_links":{"self":[{"href":"http:\/\/www.lecarrefourdesopinions.ca\/index.php?rest_route=\/wp\/v2\/posts\/4747","targetHints":{"allow":["GET"]}}],"collection":[{"href":"http:\/\/www.lecarrefourdesopinions.ca\/index.php?rest_route=\/wp\/v2\/posts"}],"about":[{"href":"http:\/\/www.lecarrefourdesopinions.ca\/index.php?rest_route=\/wp\/v2\/types\/post"}],"author":[{"embeddable":true,"href":"http:\/\/www.lecarrefourdesopinions.ca\/index.php?rest_route=\/wp\/v2\/users\/1"}],"replies":[{"embeddable":true,"href":"http:\/\/www.lecarrefourdesopinions.ca\/index.php?rest_route=%2Fwp%2Fv2%2Fcomments&post=4747"}],"version-history":[{"count":5,"href":"http:\/\/www.lecarrefourdesopinions.ca\/index.php?rest_route=\/wp\/v2\/posts\/4747\/revisions"}],"predecessor-version":[{"id":5100,"href":"http:\/\/www.lecarrefourdesopinions.ca\/index.php?rest_route=\/wp\/v2\/posts\/4747\/revisions\/5100"}],"wp:attachment":[{"href":"http:\/\/www.lecarrefourdesopinions.ca\/index.php?rest_route=%2Fwp%2Fv2%2Fmedia&parent=4747"}],"wp:term":[{"taxonomy":"category","embeddable":true,"href":"http:\/\/www.lecarrefourdesopinions.ca\/index.php?rest_route=%2Fwp%2Fv2%2Fcategories&post=4747"},{"taxonomy":"post_tag","embeddable":true,"href":"http:\/\/www.lecarrefourdesopinions.ca\/index.php?rest_route=%2Fwp%2Fv2%2Ftags&post=4747"}],"curies":[{"name":"wp","href":"https:\/\/api.w.org\/{rel}","templated":true}]}}