{"id":4738,"date":"2011-03-02T13:36:57","date_gmt":"2011-03-02T18:36:57","guid":{"rendered":"http:\/\/www.lecarrefourdesopinions.ca\/?p=4738"},"modified":"2011-03-02T13:36:57","modified_gmt":"2011-03-02T18:36:57","slug":"apartheid-parlons-en","status":"publish","type":"post","link":"http:\/\/www.lecarrefourdesopinions.ca\/?p=4738","title":{"rendered":"APARTHEID ? Parlons-en."},"content":{"rendered":"<p><strong>APARTHEID\u00a0? Parlons-en.<\/strong><\/p>\n<p>&nbsp;<\/p>\n<p><strong><img loading=\"lazy\" decoding=\"async\" class=\"alignleft size-thumbnail wp-image-4740\" title=\"photo \u00c9ric Nogard\" src=\"http:\/\/www.lecarrefourdesopinions.ca\/wp-content\/uploads\/2011\/02\/photo-\u00c9ric-Nogard10-134x107.jpg\" alt=\"\" width=\"134\" height=\"107\" \/> <\/strong><span style=\"color: #800000;\"><em>Par Eric E.G. NOGARD <\/em><\/span><\/p>\n<p>Apartheid\u00a0? Vous avez dit Apartheid\u00a0? Apartheid en Martinique\u00a0?<\/p>\n<p>Parlons-en un brin. Et d\u2019abord, mettons les choses au point, n\u2019est-il pas juste, en effet, que nous sachions de quoi nous voulons bien parler.<\/p>\n<p>&nbsp;<\/p>\n<p>Est-ce de l\u2019Apartheid, ce n\u00e9ologisme Sud Africain relatif \u00e0 la S\u00e9gr\u00e9gation Raciale, tant d\u00e9cri\u00e9e \u00e0 juste titre et, dit-on, aujourd\u2019hui abolie.<\/p>\n<p>&nbsp;<\/p>\n<p>Est-ce de ce r\u00e9gime de l\u2019Inde, qui veut qu\u2019aujourd\u2019hui encore l\u2019\u00a0\u00ab\u00a0intouchable\u00a0\u00bb, l\u2019indien de condition inf\u00e9rieure, soit banni du reste de la Population.<\/p>\n<p>&nbsp;<\/p>\n<p>Est-ce de cet Ancien R\u00e9gime Nord-Am\u00e9ricain qui refusait aux noirs les lieux fr\u00e9quent\u00e9s par les Blancs. Est-ce de ce mouvement d\u2019humeur de Hitler \u00e0 l\u2019\u00e9gard de Jess OWENS, le Prestigieux Sprinter Olympique des U.S.A.<\/p>\n<p>&nbsp;<\/p>\n<p>Est-ce de\u2026 Est-ce de\u2026 Est-ce de\u2026 car quand on y pense, quel Humain ou quel groupe Humain n\u2019a \u00e9t\u00e9 le Paria de tel Individu ou de tel Groupe.<\/p>\n<p>Le Catholique en Irlande, l\u2019Arabe l\u00e0, le Juif ailleurs, l\u2019Acadien autre part\u00a0!..<\/p>\n<p>Que le Martiniquais ait subi l\u2019Apartheid, c\u2019est douteux. Qu\u2019il n\u2019en fasse pas une n\u00e9vrose.<\/p>\n<p>&nbsp;<\/p>\n<p>Et qu\u2019il se dise que l\u2019Apartheid en Martinique fut l\u2019eau de rose de l\u2019Apartheid s\u2019il fut jamais chez nous. Car \u00e0 notre connaissance, il ne prit jamais pied sur notre Territoire.<\/p>\n<p>&nbsp;<\/p>\n<p>Gandhi le Mahatma, le jeune et fringant Avocat Ma\u00eetre GANDHI, fut Confront\u00e9 \u00e0 l\u2019Apartheid Africain, peut-\u00eatre pas pire que l\u2019Apartheid Indien.<\/p>\n<p>&nbsp;<\/p>\n<p>Mand\u00e9la l\u2019Avocat, le M\u00e9tis Nelson MANDELA en connu les Ge\u00f4les pour l\u2019avoir combattu. Et ils sont parvenus \u00e0 le faire abolir, et les voil\u00e0 pr\u00eats \u00e0 ne plus en parler, comme d\u2019une vilaine histoire qui ne vaut pas la peine qu\u2019on y pense.<\/p>\n<p>&nbsp;<\/p>\n<p>D\u2019ailleurs, Mand\u00e9la n\u2019a-t-il pas \u00e9t\u00e9 port\u00e9 au Sommet du South African State.<\/p>\n<p>&nbsp;<\/p>\n<p>Quant \u00e0 l\u2019Apartheid Am\u00e9ricain, \u00e0 quoi bon en parler, les Noirs Am\u00e9ricains eux-m\u00eames ayant fait passer cette histoire sous la plante de leurs pieds, tellement ils ont mieux \u00e0 faire que d\u2019y penser seulement.<\/p>\n<p>&nbsp;<\/p>\n<p>Quoi que pourtant, cette plaie de l\u2019Humanit\u00e9 y \u00e9tait hier encore aig\u00fce, ouverte, r\u00e9manente, mon p\u00e8re l\u2019ayant touch\u00e9e du doigt\u2026 au Refuge des Cajuns pourchass\u00e9s dans leur ch\u00e8re Acadie, comme dans le Missouri, \u00e0 St-Louis Berceau de Jos\u00e9phine BAKER.<\/p>\n<p>&nbsp;<\/p>\n<p>C\u2019\u00e9tait \u00e0 B\u00e2ton Rouge, Etat de la  Louisiane, en route pour New-Orl\u00e9ans.<\/p>\n<p>Il s\u2019assit dans un bus comme il l\u2019e\u00fbt fait en Martinique, tout simplement, quand l\u2019assistant du Conducteur vint \u00e0 lui et lui dit\u00a0:<\/p>\n<p>&nbsp;<\/p>\n<p><em>\u00ab\u00a0Ce Secteur est r\u00e9serv\u00e9 aux Noirs, Sir. Prenez place de ce c\u00f4t\u00e9.\u00a0\u00bb<\/em><\/p>\n<p><em> <\/em><\/p>\n<p>En bon M\u00e9tis qu\u2019il est, mon P\u00e8re obtemp\u00e9ra et grand bien lui en prit.<\/p>\n<p>Ne vit-il pas encore pour voir tant de Noirs \u00e0 des Postes Elev\u00e9s et tant de M\u00e9tis \u00e0 des Postes-Cl\u00e9s\u2026 Collin POWERS, Barack OBAMA\u00a0!..<\/p>\n<p>&nbsp;<\/p>\n<p>&nbsp;<\/p>\n<p>Ne parlons pas de la France, elle e\u00fbt le vrai B\u00e9guin pour les Martiniquais et Gaston MONNERVILLE, un Nom bien Martiniquais, en fut 22 ans durant, de 1947 \u00e0 1968, le Pr\u00e9sident du S\u00e9nat, deuxi\u00e8me Poste de la  R\u00e9publique Fran\u00e7aise puisque c\u2019est le Pr\u00e9sident du S\u00e9nat qui en cas de vacance du Pouvoir assure l\u2019Int\u00e9rim du Pr\u00e9sident de la R\u00e9publique avant la tenue de nouvelles \u00e9lections. Comme par exemple Alain POHER suite au d\u00e9c\u00e8s de Georges POMPIDOU en 1974.<\/p>\n<p>&nbsp;<\/p>\n<p>&nbsp;<\/p>\n<p>Et, pour savoir le peu que nous savons sur l\u2019Apartheid, nous pouvons t\u00e9moigner que nous n\u2019avons pas constat\u00e9 ce ph\u00e9nom\u00e8ne en Martinique, peut-\u00eatre somme nous de parti-pris, voire aveugle, pour avoir mis nos yeux au fond de notre poche, avec notre mouchoir par-dessus.<\/p>\n<p>&nbsp;<\/p>\n<p>En revanche, qu\u2019il y ait chez-nous des gens qui s\u2019emprisonnent dans leur sectarisme en voulant en imposer \u00e0 ceux qui ne voient pas les choses de la m\u00eame fa\u00e7on qu\u2019eux, c\u2019est autre chose.<\/p>\n<p>&nbsp;<\/p>\n<p>Cette autre chose n\u2019est pas de l\u2019Apartheid, n\u2019est pas sp\u00e9cifique de la Martinique, Georges BRASSENS l\u2019a chant\u00e9e dans son\u00a0:<\/p>\n<p>&nbsp;<\/p>\n<p><em>\u00ab\u00a0Les Gens n\u2019aiment pas qu\u2019on suive une autre route qu\u2019eux\u00a0\u00bb.<\/em><\/p>\n<p>&nbsp;<\/p>\n<p>Zarathoustra l\u2019a d\u00e9nonc\u00e9e dans la mentalit\u00e9 des \u00ab\u00a0b\u00eates \u00e0 cornes\u00a0\u00bb , tout juste pour nous sugg\u00e9rer de nous d\u00e9pouiller de notre syndrome du ghetto comme du Complexe de la Vie de Troupeau Retardataire.<\/p>\n<p>&nbsp;<\/p>\n<p>Arr\u00eatons de nous calfeutrer dans nos id\u00e9es godillot de C\u00e9phalopodes.<\/p>\n<p>&nbsp;<\/p>\n<p>A voir ces couvre-chefs, au sortir de l\u2019\u00e9cole,<\/p>\n<p>Du casque Colonial\u2026, au Cannotier U.S.<\/p>\n<p>Du plus blanc au plus noir\u2026 des bien ou mal v\u00eatus<\/p>\n<p>Et parler d\u2019Apartheid, est-ce \u00e7a le cr\u00e9ole.<\/p>\n<p>&nbsp;<\/p>\n<p>Faisons l\u2019effort de lever le nez de notre bol de Caf\u00e9, de notre N\u00e9gritude.<\/p>\n<p>Ainsi verrons-nous les Autres (comme les choses) \u00e0 en rester bouche b\u00e9e.<\/p>\n<p>&nbsp;<\/p>\n<p>Eric E.G. NOGARD<\/p>\n<p>&nbsp;<\/p>\n<p>Pi\u00e8ces jointes\u00a0:<\/p>\n<p><img loading=\"lazy\" decoding=\"async\" class=\"alignleft size-thumbnail wp-image-4742\" title=\"Ph1 Eric 1960\" src=\"http:\/\/www.lecarrefourdesopinions.ca\/wp-content\/uploads\/2011\/02\/Ph1-Eric-1960-134x107.jpg\" alt=\"\" width=\"134\" height=\"107\" \/><img loading=\"lazy\" decoding=\"async\" class=\"alignleft size-medium wp-image-4743\" title=\"Ph2 Classe Eric  1960\" src=\"http:\/\/www.lecarrefourdesopinions.ca\/wp-content\/uploads\/2011\/02\/Ph2-Classe-Eric-1960-300x185.jpg\" alt=\"\" width=\"300\" height=\"185\" srcset=\"http:\/\/www.lecarrefourdesopinions.ca\/wp-content\/uploads\/2011\/02\/Ph2-Classe-Eric-1960-300x185.jpg 300w, http:\/\/www.lecarrefourdesopinions.ca\/wp-content\/uploads\/2011\/02\/Ph2-Classe-Eric-1960-1024x633.jpg 1024w, http:\/\/www.lecarrefourdesopinions.ca\/wp-content\/uploads\/2011\/02\/Ph2-Classe-Eric-1960-400x247.jpg 400w, http:\/\/www.lecarrefourdesopinions.ca\/wp-content\/uploads\/2011\/02\/Ph2-Classe-Eric-1960.jpg 1320w\" sizes=\"auto, (max-width: 300px) 100vw, 300px\" \/><img loading=\"lazy\" decoding=\"async\" class=\"alignleft size-large wp-image-4744\" title=\"Ph3 Ecole Perrinon 1900\" src=\"http:\/\/www.lecarrefourdesopinions.ca\/wp-content\/uploads\/2011\/02\/Ph3-Ecole-Perrinon-1900-1024x735.jpg\" alt=\"\" width=\"450\" height=\"322\" srcset=\"http:\/\/www.lecarrefourdesopinions.ca\/wp-content\/uploads\/2011\/02\/Ph3-Ecole-Perrinon-1900-1024x735.jpg 1024w, http:\/\/www.lecarrefourdesopinions.ca\/wp-content\/uploads\/2011\/02\/Ph3-Ecole-Perrinon-1900-300x215.jpg 300w, http:\/\/www.lecarrefourdesopinions.ca\/wp-content\/uploads\/2011\/02\/Ph3-Ecole-Perrinon-1900-400x287.jpg 400w\" sizes=\"auto, (max-width: 450px) 100vw, 450px\" \/><\/p>\n<p>1.\u00a0\u00a0\u00a0\u00a0 Cour de R\u00e9cr\u00e9ation Ecole Perrinon, Fort-de-France, Martinique, Ann\u00e9e 1900, la Maison o\u00f9 v\u00e9cut Eric E.G. NOGARD, \u00e0 l\u2019extr\u00eame gauche sur la photo.<\/p>\n<p>&nbsp;<\/p>\n<p>2.\u00a0\u00a0\u00a0\u00a0 60 ans apr\u00e8s, Eric E.G. NOGARD, 2\u00e9me rang, 2\u00e9me \u00e0 partir de la droite.<\/p>\n<p>&nbsp;<\/p>\n<p>3.\u00a0\u00a0\u00a0\u00a0 Lien conduisant \u00e0 une biographie de Gaston MONNERVILLE\u00a0: <a href=\"http:\/\/www.charles-tocanier.fr\/blog\/mentors\/monnerville.htm\">http:\/\/www.charles-tocanier.fr\/blog\/mentors\/monnerville.htm<\/a><\/p>\n<p>&nbsp;<\/p>\n<li><a href=\"http:\/\/www.lescrutateur.com\/\">http:\/\/www.lescrutateur.com\/<\/a><\/li>\n<li><a href=\"http:\/\/www.etatsgenerauxdeloutremer.fr\/reflexions\">http:\/\/www.etatsgenerauxdeloutremer.fr\/reflexions<\/a><\/li>\n<p>&nbsp;<\/p>\n<p><img loading=\"lazy\" decoding=\"async\" class=\"alignleft size-full wp-image-4739\" title=\"billets de banque de collection\" src=\"http:\/\/www.lecarrefourdesopinions.ca\/wp-content\/uploads\/2011\/02\/billets-de-banque-de-collection12.jpg\" alt=\"\" width=\"596\" height=\"328\" srcset=\"http:\/\/www.lecarrefourdesopinions.ca\/wp-content\/uploads\/2011\/02\/billets-de-banque-de-collection12.jpg 596w, http:\/\/www.lecarrefourdesopinions.ca\/wp-content\/uploads\/2011\/02\/billets-de-banque-de-collection12-300x165.jpg 300w, http:\/\/www.lecarrefourdesopinions.ca\/wp-content\/uploads\/2011\/02\/billets-de-banque-de-collection12-400x220.jpg 400w\" sizes=\"auto, (max-width: 596px) 100vw, 596px\" \/><\/p>\n<p>&nbsp;<\/p>\n<script type=\"text\/javascript\">\n\nvar addthis_config = {\"data_track_clickback\":false,\"data_track_addressbar\":false,\"data_track_textcopy\":false};\n<\/script><script type=\"text\/javascript\" src=\"\/\/s7.addthis.com\/js\/250\/addthis_widget.js#pubid=a457a6d63fb9e6ccabdde4110343bd85\"><\/script>","protected":false},"excerpt":{"rendered":"<p>APARTHEID\u00a0? Parlons-en.<\/p>\n<p>&nbsp;<\/p>\n<p> <span style=\"color: #800000;\">Par Eric E.G. NOGARD <\/span><\/p>\n<p>Apartheid\u00a0? Vous avez dit Apartheid\u00a0? Apartheid en Martinique\u00a0?<\/p>\n<p>Parlons-en un brin. Et d\u2019abord, mettons les choses au point, n\u2019est-il pas juste, en effet, que nous sachions &hellip;<\/p>\n","protected":false},"author":1,"featured_media":0,"comment_status":"open","ping_status":"open","sticky":false,"template":"","format":"standard","meta":{"footnotes":""},"categories":[1],"tags":[],"class_list":["post-4738","post","type-post","status-publish","format-standard","hentry","category-accueil"],"_links":{"self":[{"href":"http:\/\/www.lecarrefourdesopinions.ca\/index.php?rest_route=\/wp\/v2\/posts\/4738","targetHints":{"allow":["GET"]}}],"collection":[{"href":"http:\/\/www.lecarrefourdesopinions.ca\/index.php?rest_route=\/wp\/v2\/posts"}],"about":[{"href":"http:\/\/www.lecarrefourdesopinions.ca\/index.php?rest_route=\/wp\/v2\/types\/post"}],"author":[{"embeddable":true,"href":"http:\/\/www.lecarrefourdesopinions.ca\/index.php?rest_route=\/wp\/v2\/users\/1"}],"replies":[{"embeddable":true,"href":"http:\/\/www.lecarrefourdesopinions.ca\/index.php?rest_route=%2Fwp%2Fv2%2Fcomments&post=4738"}],"version-history":[{"count":4,"href":"http:\/\/www.lecarrefourdesopinions.ca\/index.php?rest_route=\/wp\/v2\/posts\/4738\/revisions"}],"predecessor-version":[{"id":4790,"href":"http:\/\/www.lecarrefourdesopinions.ca\/index.php?rest_route=\/wp\/v2\/posts\/4738\/revisions\/4790"}],"wp:attachment":[{"href":"http:\/\/www.lecarrefourdesopinions.ca\/index.php?rest_route=%2Fwp%2Fv2%2Fmedia&parent=4738"}],"wp:term":[{"taxonomy":"category","embeddable":true,"href":"http:\/\/www.lecarrefourdesopinions.ca\/index.php?rest_route=%2Fwp%2Fv2%2Fcategories&post=4738"},{"taxonomy":"post_tag","embeddable":true,"href":"http:\/\/www.lecarrefourdesopinions.ca\/index.php?rest_route=%2Fwp%2Fv2%2Ftags&post=4738"}],"curies":[{"name":"wp","href":"https:\/\/api.w.org\/{rel}","templated":true}]}}