{"id":4728,"date":"2011-03-02T13:36:16","date_gmt":"2011-03-02T18:36:16","guid":{"rendered":"http:\/\/www.lecarrefourdesopinions.ca\/?p=4728"},"modified":"2011-03-02T13:36:16","modified_gmt":"2011-03-02T18:36:16","slug":"du-chaos-des-monopoles-vers-une-refondation-de-la-communication","status":"publish","type":"post","link":"http:\/\/www.lecarrefourdesopinions.ca\/?p=4728","title":{"rendered":"DU CHAOS DES MONOPOLES VERS UNE REFONDATION DE LA COMMUNICATION"},"content":{"rendered":"<p><strong>DU CHAOS DES MONOPOLES VERS UNE REFONDATION DE LA COMMUNICATION\u00a0:<\/strong><\/p>\n<p><strong> de la communication \u00e0 l\u2019alter communication (Premi\u00e8re partie)<\/strong><\/p>\n<p><span style=\"color: #800000;\"><em><img loading=\"lazy\" decoding=\"async\" class=\"alignleft size-thumbnail wp-image-4729\" title=\"photo Pamphile\" src=\"http:\/\/www.lecarrefourdesopinions.ca\/wp-content\/uploads\/2011\/02\/photo-Pamphile-134x107.jpg\" alt=\"\" width=\"134\" height=\"107\" \/> Par BEDOUNG Pamphile Barla Herv\u00e9\u00a0\u00a0\u00a0\u00a0\u00a0\u00a0 <br \/><\/em><\/span><\/p>\n<p><strong> <\/strong><\/p>\n<p style=\"text-align: justify;\">Des pouvoirs ad \u00e6ternam, sacralis\u00e9s et monopolisant des moyens d\u2019expression sont sous tremblement de terre sans pareil \u00e0 l\u2019\u00e9chelle de Richter. Les populations et les soci\u00e9t\u00e9s d\u00e9positaires de souverainet\u00e9 longtemps r\u00e9duites \u00e0 de simples avatars, ne pouvaient sans risque porter atteinte \u00e0 la s\u00e9curit\u00e9 publique ou d\u2019\u00eatre qualifi\u00e9es d\u2019ennemis de la R\u00e9publique, r\u00e9clamer les deux choses qui vaillent en tant que finalit\u00e9 de toute action politique\u00a0: l\u2019\u00e9quit\u00e9 et la redistribution.<\/p>\n<p style=\"text-align: justify;\">\n<p style=\"text-align: justify;\">Apr\u00e8s la chute du mur de Berlin et la conf\u00e9rence de la Baule\u00a0; deux \u00e9v\u00e9nements pr\u00e9curseurs de chutes des syst\u00e8mes monopolistiques vers des syst\u00e8mes pluralistes, l\u2019\u00e9lite gouvernementale apr\u00e8s des r\u00e9sistances acharn\u00e9es, a fini par c\u00e9der aux clairons de la d\u00e9mocratie et, il faut le noter, s\u2019est ing\u00e9nieusement appropri\u00e9e des m\u00e9canismes de contr\u00f4les de l\u2019espace public\u00a0:<\/p>\n<p style=\"text-align: justify;\">\n<ul style=\"text-align: justify;\">\n<li>Multiplication      des titres de journaux \u00e0\u00a0 la solde      des barons des gouvernants qui s\u2019en servent comme arme contre leurs      adversaires politiques ou qui asphyxient toute v\u00e9ritable politique de      libert\u00e9 d\u2019expression\u00a0;<\/li>\n<\/ul>\n<p style=\"text-align: justify;\">\n<ul style=\"text-align: justify;\">\n<li>Multiplication      des partis politiques qui travaillent plus dans le maintien au pouvoir du      dictateur verni de quelques grammes de poudre d\u00e9mocratique qui s\u2019envolent      aux premi\u00e8res gouttes de pluies, que pour une alternance politique.<\/li>\n<\/ul>\n<p style=\"text-align: justify;\">\n<p style=\"text-align: justify;\"><strong>Dans la sph\u00e8re internationale<\/strong>, les principes de gouvernance ont \u00e9t\u00e9 erect\u00e9s et command\u00e9s aux Etats. Seulement l\u2019anarchie des souverainet\u00e9s dont s\u2019octroient les nations riches pour la protection de leurs int\u00e9r\u00eats, a contribu\u00e9 \u00e0 renforcer les dictatures et les r\u00e8gnes infinis dans le monde arabo-musulmans et en l\u2019Afrique noire. Au nom de ces int\u00e9r\u00eats, ces soci\u00e9t\u00e9s notamment europ\u00e9ennes et nord am\u00e9ricaines, ont collabor\u00e9 \u00e9troitement avec ces dictatures transfigur\u00e9es en d\u00e9mocraties de majorit\u00e9 qualifi\u00e9e. Elles ont superbement ignor\u00e9 une r\u00e9alit\u00e9 multiforme et \u00e9volutive\u00a0:<\/p>\n<p style=\"text-align: justify;\">\n<ul style=\"text-align: justify;\">\n<li><strong><span style=\"color: #008080;\">Le peuple      est une r\u00e9alit\u00e9 et une souverainet\u00e9 concr\u00e8te et non philosophique <\/span><\/strong><\/li>\n<li><strong><span style=\"color: #008080;\">L\u2019\u00e9quit\u00e9 et      la redistribution du \u00ab\u00a0g\u00e2teau\u00a0\u00bb national, <\/span><\/strong><\/li>\n<li><strong><span style=\"color: #008080;\">L\u2019am\u00e9lioration      de l\u2019instruction qui a accru un besoin de libert\u00e9 et de d\u00e9mocratie      v\u00e9ritable<\/span><\/strong><\/li>\n<li><strong><span style=\"color: #008080;\">La      mondialisation et la d\u00e9mocratisation des nouvelles technologies de      l\u2019information et de la communication<\/span><\/strong><\/li>\n<li><strong><span style=\"color: #008080;\">La      naissance et le d\u00e9veloppement d\u2019une nouvelle race de citoyens n\u00e9e avec la      vague internet. Ceux-ci \u00a0notamment sont      venus enrichir et complexifier le paysage de la libert\u00e9 d\u2019expression.<\/span><\/strong><\/li>\n<\/ul>\n<p style=\"text-align: justify;\"><strong> <\/strong><\/p>\n<p style=\"text-align: justify;\"><strong>Par cons\u00e9quent<\/strong>, les peuples n\u2019\u00e9taient plus du b\u00e9tail \u00e9lectoral vou\u00e9 aux messages de soutiens concurrentiels des sections et sous sections du parti, des associations, des villages, des clans ou des individus au Chef de l\u2019Etat. \u00a0Ces peuples ont aujourd\u2019hui, une soif croissante et perp\u00e9tuelle d\u2019une concurrence bas\u00e9e sur la comp\u00e9titivit\u00e9 sur le plan intellectuel, moral et mat\u00e9riel. L\u2019am\u00e9nagement de l\u2019espace public devrait \u00eatre alors la pr\u00e9occupation du Prince. Malheureusement, \u00a0l\u2019\u00e9lite gouvernementale est rest\u00e9e \u00e9go\u00efste, hautaine et m\u00eame injurieuse. Et leur r\u00e9action vis-\u00e0-vis de cette aspiration populaire, est une violence arm\u00e9e inou\u00efe. Des forces sp\u00e9ciales ont m\u00eame \u00e9t\u00e9 \u00e9rig\u00e9es pour parer \u00e0 de tels sursauts d\u00e9mocratiques.<\/p>\n<p style=\"text-align: justify;\">\n<p style=\"text-align: justify;\"><strong>Si la libert\u00e9 de presse est<\/strong> connue et exerc\u00e9e avec d\u00e9lice par toutes les tendances d\u2019opinions, celle de rassemblement et de manifestation dans les voies publiques a \u00e9t\u00e9 verrouill\u00e9e voire frapp\u00e9e d\u2019embargo avec l\u2019appui de l\u2019administration publique sourcilleuse de la garantie de la paix et de la tranquillit\u00e9 publique qui sont pr\u00e9sent\u00e9es \u00a0dans le monde des dictateurs comme des r\u00e9alisations digne de prix Nobel face \u00e0 une mar\u00e9e de mis\u00e8re et de pauvret\u00e9 du fait de la confiscation par une minorit\u00e9 de la richesse nationale.<\/p>\n<p style=\"text-align: justify;\">\n<p style=\"text-align: justify;\"><strong>La communication est donc confisqu\u00e9e et monopolis\u00e9e<\/strong>. Les libert\u00e9s de rassemblement et de manifestation refus\u00e9es au nom de l\u2019ordre public. Quand elles sont autoris\u00e9es et diffus\u00e9es \u00e0 grande \u00e9chelle dans les medias public, elles sont des marches de soutien au Prince et une imploration \u00e0 ce qu\u2019il brigue un \u00e9ni\u00e8me mandat pour la paix dans le pays. Si la presse publique est li\u00e9e par sa ligne \u00e9ditoriale, la presse priv\u00e9e sans grands moyens s\u2019est rang\u00e9e politiquement, id\u00e9ologiquement ou socialement, rendant presque impossible un meilleur rendu de la libert\u00e9 d\u2019expression. Les repr\u00e9sentants du peuple que sont les d\u00e9put\u00e9s font plus all\u00e9geance \u00e0 leur parti politique et \u00e0 leur leader qu\u2019au peuple. Chaque r\u00e9union tribale, corporatiste ou socioprofessionnelle se termine par une motion de soutien au Chef de l\u2019Etat. Il est v\u00e9n\u00e9r\u00e9\u00a0; c\u2019est un roi et il ne peut mal faire. Apr\u00e8s lui le chaos est possible. Le contester devient par cons\u00e9quent un dangereux crime contre la R\u00e9publique.<\/p>\n<p><span style=\"color: #800000;\"><em>BEDOUNG Pamphile Barla Herv\u00e9<\/em><\/span><\/p>\n<p><span style=\"color: #800000;\"><em>Consultant ,Certifi\u00e9 en Management System International (MSI)<\/em><\/span><\/p>\n<p><span style=\"color: #800000;\"><em>Troisi\u00e8me cycle en droit des affaires, D.E.S.S en fiscalit\u00e9 des entreprises<\/em><\/span><\/p>\n<p>@\u00a0: <a href=\"mailto:bedoung_pamphile@yahoo.fr\">bedoung_pamphile@yahoo.fr<\/a><\/p>\n<p><img loading=\"lazy\" decoding=\"async\" class=\"alignleft size-full wp-image-4730\" title=\"au l\u00e8che doigts\" src=\"http:\/\/www.lecarrefourdesopinions.ca\/wp-content\/uploads\/2011\/02\/au-l\u00e8che-doigts9.jpg\" alt=\"\" width=\"554\" height=\"252\" srcset=\"http:\/\/www.lecarrefourdesopinions.ca\/wp-content\/uploads\/2011\/02\/au-l\u00e8che-doigts9.jpg 554w, http:\/\/www.lecarrefourdesopinions.ca\/wp-content\/uploads\/2011\/02\/au-l\u00e8che-doigts9-300x136.jpg 300w, http:\/\/www.lecarrefourdesopinions.ca\/wp-content\/uploads\/2011\/02\/au-l\u00e8che-doigts9-400x181.jpg 400w\" sizes=\"auto, (max-width: 554px) 100vw, 554px\" \/><\/p>\n<script type=\"text\/javascript\">\n\nvar addthis_config = {\"data_track_clickback\":false,\"data_track_addressbar\":false,\"data_track_textcopy\":false};\n<\/script><script type=\"text\/javascript\" src=\"\/\/s7.addthis.com\/js\/250\/addthis_widget.js#pubid=a457a6d63fb9e6ccabdde4110343bd85\"><\/script>","protected":false},"excerpt":{"rendered":"<p>DU CHAOS DES MONOPOLES VERS UNE REFONDATION DE LA COMMUNICATION\u00a0:<\/p>\n<p> de la communication \u00e0 l\u2019alter communication (Premi\u00e8re partie)<\/p>\n<p><span style=\"color: #800000;\"> Par BEDOUNG Pamphile Barla Herv\u00e9\u00a0\u00a0\u00a0\u00a0\u00a0\u00a0 <\/span><\/p>\n<\/p>\n<p style=\"text-align: justify;\">Des pouvoirs ad \u00e6ternam, sacralis\u00e9s et monopolisant des moyens d\u2019expression sont sous tremblement &hellip;<\/p>\n","protected":false},"author":1,"featured_media":0,"comment_status":"open","ping_status":"open","sticky":false,"template":"","format":"standard","meta":{"footnotes":""},"categories":[1],"tags":[],"class_list":["post-4728","post","type-post","status-publish","format-standard","hentry","category-accueil"],"_links":{"self":[{"href":"http:\/\/www.lecarrefourdesopinions.ca\/index.php?rest_route=\/wp\/v2\/posts\/4728","targetHints":{"allow":["GET"]}}],"collection":[{"href":"http:\/\/www.lecarrefourdesopinions.ca\/index.php?rest_route=\/wp\/v2\/posts"}],"about":[{"href":"http:\/\/www.lecarrefourdesopinions.ca\/index.php?rest_route=\/wp\/v2\/types\/post"}],"author":[{"embeddable":true,"href":"http:\/\/www.lecarrefourdesopinions.ca\/index.php?rest_route=\/wp\/v2\/users\/1"}],"replies":[{"embeddable":true,"href":"http:\/\/www.lecarrefourdesopinions.ca\/index.php?rest_route=%2Fwp%2Fv2%2Fcomments&post=4728"}],"version-history":[{"count":2,"href":"http:\/\/www.lecarrefourdesopinions.ca\/index.php?rest_route=\/wp\/v2\/posts\/4728\/revisions"}],"predecessor-version":[{"id":4789,"href":"http:\/\/www.lecarrefourdesopinions.ca\/index.php?rest_route=\/wp\/v2\/posts\/4728\/revisions\/4789"}],"wp:attachment":[{"href":"http:\/\/www.lecarrefourdesopinions.ca\/index.php?rest_route=%2Fwp%2Fv2%2Fmedia&parent=4728"}],"wp:term":[{"taxonomy":"category","embeddable":true,"href":"http:\/\/www.lecarrefourdesopinions.ca\/index.php?rest_route=%2Fwp%2Fv2%2Fcategories&post=4728"},{"taxonomy":"post_tag","embeddable":true,"href":"http:\/\/www.lecarrefourdesopinions.ca\/index.php?rest_route=%2Fwp%2Fv2%2Ftags&post=4728"}],"curies":[{"name":"wp","href":"https:\/\/api.w.org\/{rel}","templated":true}]}}