{"id":4716,"date":"2011-03-02T13:38:20","date_gmt":"2011-03-02T18:38:20","guid":{"rendered":"http:\/\/www.lecarrefourdesopinions.ca\/?p=4716"},"modified":"2011-03-06T12:38:18","modified_gmt":"2011-03-06T17:38:18","slug":"8-mars-journee-internationale-de-la-femme-et-charia","status":"publish","type":"post","link":"http:\/\/www.lecarrefourdesopinions.ca\/?p=4716","title":{"rendered":"8 Mars, journ\u00e9e internationale de la femme et Charia"},"content":{"rendered":"<p>8 Mars, journ\u00e9e internationale de la femme et Charia (sourate 4\u00a0:34)<\/p>\n<p><img loading=\"lazy\" decoding=\"async\" class=\"alignleft size-thumbnail wp-image-4718\" title=\"J.P.Kozminski\" src=\"http:\/\/www.lecarrefourdesopinions.ca\/wp-content\/uploads\/2011\/02\/J.P.Kozminski2-134x107.jpg\" alt=\"\" width=\"134\" height=\"107\" \/> <em> <span style=\"color: #800000;\">Par Jean-Paul Kozminski <\/span> <br \/><\/em><\/p>\n<p style=\"text-align: justify;\">C\u2019est une tradition annuelle. Tous les 8 mars, partout dans le monde civilis\u00e9, l\u2019ONU, L\u2019UNESCO et les organismes ayant pour but de promouvoir l\u2019\u00e9galit\u00e9 des genres, rappellent l\u2019importance du r\u00f4le des femmes dans nos soci\u00e9t\u00e9s. Au Qu\u00e9bec toutes les grandes centrales syndicales joignent leur voix \u00e0 ce grand mouvement de fraternit\u00e9 \u00e9galitaire.<\/p>\n<p style=\"text-align: justify;\">Cette journ\u00e9e est essentielle pour r\u00e9fl\u00e9chir tant sur les progr\u00e8s r\u00e9alis\u00e9s que sur les \u00e9tapes qui restent \u00e0 franchir pour \u00e9liminer du calendrier cet anniversaire. Anniversaire qui souligne les actes de courage et la grande d\u00e9termination des femmes qui aspirent \u00e0 une v\u00e9ritable \u00e9galit\u00e9 et une libert\u00e9.<\/p>\n<p style=\"text-align: justify;\">Les actions de l\u2019ONU sont gouvern\u00e9es par un principe\u00a0: aucune solution durable aux probl\u00e8mes sociaux ne peut se faire sans la participation active et autonome des femmes du monde entier.<\/p>\n<p style=\"text-align: justify;\">Je ne sais si c\u2019est Mao ou L\u00e9nine, Reagan, Thatcher ou Ren\u00e9 L\u00e9vesque qui disait\u00a0: <strong>la moiti\u00e9 du ciel est support\u00e9 par des femmes.<\/strong><\/p>\n<p style=\"text-align: justify;\">Je sais que certaines personnes aimeraient voir la <strong>Charia<\/strong><strong> <\/strong>remplacer nos lois. Que dire? Simplement ceci\u00a0: lisez, vous comprendrez.<\/p>\n<p style=\"text-align: justify;\"><strong><a href=\"http:\/\/www.postedeveille.ca\/2011\/01\/canada-oui-lislam-permet-au-%20mari-de-battre-sa-femme.html\">http:\/\/www.postedeveille.ca\/2011\/01\/canada-oui-lislam-permet-au- mari-de-battre-sa-femme.html<\/a><\/strong><\/p>\n<p style=\"text-align: justify;\">A la naissance, tous les enfants sont \u00e9gaux, mais l\u2019islam en fait des in\u00e9gaux; la charia est incompatible avec la  Charte canadienne des droits et libert\u00e9s.<\/p>\n<p style=\"text-align: justify;\">Le Coran dit que \u00ables hommes ont autorit\u00e9 sur les femmes, en raison des faveurs qu\u2019Allah accorde \u00e0 ceux-l\u00e0 sur celles-ci\u2026 les femmes vertueuses sont ob\u00e9issantes \u00e0 leurs maris\u2026 quant \u00e0 celles dont vous craignez la d\u00e9sob\u00e9issance, exhortez-les, \u00e9loignez-vous d\u2019elles dans leur lit et frappez-les s\u00e9v\u00e8rement pour infliger de la douleur (4,34)\u2026 frappez-les (avec la main ou avec un instrument infligeant de la douleur), battez-les\u2026(4,62)\u00bb<\/p>\n<p style=\"text-align: justify;\"><span style=\"color: #800000;\"><strong>L\u2019Islam ne reconna\u00eet pas l\u2019\u00e9galit\u00e9 des sexes. La  Charia m\u00e8ne au traitement inhumain des femmes musulmanes par leur mari, leurs fr\u00e8res, cousins, oncles etc\u2026\u00a0 surtout en Asie du Sud et au Moyen-Orient.<\/strong><\/span><\/p>\n<p style=\"text-align: justify;\">N\u2019oublions pas que l\u2019agression sexuelle n\u2019est pas un acte de d\u00e9sir, mais un geste violent, un geste de pouvoir et de domination. C\u2019est aussi intimider, manipuler, menacer verbalement, user de violence physique ou psychologique.<\/p>\n<p style=\"text-align: justify;\"><img loading=\"lazy\" decoding=\"async\" class=\"alignleft size-medium wp-image-4834\" title=\"amarylise 1\" src=\"http:\/\/www.lecarrefourdesopinions.ca\/wp-content\/uploads\/2011\/03\/amarylise-11-300x225.jpg\" alt=\"\" width=\"300\" height=\"225\" srcset=\"http:\/\/www.lecarrefourdesopinions.ca\/wp-content\/uploads\/2011\/03\/amarylise-11-300x225.jpg 300w, http:\/\/www.lecarrefourdesopinions.ca\/wp-content\/uploads\/2011\/03\/amarylise-11-1024x768.jpg 1024w, http:\/\/www.lecarrefourdesopinions.ca\/wp-content\/uploads\/2011\/03\/amarylise-11-400x300.jpg 400w\" sizes=\"auto, (max-width: 300px) 100vw, 300px\" \/>Ayons aussi une pens\u00e9e pour les quatorze jeunes femmes de Polytechnique. Continuons de nous battre pour maintenir int\u00e9gralement le registre des armes \u00e0 feu. Ne perdons pas de vue que le gouvernement Harper a voulu reconsid\u00e9rer cette loi et qu\u2019il refuse actuellement d\u2019aider les femmes des pays en voie de d\u00e9veloppement (contraception).<\/p>\n<p style=\"text-align: justify;\">Les syndicats continuent leur lutte pour que les femmes aient le droit inali\u00e9nable de s\u2019associer et de n\u00e9gocier. Nous avons vu que la parit\u00e9 ou l\u2019\u00e9galit\u00e9 salariale a \u00e9t\u00e9 reconnue apr\u00e8s 30 ans de discussions et de n\u00e9gociations. Pourtant le principe est simple\u00a0: \u00e0 travail \u00e9gal, salaire \u00e9gal.<\/p>\n<p style=\"text-align: justify;\"><strong><a href=\"http:\/\/femmes.ftq.qc.ca\/modules\/pages\/index.php?id=6&amp;langue=fr\">http:\/\/femmes.ftq.qc.ca\/modules\/pages\/index.php?id=6&amp;langue=fr<\/a><\/strong><\/p>\n<p style=\"text-align: justify;\">En fait, profitons de cette journ\u00e9e du 8 mars pour affirmer le droit \u00e0 l\u2019<strong>\u00e9galit\u00e9<\/strong>, \u00e0 la <strong>dignit\u00e9<\/strong>, au <strong>respect<\/strong>. Soyons solidaires de tous ceux et celles qui luttent, au quotidien, pour ces grandes valeurs.<\/p>\n<p style=\"text-align: justify;\"><img loading=\"lazy\" decoding=\"async\" class=\"alignleft size-large wp-image-4717\" title=\"pub Jean Paul 3\" src=\"http:\/\/www.lecarrefourdesopinions.ca\/wp-content\/uploads\/2011\/02\/pub-Jean-Paul-33-1024x666.jpg\" alt=\"\" width=\"450\" height=\"292\" srcset=\"http:\/\/www.lecarrefourdesopinions.ca\/wp-content\/uploads\/2011\/02\/pub-Jean-Paul-33-1024x666.jpg 1024w, http:\/\/www.lecarrefourdesopinions.ca\/wp-content\/uploads\/2011\/02\/pub-Jean-Paul-33-300x195.jpg 300w, http:\/\/www.lecarrefourdesopinions.ca\/wp-content\/uploads\/2011\/02\/pub-Jean-Paul-33-400x260.jpg 400w, http:\/\/www.lecarrefourdesopinions.ca\/wp-content\/uploads\/2011\/02\/pub-Jean-Paul-33.jpg 1234w\" sizes=\"auto, (max-width: 450px) 100vw, 450px\" \/><\/p>\n<script type=\"text\/javascript\">\n\nvar addthis_config = {\"data_track_clickback\":false,\"data_track_addressbar\":false,\"data_track_textcopy\":false};\n<\/script><script type=\"text\/javascript\" src=\"\/\/s7.addthis.com\/js\/250\/addthis_widget.js#pubid=a457a6d63fb9e6ccabdde4110343bd85\"><\/script>","protected":false},"excerpt":{"rendered":"<p>8 Mars, journ\u00e9e internationale de la femme et Charia (sourate 4\u00a0:34)<\/p>\n<p>  <span style=\"color: #800000;\">Par Jean-Paul Kozminski <\/span> <\/p>\n<p style=\"text-align: justify;\">C\u2019est une tradition annuelle. Tous les 8 mars, partout dans le monde civilis\u00e9, l\u2019ONU, L\u2019UNESCO et les organismes ayant pour but de &hellip;<\/p>\n","protected":false},"author":1,"featured_media":0,"comment_status":"open","ping_status":"open","sticky":false,"template":"","format":"standard","meta":{"footnotes":""},"categories":[1],"tags":[],"class_list":["post-4716","post","type-post","status-publish","format-standard","hentry","category-accueil"],"_links":{"self":[{"href":"http:\/\/www.lecarrefourdesopinions.ca\/index.php?rest_route=\/wp\/v2\/posts\/4716","targetHints":{"allow":["GET"]}}],"collection":[{"href":"http:\/\/www.lecarrefourdesopinions.ca\/index.php?rest_route=\/wp\/v2\/posts"}],"about":[{"href":"http:\/\/www.lecarrefourdesopinions.ca\/index.php?rest_route=\/wp\/v2\/types\/post"}],"author":[{"embeddable":true,"href":"http:\/\/www.lecarrefourdesopinions.ca\/index.php?rest_route=\/wp\/v2\/users\/1"}],"replies":[{"embeddable":true,"href":"http:\/\/www.lecarrefourdesopinions.ca\/index.php?rest_route=%2Fwp%2Fv2%2Fcomments&post=4716"}],"version-history":[{"count":4,"href":"http:\/\/www.lecarrefourdesopinions.ca\/index.php?rest_route=\/wp\/v2\/posts\/4716\/revisions"}],"predecessor-version":[{"id":4835,"href":"http:\/\/www.lecarrefourdesopinions.ca\/index.php?rest_route=\/wp\/v2\/posts\/4716\/revisions\/4835"}],"wp:attachment":[{"href":"http:\/\/www.lecarrefourdesopinions.ca\/index.php?rest_route=%2Fwp%2Fv2%2Fmedia&parent=4716"}],"wp:term":[{"taxonomy":"category","embeddable":true,"href":"http:\/\/www.lecarrefourdesopinions.ca\/index.php?rest_route=%2Fwp%2Fv2%2Fcategories&post=4716"},{"taxonomy":"post_tag","embeddable":true,"href":"http:\/\/www.lecarrefourdesopinions.ca\/index.php?rest_route=%2Fwp%2Fv2%2Ftags&post=4716"}],"curies":[{"name":"wp","href":"https:\/\/api.w.org\/{rel}","templated":true}]}}