{"id":4703,"date":"2011-03-16T09:43:17","date_gmt":"2011-03-16T13:43:17","guid":{"rendered":"http:\/\/www.lecarrefourdesopinions.ca\/?p=4703"},"modified":"2011-03-16T09:43:17","modified_gmt":"2011-03-16T13:43:17","slug":"violations-des-droits-de-lhomme-vietnam20","status":"publish","type":"post","link":"http:\/\/www.lecarrefourdesopinions.ca\/?p=4703","title":{"rendered":"Violations des Droits de L&rsquo;Homme -Vietnam(20)"},"content":{"rendered":"<p><strong>Deuxi\u00e8me cas : 300 familles de l\u2019ethnie Cham (Champa), Province de Ninh Thuan<\/strong><\/p>\n<p><img loading=\"lazy\" decoding=\"async\" class=\"alignleft size-full wp-image-4704\" title=\"en t\u00eate articles Vietnam\" src=\"http:\/\/www.lecarrefourdesopinions.ca\/wp-content\/uploads\/2011\/02\/en-t\u00eate-articles-Vietnam1.jpg\" alt=\"\" width=\"508\" height=\"475\" srcset=\"http:\/\/www.lecarrefourdesopinions.ca\/wp-content\/uploads\/2011\/02\/en-t\u00eate-articles-Vietnam1.jpg 508w, http:\/\/www.lecarrefourdesopinions.ca\/wp-content\/uploads\/2011\/02\/en-t\u00eate-articles-Vietnam1-300x280.jpg 300w, http:\/\/www.lecarrefourdesopinions.ca\/wp-content\/uploads\/2011\/02\/en-t\u00eate-articles-Vietnam1-400x374.jpg 400w\" sizes=\"auto, (max-width: 508px) 100vw, 508px\" \/><\/p>\n<p style=\"text-align: justify;\">Le dossier de r\u00e9clamation de 300 familles de l\u2019ethnie Cham de la province\u00a0 de Ninh Thuan a \u00e9t\u00e9 adress\u00e9 aux autorit\u00e9s vietnamiennes, aux repr\u00e9sentants du Parti Communiste Vietnamien, au Comit\u00e9 Populaire responsable de l\u2019administration de l\u2019ethnie Cham (Champa) de la Province de Ninh Thuan,aux diff\u00e9rents organismes des Nations Unies, la Comission des Droits de l\u2019Homme, les gouvernementaux, les media auVietnam et \u00e0 l\u2019ext\u00e9rieur, les organismes de d\u00e9fense de la justice et les Tribunaux locaux et internationaux.<\/p>\n<p style=\"text-align: justify;\"><em>Nous sous signons,\u00a0 Thanh Nhon (Che Vien Phuong), dipl\u00f4m\u00e9 de l\u2019Universit\u00e9, de profession repr\u00e9sentant de m\u00e9dicaments de fabrication familaile, sans dimicile fixe, repr\u00e9sentant de l\u2019ethnie Cham de la  Province de Ninh Thuan, et Thanh Vi (Che Thien Tam), de niveau d\u2019\u00e9tudes Coll\u00e8ge, de profession d\u2019acapunctrice, sans domicile fixe, et Luong Thong, de profession vendeur de m\u00e9dicament traditionnel, sans domicile fixe et Sam Van Bien, salari\u00e9.<\/em><\/p>\n<p style=\"text-align: justify;\"><em>Nous sommes 300 familles Cham (qui ne constitue qu\u2019une partie de l\u2019ensemble des victimes) qui ont \u00e9t\u00e9 expropri\u00e9es de nos terres, ont perdu nos biens, nos r\u00e9sidences, d\u00e9poss\u00e9d\u00e9s de nos droits de l\u2019homme, et qui ont d\u00fb fuir et cacher dans les hameaux de Ro Bo, del a zone 1, zone 2 de la comune de Khanh Hai, Hameau de Binh Nghia,Tong Ty, Ro Bo et Phuong Phai. <\/em><\/p>\n<p style=\"text-align: justify;\"><em>Nous avons perdu les origines de notre ethnie, m\u00eame si les vestiges historiques existent toujours, \u00e0 travers des g\u00e9n\u00e9rations, \u00e0 travers de r\u00e9gimes diff\u00e9rents, nous avons v\u00e9cu dans l\u2019ombre. Nous avons toujours pu b\u00e9n\u00e9ficier des ex\u00e9norations d\u2019imp\u00f4ts ainsi que de nombreux autres avantages pour nos enfants. Nous avons pu aussi b\u00e9n\u00e9ficier de nombreux avantages pour les services\u00a0 militaires, sociaux ou pour notre participation\u00a0 la vie politique.<\/em><\/p>\n<p style=\"text-align: justify;\"><em>Auparavant, nous avons des terres d\u2019habitations, des terres cultivables ,des bien immobiliers, ce qui constitue l\u2019ensemble de nos h\u00e9ritages l\u00e9gu\u00e9s de mani\u00e8re l\u00e9gale \u00e0 travers plusieurs r\u00e9gimes.<\/em><\/p>\n<p style=\"text-align: justify;\"><em>Mais depuis 1975 jusqu\u2019\u00e0 maintenant, notre population souffre particuli\u00e8rement des mauvais traitements de mani\u00e8re syst\u00e9matique de la part des autorit\u00e9s communistes vietnamiennes. Notre dignit\u00e9 et nos droits de l\u2019homme ont \u00e9t\u00e9 bafou\u00e9s. Nous avons perdu tous nos biens, toutes nos terres cultivables, nous ne sommes plus autoris\u00e9s \u00e0 pratique notre croyance.<\/em><\/p>\n<p style=\"text-align: justify;\"><em>Ainsi vous pouvez imaginer sans peine la situation de notre ethnie qui est victime d\u2019une politique de r\u00e9pression f\u00e9roce, de violation syst\u00e9matique des droits de l\u2019homme, d\u2019expropriation forc\u00e9e de biens, de discriminations de la part des autorit\u00e9s vietnamiennes.<\/em><\/p>\n<p style=\"text-align: justify;\"><em>Nos 100 familles Cham, nous sommes pr\u00eats \u00e0 accepter tous les risques pour d\u00e9fendre les droits de l\u2019homme, les droits de vivre comme tous les \u00eatres humains dans les pays d\u00e9mocratiques, pour reprendre les terres de nos anc\u00eatres, d\u00e9fendre nos droits aux libert\u00e9s religieuses, d\u00e9fendre nos droits \u00e0 la recherche du bonheur, tous ces droits qu\u2019aucune personne ne peut refuser \u00e0 une ethnie minoritaire comme le n\u00f4tre, en pratiquant une politique de discrimination. Nous demandons :<\/em><\/p>\n<p style=\"text-align: justify;\"><em>1) <\/em><em>Aux autorit\u00e9s communistes vietnamiennes de restituer les terres, les biens et tout ce que vous nous avez pris ou expropri\u00e9.<\/em><\/p>\n<p style=\"text-align: justify;\"><em>2) <\/em><em>L\u2019arr\u00eat imm\u00e9diat des violations de la dignit\u00e9 humaine, des politiques de r\u00e9pression, de terreur<\/em><\/p>\n<p style=\"text-align: justify;\"><em>3) <\/em><em>La cessation des accusations calomnieuses envers notre ethnie, selon les quelles, nous sommes acus\u00e9s de coop\u00e9ration avec les puissances hostiles qui fomentent l\u2019\u00e9volution pacifique \u00e0 partir de l\u2019ext\u00e9rieur dans le but de semer la division et de menacer la stabilit\u00e9 et la s\u00e9curit\u00e9 de l\u2019\u00e9tat.<\/em><\/p>\n<p style=\"text-align: justify;\"><em>4) <\/em><em>L\u2019arr\u00eat imm\u00e9diat des politiques d\u2019expropriation d\u00e9guis\u00e9es afin de tromper l\u2019opinion vietnamienne et internationale<\/em><\/p>\n<p style=\"text-align: justify;\"><em>5) <\/em><em>Aux organismes des Nations Unies et des gouvernements de nous aider \u00e0\u00a0 quitter le Vietnam et de nous accorder l\u2019asile dans un pays d\u00e9mocratique respectueux des droits de l\u2019homme. Dans le cas\u00a0 o\u00f9 la r\u00e9pression continuera \u00e0 l\u2019encontre de notre ethnie, nous choisirons le suicide collectif.<\/em><\/p>\n<p style=\"text-align: justify;\"><strong><em>Ninh Thuan, le 1 D\u00e9cembre 2005<\/em><\/strong><\/p>\n<p style=\"text-align: justify;\"><strong><em>Repr\u00e9sentant des 300 familles victimes des violations de dignit\u00e9 humaine, de l\u2019exproriation ill\u00e9gale des terres au profit des cadres du Parti Communiste vietnamien.<\/em><\/strong><\/p>\n<p style=\"text-align: justify;\"><strong><em>Sign\u00e9s Che Phuc Hung et Che Vien Phuong (Thanh Ngon) <\/em><\/strong><\/p>\n<p style=\"text-align: justify;\"><strong><em><img loading=\"lazy\" decoding=\"async\" class=\"alignleft size-large wp-image-4708\" title=\"pub Jean Paul 3\" src=\"http:\/\/www.lecarrefourdesopinions.ca\/wp-content\/uploads\/2011\/02\/pub-Jean-Paul-32-1024x666.jpg\" alt=\"\" width=\"450\" height=\"292\" srcset=\"http:\/\/www.lecarrefourdesopinions.ca\/wp-content\/uploads\/2011\/02\/pub-Jean-Paul-32-1024x666.jpg 1024w, http:\/\/www.lecarrefourdesopinions.ca\/wp-content\/uploads\/2011\/02\/pub-Jean-Paul-32-300x195.jpg 300w, http:\/\/www.lecarrefourdesopinions.ca\/wp-content\/uploads\/2011\/02\/pub-Jean-Paul-32-400x260.jpg 400w, http:\/\/www.lecarrefourdesopinions.ca\/wp-content\/uploads\/2011\/02\/pub-Jean-Paul-32.jpg 1234w\" sizes=\"auto, (max-width: 450px) 100vw, 450px\" \/><br \/><\/em><\/strong><\/p>\n<script type=\"text\/javascript\">\n\nvar addthis_config = {\"data_track_clickback\":false,\"data_track_addressbar\":false,\"data_track_textcopy\":false};\n<\/script><script type=\"text\/javascript\" src=\"\/\/s7.addthis.com\/js\/250\/addthis_widget.js#pubid=a457a6d63fb9e6ccabdde4110343bd85\"><\/script>","protected":false},"excerpt":{"rendered":"<p>Deuxi\u00e8me cas : 300 familles de l\u2019ethnie Cham (Champa), Province de Ninh Thuan<\/p>\n<\/p>\n<p style=\"text-align: justify;\">Le dossier de r\u00e9clamation de 300 familles de l\u2019ethnie Cham de la province\u00a0 de Ninh Thuan a \u00e9t\u00e9 adress\u00e9 aux autorit\u00e9s vietnamiennes, aux repr\u00e9sentants &hellip;<\/p>\n","protected":false},"author":1,"featured_media":0,"comment_status":"open","ping_status":"open","sticky":false,"template":"","format":"standard","meta":{"footnotes":""},"categories":[1],"tags":[],"class_list":["post-4703","post","type-post","status-publish","format-standard","hentry","category-accueil"],"_links":{"self":[{"href":"http:\/\/www.lecarrefourdesopinions.ca\/index.php?rest_route=\/wp\/v2\/posts\/4703","targetHints":{"allow":["GET"]}}],"collection":[{"href":"http:\/\/www.lecarrefourdesopinions.ca\/index.php?rest_route=\/wp\/v2\/posts"}],"about":[{"href":"http:\/\/www.lecarrefourdesopinions.ca\/index.php?rest_route=\/wp\/v2\/types\/post"}],"author":[{"embeddable":true,"href":"http:\/\/www.lecarrefourdesopinions.ca\/index.php?rest_route=\/wp\/v2\/users\/1"}],"replies":[{"embeddable":true,"href":"http:\/\/www.lecarrefourdesopinions.ca\/index.php?rest_route=%2Fwp%2Fv2%2Fcomments&post=4703"}],"version-history":[{"count":5,"href":"http:\/\/www.lecarrefourdesopinions.ca\/index.php?rest_route=\/wp\/v2\/posts\/4703\/revisions"}],"predecessor-version":[{"id":5020,"href":"http:\/\/www.lecarrefourdesopinions.ca\/index.php?rest_route=\/wp\/v2\/posts\/4703\/revisions\/5020"}],"wp:attachment":[{"href":"http:\/\/www.lecarrefourdesopinions.ca\/index.php?rest_route=%2Fwp%2Fv2%2Fmedia&parent=4703"}],"wp:term":[{"taxonomy":"category","embeddable":true,"href":"http:\/\/www.lecarrefourdesopinions.ca\/index.php?rest_route=%2Fwp%2Fv2%2Fcategories&post=4703"},{"taxonomy":"post_tag","embeddable":true,"href":"http:\/\/www.lecarrefourdesopinions.ca\/index.php?rest_route=%2Fwp%2Fv2%2Ftags&post=4703"}],"curies":[{"name":"wp","href":"https:\/\/api.w.org\/{rel}","templated":true}]}}