{"id":4696,"date":"2011-03-02T13:37:53","date_gmt":"2011-03-02T18:37:53","guid":{"rendered":"http:\/\/www.lecarrefourdesopinions.ca\/?p=4696"},"modified":"2011-03-02T13:37:53","modified_gmt":"2011-03-02T18:37:53","slug":"le-comite-des-femmes-de-carrefour-est-ne","status":"publish","type":"post","link":"http:\/\/www.lecarrefourdesopinions.ca\/?p=4696","title":{"rendered":"Le Comit\u00e9 des femmes de Carrefour est n\u00e9!"},"content":{"rendered":"<p><strong>Le Comit\u00e9 des femmes de Carrefour est n\u00e9!<\/strong><\/p>\n<p><span style=\"color: #800000;\"><em> <img loading=\"lazy\" decoding=\"async\" class=\"alignleft size-thumbnail wp-image-4697\" title=\"Agnes\" src=\"http:\/\/www.lecarrefourdesopinions.ca\/wp-content\/uploads\/2011\/02\/Agnes-134x107.jpg\" alt=\"\" width=\"134\" height=\"107\" \/> Par Agn\u00e8s D\u00e9varieux<\/em><\/span><strong> <br \/><\/strong><\/p>\n<p style=\"text-align: justify;\">\n<p style=\"text-align: justify;\">\n<p style=\"text-align: justify;\">\n<p style=\"text-align: justify;\">Vendredi 11 f\u00e9vrier 2011 au Holiday Inn Select, a eu lieu la premi\u00e8re rencontre visant \u00e0 r\u00e9fl\u00e9chir sur la cr\u00e9ation d\u2019un Comit\u00e9 des Femmes de Carrefour.\u00a0 Onze femmes avaient r\u00e9pondu \u00e0 l\u2019appel de cette r\u00e9union qui avait pour objectif\u00a0:<\/p>\n<p style=\"text-align: justify;\">\n<p style=\"text-align: justify;\"><span style=\"color: #800000;\">\u00a7\u00a0\u00a0\u00a0\u00a0\u00a0\u00a0 d\u2019\u00e9valuer la pertinence d\u2019un tel comit\u00e9,<\/span><\/p>\n<p style=\"text-align: justify;\"><span style=\"color: #800000;\">\u00a7\u00a0\u00a0\u00a0\u00a0\u00a0\u00a0 de r\u00e9fl\u00e9chir sur le r\u00f4le des femmes immigrantes et leur place dans Carrefour,<\/span><\/p>\n<p style=\"text-align: justify;\"><span style=\"color: #800000;\">\u00a7\u00a0\u00a0\u00a0\u00a0\u00a0\u00a0 de cibler des femmes int\u00e9ress\u00e9es \u00e0 agir<\/span><\/p>\n<p style=\"text-align: justify;\"><span style=\"color: #800000;\">\u00a7\u00a0\u00a0\u00a0\u00a0\u00a0\u00a0 d\u2019\u00e9changer pour mieux se conna\u00eetre afin de d\u00e9couvrir les forces de chacune<\/span><\/p>\n<p style=\"text-align: justify;\"><span style=\"color: #800000;\">\u00a7\u00a0\u00a0\u00a0\u00a0\u00a0\u00a0 d\u2019\u00e9valuer la richesse potentielle d\u2019une mise en commun de ces forces<\/span><\/p>\n<p style=\"text-align: justify;\"><span style=\"color: #800000;\">\u00a7\u00a0\u00a0\u00a0\u00a0\u00a0\u00a0 de d\u00e9terminer les actions possibles du Comit\u00e9.<\/span><\/p>\n<p style=\"text-align: justify;\">Cela fait plusieurs ann\u00e9es que je caressais ce r\u00eave de rassembler des femmes au sein de Carrefour.\u00a0 Carrefour en effet compte une forte pr\u00e9sence des hommes d\u2019affaires alors que la repr\u00e9sentativit\u00e9 des femmes est quasi nulle.\u00a0 Il est clair que les femmes ont un r\u00f4le \u00e0 jouer dans une association telle que Carrefour qui veut promouvoir le rapprochement des diff\u00e9rentes cultures.\u00a0 L\u2019alliance du c\u0153ur et de la raison ne peuvent \u00eatre que des conditions gagnantes pour une telle entreprise.\u00a0 Dans sa mission, les fondateurs de Carrefour voulaient en faire, pour leurs enfants, un exemple de fraternit\u00e9, d&rsquo;accueil et d&rsquo;\u00e9coute, un lieu privil\u00e9gi\u00e9 de regroupement des valeurs privil\u00e9gi\u00e9es au sein de leurs familles afin d\u2019assurer respect et confiance r\u00e9ciproque entre <strong>tous<\/strong> les qu\u00e9b\u00e9cois.\u00a0 C\u2019\u00e9tait en 2000 et en 2010 ce besoin est plus criant que jamais alors que la question du multiculturalisme est d\u2019actualit\u00e9.\u00a0 Je voudrais profiter de l\u2019occasion pour dire \u00e0 nos journalistes que je suis en total d\u00e9saccord avec ceux qui disent que le multiculturalisme est mort ou est un \u00e9chec.\u00a0 Ce serait plut\u00f4t la gestion du multiculturalisme qui a \u00e9t\u00e9 mal faite par nos dirigeants.\u00a0 Il devient urgent qu\u2019on s\u2019attarde sur ce qu\u2019est le multiculturalisme et sur sa gestion car nous ne pouvons balayer du revers de la main toutes les cultures autres que la n\u00f4tre.\u00a0 Il est important de se parler, de se comprendre afin que nous puissions interagir avec harmonie au-del\u00e0 des diff\u00e9rences.<\/p>\n<p style=\"text-align: justify;\">Cette premi\u00e8re rencontre a permis d\u2019entrevoir la cr\u00e9ation du noyau actif du comit\u00e9.\u00a0 Toutes ont une formation universitaire ainsi qu\u2019une exp\u00e9rience tant professionnelle qu\u2019associative qui devraient s\u2019av\u00e9rer fort utiles.\u00a0 Actuellement plusieurs parties du monde sont d\u00e9j\u00e0 repr\u00e9sent\u00e9es, soit l\u2019Europe (France), l\u2019Afrique (Alg\u00e9rie, Rwanda), les Antilles (Guadeloupe et Ha\u00efti), le Moyen-Orient (Iran), et m\u00eame le Qu\u00e9bec.\u00a0 Nous serions ravies que les autochtones et l\u2019Asie soient aussi repr\u00e9sent\u00e9es.\u00a0 Nous esp\u00e9rons que d\u2019autres femmes seront touch\u00e9es par ces articles et rejoindront notre comit\u00e9.<\/p>\n<p style=\"text-align: justify;\">Il existe un int\u00e9r\u00eat r\u00e9el pour des \u00e9changes culturels.\u00a0 Nous avons d\u00e9battu des enjeux de l\u2019immigration pour la femme et \u00e0 la lumi\u00e8re du partage de nos exp\u00e9riences d\u2019immigrante, il nous est apparu int\u00e9ressant de pouvoir partager avec les autres cette exp\u00e9rience.\u00a0 De l\u00e0 est n\u00e9 l\u2019id\u00e9e que chacune fasse son propre t\u00e9moignage dans le magazine Carrefour des opinions afin d\u2019\u00e9largir l\u2019audience.\u00a0 L\u2019une d\u2019entre nous soulignait que m\u00eame des exemples d\u2019\u00e9chec pourraient se r\u00e9v\u00e9ler tr\u00e8s instructifs.<\/p>\n<p style=\"text-align: justify;\">Comme il existe de nombreuses associations qui offrent des services aux femmes immigrantes que ce soit en formation, aide alimentaire ou autres services, il n\u2019est pas question pour nous de dupliquer ces services.\u00a0 Il serait par contre int\u00e9ressant de les r\u00e9pertorier afin de pouvoir adresser les femmes en besoin au bon organisme.\u00a0 Le r\u00e9seautage des femmes pourrait \u00eatre tr\u00e8s utile surtout si l\u2019on consid\u00e8re l\u2019entraide l\u00e9gendaire des femmes.<\/p>\n<p style=\"text-align: justify;\">Les difficult\u00e9s pour la femme immigrante sont diverses\u00a0:<\/p>\n<p style=\"text-align: justify;\">\u00a7\u00a0<span style=\"color: #800000;\"> la solitude surtout pour les jeunes qui arrivent sans famille.\u00a0 \u00c0<\/span><\/p>\n<p style=\"text-align: justify;\"><span style=\"color: #800000;\">\u00a7\u00a0\u00a0\u00a0\u00a0\u00a0\u00a0 la recherche d\u2019emploi est un r\u00e9el d\u00e9fi, d\u2019o\u00f9 l\u2019importance de se cr\u00e9er un r\u00e9seau de contacts.<\/span><\/p>\n<p style=\"text-align: justify;\"><span style=\"color: #800000;\">\u00a7\u00a0\u00a0\u00a0\u00a0\u00a0\u00a0 la reconnaissance des \u00e9quivalences pour les dipl\u00f4mes obtenus \u00e0 l\u2019\u00e9tranger<\/span><\/p>\n<p style=\"text-align: justify;\"><span style=\"color: #800000;\">\u00a7\u00a0\u00a0\u00a0\u00a0\u00a0\u00a0 la recherche de logement, nombre de femmes disent avoir souffert de discrimination.<\/span><\/p>\n<p style=\"text-align: justify;\">Cette rencontre a permis de constater que toutes les participantes \u00e9taient soucieuses de la condition f\u00e9minine \u00e0 travers le monde, g\u00e9n\u00e9reuses de leur temps et pr\u00eates \u00e0 partager leur richesse humaine, passionn\u00e9es de politique.\u00a0 De plus, toutes ont d\u00e9j\u00e0 fait ou font du b\u00e9n\u00e9volat.\u00a0 Pour toutes celles qui pourraient \u00eatre int\u00e9ress\u00e9es par le Comit\u00e9, vous pouvez nous contacter par courriel \u00e0 l\u2019adresse suivante\u00a0:\u00a0 <a href=\"mailto:agnes.devarieux@sympatico.ca\">agnes.devarieux@sympatico.ca<\/a><\/p>\n<p style=\"text-align: justify;\"><img loading=\"lazy\" decoding=\"async\" class=\"alignleft size-full wp-image-4712\" title=\"Voyages_VolmarBC\" src=\"http:\/\/www.lecarrefourdesopinions.ca\/wp-content\/uploads\/2011\/02\/Voyages_VolmarBC3.jpg\" alt=\"\" width=\"853\" height=\"568\" srcset=\"http:\/\/www.lecarrefourdesopinions.ca\/wp-content\/uploads\/2011\/02\/Voyages_VolmarBC3.jpg 853w, http:\/\/www.lecarrefourdesopinions.ca\/wp-content\/uploads\/2011\/02\/Voyages_VolmarBC3-300x199.jpg 300w, http:\/\/www.lecarrefourdesopinions.ca\/wp-content\/uploads\/2011\/02\/Voyages_VolmarBC3-400x266.jpg 400w\" sizes=\"auto, (max-width: 853px) 100vw, 853px\" \/><\/p>\n<p style=\"text-align: justify;\"><img loading=\"lazy\" decoding=\"async\" class=\"alignleft size-full wp-image-4698\" title=\"au l\u00e8che doigts\" src=\"http:\/\/www.lecarrefourdesopinions.ca\/wp-content\/uploads\/2011\/02\/au-l\u00e8che-doigts7.jpg\" alt=\"\" width=\"554\" height=\"252\" srcset=\"http:\/\/www.lecarrefourdesopinions.ca\/wp-content\/uploads\/2011\/02\/au-l\u00e8che-doigts7.jpg 554w, http:\/\/www.lecarrefourdesopinions.ca\/wp-content\/uploads\/2011\/02\/au-l\u00e8che-doigts7-300x136.jpg 300w, http:\/\/www.lecarrefourdesopinions.ca\/wp-content\/uploads\/2011\/02\/au-l\u00e8che-doigts7-400x181.jpg 400w\" sizes=\"auto, (max-width: 554px) 100vw, 554px\" \/><\/p>\n<script type=\"text\/javascript\">\n\nvar addthis_config = {\"data_track_clickback\":false,\"data_track_addressbar\":false,\"data_track_textcopy\":false};\n<\/script><script type=\"text\/javascript\" src=\"\/\/s7.addthis.com\/js\/250\/addthis_widget.js#pubid=a457a6d63fb9e6ccabdde4110343bd85\"><\/script>","protected":false},"excerpt":{"rendered":"<p>Le Comit\u00e9 des femmes de Carrefour est n\u00e9!<\/p>\n<p><span style=\"color: #800000;\">  Par Agn\u00e8s D\u00e9varieux<\/span> <\/p>\n<p style=\"text-align: justify;\">\n<p style=\"text-align: justify;\">\n<p style=\"text-align: justify;\">\n<p style=\"text-align: justify;\">Vendredi 11 f\u00e9vrier 2011 au Holiday Inn Select, a eu lieu la premi\u00e8re rencontre visant \u00e0 r\u00e9fl\u00e9chir sur la cr\u00e9ation d\u2019un Comit\u00e9 des Femmes de Carrefour.\u00a0 &hellip;<\/p>\n","protected":false},"author":1,"featured_media":0,"comment_status":"open","ping_status":"open","sticky":false,"template":"","format":"standard","meta":{"footnotes":""},"categories":[1],"tags":[],"class_list":["post-4696","post","type-post","status-publish","format-standard","hentry","category-accueil"],"_links":{"self":[{"href":"http:\/\/www.lecarrefourdesopinions.ca\/index.php?rest_route=\/wp\/v2\/posts\/4696","targetHints":{"allow":["GET"]}}],"collection":[{"href":"http:\/\/www.lecarrefourdesopinions.ca\/index.php?rest_route=\/wp\/v2\/posts"}],"about":[{"href":"http:\/\/www.lecarrefourdesopinions.ca\/index.php?rest_route=\/wp\/v2\/types\/post"}],"author":[{"embeddable":true,"href":"http:\/\/www.lecarrefourdesopinions.ca\/index.php?rest_route=\/wp\/v2\/users\/1"}],"replies":[{"embeddable":true,"href":"http:\/\/www.lecarrefourdesopinions.ca\/index.php?rest_route=%2Fwp%2Fv2%2Fcomments&post=4696"}],"version-history":[{"count":5,"href":"http:\/\/www.lecarrefourdesopinions.ca\/index.php?rest_route=\/wp\/v2\/posts\/4696\/revisions"}],"predecessor-version":[{"id":4792,"href":"http:\/\/www.lecarrefourdesopinions.ca\/index.php?rest_route=\/wp\/v2\/posts\/4696\/revisions\/4792"}],"wp:attachment":[{"href":"http:\/\/www.lecarrefourdesopinions.ca\/index.php?rest_route=%2Fwp%2Fv2%2Fmedia&parent=4696"}],"wp:term":[{"taxonomy":"category","embeddable":true,"href":"http:\/\/www.lecarrefourdesopinions.ca\/index.php?rest_route=%2Fwp%2Fv2%2Fcategories&post=4696"},{"taxonomy":"post_tag","embeddable":true,"href":"http:\/\/www.lecarrefourdesopinions.ca\/index.php?rest_route=%2Fwp%2Fv2%2Ftags&post=4696"}],"curies":[{"name":"wp","href":"https:\/\/api.w.org\/{rel}","templated":true}]}}