{"id":4690,"date":"2011-03-02T13:35:21","date_gmt":"2011-03-02T18:35:21","guid":{"rendered":"http:\/\/www.lecarrefourdesopinions.ca\/?p=4690"},"modified":"2011-03-02T13:35:21","modified_gmt":"2011-03-02T18:35:21","slug":"peut-etre-analphabete-mais%e2%80%a6-pas-si-bete","status":"publish","type":"post","link":"http:\/\/www.lecarrefourdesopinions.ca\/?p=4690","title":{"rendered":"Peut-\u00eatre analphab\u00e8te mais\u2026 pas si b\u00eate."},"content":{"rendered":"<p><strong>Peut-\u00eatre analphab\u00e8te mais\u2026 pas si b\u00eate.<\/strong><\/p>\n<p><strong><img loading=\"lazy\" decoding=\"async\" class=\"alignleft size-thumbnail wp-image-4689\" title=\"photo \u00c9ric Nogard\" src=\"http:\/\/www.lecarrefourdesopinions.ca\/wp-content\/uploads\/2011\/02\/photo-\u00c9ric-Nogard8-134x107.jpg\" alt=\"\" width=\"134\" height=\"107\" \/> <span style=\"color: #800000;\"><em>Par <\/em><\/span><\/strong><span style=\"color: #800000;\"><em>Eric E.G. NOGARD\u00a0\u00a0\u00a0\u00a0\u00a0 <br \/><\/em><\/span><\/p>\n<p><strong> <\/strong><\/p>\n<p>Depuis bien avant l\u2019\u00e9poque o\u00f9 nous sommes, le titulaire de Dipl\u00f4mes a aim\u00e9 avec d\u00e9dain se distinguer des moins Dipl\u00f4m\u00e9s que lui en les traitant d\u2019analphab\u00e8tes, cette r\u00e8gle heureusement est loin d\u2019\u00eatre g\u00e9n\u00e9rale car il n\u2019est personne de plus humble que le vrai riche et de plus simple que le vrai Savant. La Fatuit\u00e9 n\u2019est pas leur Apanage.<\/p>\n<p>&nbsp;<\/p>\n<p>N\u00e9anmoins, il convient de le reconna\u00eetre, qu\u2019au cours d\u2019une promenade, il est assez fr\u00e9quent de faire rencontre avec des gens plus charg\u00e9s de dipl\u00f4mes que la mule d\u2019un Contrebandier Andalous de retour de Gibraltar au temps de la Carmencita et pourtant vides comme des cruches laiss\u00e9es la gueule en bas.<\/p>\n<p>A tel point qu\u2019on est surpris de l\u2019\u00e9nonc\u00e9 de leurs Grades en Universit\u00e9.<\/p>\n<p>Au point qu\u2019on soit tent\u00e9 de leur sugg\u00e9rer, pour qu\u2019il n\u2019y ait pas m\u00e9prise, d\u2019afficher leurs titres sur leur front\u2026 ou ailleurs.<\/p>\n<p>&nbsp;<\/p>\n<p>D\u2019ailleurs convient-il de reconna\u00eetre aussi, que la sagacit\u00e9 et la finesse de personnes rencontr\u00e9es par hasard font croire \u00e0 la rencontre d\u2019un ressortissant de Harvard \u2013 et c\u2019est le moins que l\u2019on puisse dire \u2013 alors que l\u2019interlocuteur est un \u00ab\u00a0sans dipl\u00f4me\u00a0\u00bb, quelqu\u2019un comme vous et moi\u00a0!..<\/p>\n<p>&nbsp;<\/p>\n<p>D\u00e9sormais, ne prenons pas le mot analphab\u00e8te en son Stricto Sensu.<\/p>\n<p>&nbsp;<\/p>\n<p>Ces deux historiettes se proposent de \u00ab\u00a0lancer\u00a0\u00bb le propos.<\/p>\n<p>&nbsp;<\/p>\n<p>C\u2019\u00e9tait le p\u00e8re FELIM, mon arri\u00e8re grand\u2019 oncle, pour avoir \u00e9pous\u00e9 mon arri\u00e8re grand\u2019 tante, chass\u00e9e de Saint-Pierre par l\u2019Eruption Volcanique de triste m\u00e9moire, celle de la Montagne  Pel\u00e9e en Mai 1902.<\/p>\n<p>&nbsp;<\/p>\n<p>Le p\u00e8re FELIM \u00e9tait le Maire de la  Bourgade de Macouba, tout au Nord de l\u2019\u00cele de la Martinique, abstraction faite de la Bourgade de Grand-Rivi\u00e8re, plus septentrionale encore.<\/p>\n<p>&nbsp;<\/p>\n<p>Etant Maire et Conseiller \u00e0 l\u2019Assembl\u00e9e Coloniale, Gouverneur, Administrateurs, Avocats, M\u00e9decins, Industriels, N\u00e9gociants \u00e9taient ses interlocuteurs\u00a0: un Lilliputien au Pays des Microm\u00e9gas.<\/p>\n<p>&nbsp;<\/p>\n<p>Un Gouverneur mourut, n\u2019\u00e9tait-ce pas le Gouverneur ALBERTI.<\/p>\n<p>Un T\u00e9l\u00e9gramme parvint \u00e0 notre p\u00e8re FELIM.<\/p>\n<p>&nbsp;<\/p>\n<p>\u00ab\u00a0<strong>Vous informons d\u00e9c\u00e8s Gouverneur X \u2013 STOP.\u00a0Mettez Drapeau en Berne \u2013 STOP.<\/strong> \u00bb<\/p>\n<p>&nbsp;<\/p>\n<p>Notre Maire se d\u00e9mena en vain pour obtemp\u00e9rer \u00e0 l\u2019injonction.<\/p>\n<p>Il y r\u00e9pondit par le Contre-T\u00e9l\u00e9gramme\u00a0:<\/p>\n<p>\u00ab\u00a0<em><strong>Cherch\u00e9 partout Drapeau en Berne \u2013 STOP. Pas trouv\u00e9 \u2013 STOP. Hiss\u00e9 Drapeau Tricolore &#8211; STOP<\/strong><\/em> \u00bb.<\/p>\n<p>Vous l\u2019avez bien compris, le Drapeau tricolore est pour nous le Drapeau de la France aux couleurs BLEU, BLANC, ROUGE.<\/p>\n<p>L\u2019Historiette fit beaucoup rire dans les rangs de qui n\u2019\u00e9taient en rien plus savants ni plus sagaces que notre Maire.<\/p>\n<p>Les autres, tellement plus rares et combien plus cultiv\u00e9s et instruits, se content\u00e8rent d\u2019un sourire.<\/p>\n<p>&nbsp;<\/p>\n<p>Et puis la mode fut aux Ponts par-dessus les rivi\u00e8res qu\u2019on traversait \u00e0 Gu\u00e9 et seulement par beau temps, \u00e0 moins qu\u2019on emprunte une barge (un bac) en certains endroits.<\/p>\n<p>&nbsp;<\/p>\n<p>Toutes les Communes de l\u2019\u00cele (except\u00e9 Macouba) ont eu le leur.<\/p>\n<p>Le p\u00e8re FELIM r\u00e9clama le sien pour sa Bourgade.<\/p>\n<p>&nbsp;<\/p>\n<p>\u00ab\u00a0<strong>Vous n\u2019y pensez pas, Honorable Coll\u00e8gue, vous n\u2019avez pas de Rivi\u00e8re<\/strong> \u00bb.<\/p>\n<p>&nbsp;<\/p>\n<ul>\n<li>\u00ab\u00a0<em><strong>Je ne vous le fais pas dire, Voyez combien je suis plus n\u00e9cessiteux que vous autres qui avez et Rivi\u00e8res et Ponts quand en Revanche, je n\u2019ai ni rivi\u00e8re ni pont. Est-ce juste. Donnez-moi le Pont, Dieu fera couler une rivi\u00e8re en dessous.<\/strong><\/em> \u00bb<\/li>\n<\/ul>\n<p>\u00ab\u00a0<strong>La Cause<\/strong><strong> est entendue, V\u00e9n\u00e9rable Coll\u00e8gue<\/strong> \u00bb.<\/p>\n<p>Et c\u2019est ainsi que le P\u00e8re FELIM eut un magnifique pont enjambant une profonde vall\u00e9e.<\/p>\n<p><span style=\"color: #800000;\"><strong>Liens Sugg\u00e9r\u00e9s\u00a0:<\/strong><\/span><\/p>\n<p><strong><a href=\"http:\/\/mondedesophie.com\/\"> http:\/\/mondedesophie.com<\/a><\/strong><\/p>\n<ul>\n<li><strong><a href=\"http:\/\/www.lescrutateur.com\/\">http:\/\/www.lescrutateur.com\/<\/a><\/strong><\/li>\n<li><a href=\"http:\/\/www.etatsgenerauxdeloutremer.fr\/reflexions\"><strong>http:\/\/www.etatsgenerauxdeloutremer.fr\/reflexion<\/strong>s<\/a><\/li>\n<li><img loading=\"lazy\" decoding=\"async\" class=\"alignleft size-full wp-image-4693\" title=\"billets de banque de collection\" src=\"http:\/\/www.lecarrefourdesopinions.ca\/wp-content\/uploads\/2011\/02\/billets-de-banque-de-collection9.jpg\" alt=\"\" width=\"596\" height=\"328\" srcset=\"http:\/\/www.lecarrefourdesopinions.ca\/wp-content\/uploads\/2011\/02\/billets-de-banque-de-collection9.jpg 596w, http:\/\/www.lecarrefourdesopinions.ca\/wp-content\/uploads\/2011\/02\/billets-de-banque-de-collection9-300x165.jpg 300w, http:\/\/www.lecarrefourdesopinions.ca\/wp-content\/uploads\/2011\/02\/billets-de-banque-de-collection9-400x220.jpg 400w\" sizes=\"auto, (max-width: 596px) 100vw, 596px\" \/><\/li>\n<\/ul>\n<p>&nbsp;<\/p>\n<script type=\"text\/javascript\">\n\nvar addthis_config = {\"data_track_clickback\":false,\"data_track_addressbar\":false,\"data_track_textcopy\":false};\n<\/script><script type=\"text\/javascript\" src=\"\/\/s7.addthis.com\/js\/250\/addthis_widget.js#pubid=a457a6d63fb9e6ccabdde4110343bd85\"><\/script>","protected":false},"excerpt":{"rendered":"<p>Peut-\u00eatre analphab\u00e8te mais\u2026 pas si b\u00eate.<\/p>\n<p> <span style=\"color: #800000;\">Par <\/span><span style=\"color: #800000;\">Eric E.G. NOGARD\u00a0\u00a0\u00a0\u00a0\u00a0 <\/span><\/p>\n<\/p>\n<p>Depuis bien avant l\u2019\u00e9poque o\u00f9 nous sommes, le titulaire de Dipl\u00f4mes a aim\u00e9 avec d\u00e9dain se distinguer des moins Dipl\u00f4m\u00e9s que lui en les traitant d\u2019analphab\u00e8tes, cette &hellip;<\/p>\n","protected":false},"author":1,"featured_media":0,"comment_status":"open","ping_status":"open","sticky":false,"template":"","format":"standard","meta":{"footnotes":""},"categories":[1],"tags":[],"class_list":["post-4690","post","type-post","status-publish","format-standard","hentry","category-accueil"],"_links":{"self":[{"href":"http:\/\/www.lecarrefourdesopinions.ca\/index.php?rest_route=\/wp\/v2\/posts\/4690","targetHints":{"allow":["GET"]}}],"collection":[{"href":"http:\/\/www.lecarrefourdesopinions.ca\/index.php?rest_route=\/wp\/v2\/posts"}],"about":[{"href":"http:\/\/www.lecarrefourdesopinions.ca\/index.php?rest_route=\/wp\/v2\/types\/post"}],"author":[{"embeddable":true,"href":"http:\/\/www.lecarrefourdesopinions.ca\/index.php?rest_route=\/wp\/v2\/users\/1"}],"replies":[{"embeddable":true,"href":"http:\/\/www.lecarrefourdesopinions.ca\/index.php?rest_route=%2Fwp%2Fv2%2Fcomments&post=4690"}],"version-history":[{"count":5,"href":"http:\/\/www.lecarrefourdesopinions.ca\/index.php?rest_route=\/wp\/v2\/posts\/4690\/revisions"}],"predecessor-version":[{"id":4788,"href":"http:\/\/www.lecarrefourdesopinions.ca\/index.php?rest_route=\/wp\/v2\/posts\/4690\/revisions\/4788"}],"wp:attachment":[{"href":"http:\/\/www.lecarrefourdesopinions.ca\/index.php?rest_route=%2Fwp%2Fv2%2Fmedia&parent=4690"}],"wp:term":[{"taxonomy":"category","embeddable":true,"href":"http:\/\/www.lecarrefourdesopinions.ca\/index.php?rest_route=%2Fwp%2Fv2%2Fcategories&post=4690"},{"taxonomy":"post_tag","embeddable":true,"href":"http:\/\/www.lecarrefourdesopinions.ca\/index.php?rest_route=%2Fwp%2Fv2%2Ftags&post=4690"}],"curies":[{"name":"wp","href":"https:\/\/api.w.org\/{rel}","templated":true}]}}