{"id":4681,"date":"2011-03-02T13:37:31","date_gmt":"2011-03-02T18:37:31","guid":{"rendered":"http:\/\/www.lecarrefourdesopinions.ca\/?p=4681"},"modified":"2011-03-02T13:37:31","modified_gmt":"2011-03-02T18:37:31","slug":"la-double-cause-de-la-revolte-arabe-2","status":"publish","type":"post","link":"http:\/\/www.lecarrefourdesopinions.ca\/?p=4681","title":{"rendered":"La double cause de la r\u00e9volte arabe"},"content":{"rendered":"<p><strong>La double cause de la r\u00e9volte arabe<\/strong><\/p>\n<p><span style=\"color: #800000;\"><em> <img loading=\"lazy\" decoding=\"async\" class=\"alignleft size-thumbnail wp-image-4682\" title=\"photo Michel Frankland 2\" src=\"http:\/\/www.lecarrefourdesopinions.ca\/wp-content\/uploads\/2011\/02\/photo-Michel-Frankland-22-134x107.jpg\" alt=\"\" width=\"134\" height=\"107\" \/> Par Michel Frankland\u00a0\u00a0\u00a0 <br \/><\/em><\/span><\/p>\n<p style=\"text-align: justify;\">Les t\u00e9l\u00e9spectateurs du monde entier se sont install\u00e9s devant leur t\u00e9l\u00e9, sentant bien qu\u2019ils assistaient \u00e0 un \u00e9v\u00e9nement\u00a0 historique.\u00a0 Des peuples se lib\u00e9raient d\u2019une dictature qui les avait tenus sous sa botte pendant des d\u00e9cennies.<\/p>\n<p style=\"text-align: justify;\">Comment un tel soul\u00e8vement\u00a0 a-t-il \u00e9t\u00e9 possible\u00a0? La r\u00e9ponse, des centaines de millions de t\u00e9moins-\u00e9cran n\u2019h\u00e9sitent pas \u00e0 la formuler\u00a0: Ils se sont servis de Youtube pour communiquer. Ils pouvaient alors se donner rendez-vous\u00a0 rapidement, sans cha\u00eene t\u00e9l\u00e9phonique.\u00a0 Sans avoir besoin de se fixer un rendez-vous\u00a0 \u00e0 la boutique du coin.<\/p>\n<p style=\"text-align: justify;\">Mais\u00a0 cette explication tourne court.\u00a0 Si\u00a0 l\u2019av\u00e8nement de Youtube \u00e9tait la cause du soul\u00e8vement populaire, il aurait eu lieu depuis quelques ann\u00e9es \u2013 depuis l\u2019apparition de cette technique.<\/p>\n<p style=\"text-align: justify;\">Il fallait, pour que la r\u00e9volte populaire ait lieu, <strong>deux phases pr\u00e9alables<\/strong>. D\u2019abord, <strong>une prise de conscience collective<\/strong> On me dira que cela allait de soi. Quand on est opprim\u00e9, on le sait. Pas besoin de dessins.\u00a0 Erreur. Quand on est opprim\u00e9, c\u2019est toute la personne qui est ali\u00e9n\u00e9e.\u00a0 Un exemple, touchant lui aussi une collectivit\u00e9, l\u2019illustre parfaitement. Lorsque Lincoln a affranchi les Noirs de l\u2019esclavage, une bonne majorit\u00e9 sont demeur\u00e9s h\u00e9b\u00e9t\u00e9s pendant quelques mois. La libert\u00e9, ils ne savaient pas quoi faire avec. CELA LEUR \u00c9TAIT \u00c9TRANGER. On est ce qu\u2019on croit que les autres croient qu\u2019on est.<\/p>\n<p style=\"text-align: justify;\">De m\u00eame, cette jeune fille dans le drame que j\u2019ai visionn\u00e9 il y a quelques semaines est kidnapp\u00e9e \u00e0 16 ans par un maniaque qui la garde chez lui sous surveillance constante. Elle doit s\u2019activer \u00e0 toutes sortes de t\u00e2ches m\u00e9nag\u00e8res. Fin psychologue, son bourreau non seulement l\u2019occupe beaucoup, mais il lui donne un autre nom. Elle DEVIENT cette jeune femme.\u00a0 Des visiteurs impromptus, cartes en main, s\u2019enqui\u00e8rent du chemin \u00e0 prendre. Elle ne pense m\u00eame pas \u00e0 se sauver. Oui, reprenons-le\u00a0: il est passablement vrai qu\u2019on croit ce que les gens croient qu\u2019on est \u2013 ou veulent nous imposer une nouvelle identit\u00e9.<\/p>\n<p style=\"text-align: justify;\">Il m\u2019appara\u00eet en effet simpliste de r\u00e9gler un long si\u00e8ge de la psych\u00e9 collective en deux temps trois mouvements. De nombreuses habitudes, des formes d\u2019auto-d\u00e9fense contre la dictature devenues r\u00e9flexes collectifs \u2013 au total, un arrangement global de la vie quotidienne rejoint les zones enfouies au fond de l\u2019\u00eatre et fabrique\u00a0 la perception qu\u2019on a de soi, \u00e0 la fois comme individu et comme peuple. C\u2019est pourquoi\u00a0 cette\u00a0 premi\u00e8re phase, la prise de conscience de son statut socio-politique ne s\u2019effectue pas sans souffrance\u00a0:\u00a0 je suis un \u00eatre r\u00e9duit, entrav\u00e9.\u00a0 La distance entre le d\u00e9sir de s\u2019\u00e9panouir comme un \u00eatre digne et l\u2019\u00e9tat de subjection cr\u00e9e une douleur accrue du fait m\u00eame de la perception de cette disparit\u00e9. Elle est fortement accentu\u00e9e par la comparaison, par repoussoir, avec\u00a0 les peuples libres que leur a livr\u00e9e la toile. Celle-ci \u00e9chappe en effet passablement plus au contr\u00f4le dictatorial que la t\u00e9l\u00e9vision d\u2019\u00e9tat.<\/p>\n<p style=\"text-align: justify;\">\n<p style=\"text-align: justify;\">Mais il fallait aussi une autre phase pour d\u00e9clencher l\u2019insurrection.\u00a0 Supposons en effet que tous, par impossible, ont refait le chemin p\u00e9nible aboutissant \u00e0 la conscience personnelle de leur servitude politique. Il y manquerait cette autre phase que nous abordons maintenant.\u00a0 Quelle est donc cette <strong>deuxi\u00e8me phase<\/strong> ? Elle consiste dans la prise de conscience de la <strong>puissance<\/strong> collective.\u00a0 Le peuple poss\u00e8de enfin un instrument beaucoup plus efficace que le t\u00e9l\u00e9phone. \u00c0\u00a0 la fois parce que la communication internet est beaucoup plus rapide que la ligne t\u00e9l\u00e9phonique\u00a0; mais aussi parce que plus difficile \u00e0 contr\u00f4ler par\u00a0 les autorit\u00e9s.<\/p>\n<p style=\"text-align: justify;\">Imaginez-vous \u00e0 Tunis ou au Caire. Un groupe d\u2019amis, en g\u00e9n\u00e9ral des \u00e9tudiants, se sont constitu\u00e9s un r\u00e9seau Youtube. Ils se sont rendu compte que le Gouvernement est malhabile \u00e0 contr\u00f4ler ce qu\u2019ils utilisent, entre autres, comme exutoire politique.\u00a0 Le r\u00e9seau, par enthousiasme pour la libert\u00e9, s\u2019\u00e9tend rapidement. Ils s\u2019enhardissent.\u00a0 Ils se donnent rendez-vous sur une place publique. La dictature n\u2019a rien pr\u00e9vu. Leurs demandes sont gentilles. Il\u00a0 s\u2019agissait d\u2019un test. Devant le succ\u00e8s, ils sont au comble de l\u2019enthousiasme.\u00a0 <span style=\"color: #800000;\"><strong>ILS ONT MAINTENANT UNE ARME CAPABLE DE BOUTER DEHORS LE TYRAN\u00a0!<\/strong> <\/span>Ils peuvent se r\u00e9unir rapidement, sans que la dictature ait le temps de stopper la r\u00e9union. Ils peuvent se r\u00e9unir avec une arme compl\u00e9mentaire et corollaire extr\u00eamement puissante\u00a0: ils peuvent se r\u00e9unir<strong> COMME<\/strong> <strong>PEUPLE.<\/strong><\/p>\n<p style=\"text-align: justify;\">Bref, internet\u00a0 a permis \u00e0 ces populations de parcourir le cheminement psychologique laborieux vers la conscience de leur identit\u00e9. Cela s\u2019est produit par une longue approche ardue.\u00a0 Ils ont pu\u00a0 ainsi\u00a0 franchir la deuxi\u00e8me phase de la lib\u00e9ration collective. Elle s\u2019est r\u00e9alis\u00e9e\u00a0 par la d\u00e9couverte de l\u2019armement Youtube.\u00a0 Ils ont\u00a0 alors compris dans leurs tripes, et dans l\u2019exp\u00e9rimentation, qu\u2019ils poss\u00e9daient\u00a0 maintenant l\u2019arme qui leur assurerait\u00a0 la victoire sur le tyran.<\/p>\n<p><strong>Michel Frankland<\/strong><br \/>site de bridge jug\u00e9 incontournable par les experts<br \/><a href=\"http:\/\/pages.videotron.ca\/lepeuple\/\"><strong>http:\/\/pages.videotron.ca\/lepeuple\/<\/strong><\/a>___________________________________________________________<\/p>\n<p><strong>Christine Schwab<\/strong><br \/>psychologue comp\u00e9tente et extr\u00eamement honn\u00eate avec ses clients<br \/>(pas de prolongation inutile de traitement)<br \/><a href=\"http:\/\/www.cschwab.net\/\"><strong>www.cschwab.net<\/strong><\/a>____________________________________________________________<\/p>\n<p><strong>Henri Cohen<\/strong><br \/>Un expert en pollution domestique et industrielle,<br \/><a href=\"http:\/\/www.coblair.com\/\"><strong>www.coblair.com<\/strong><\/a><\/p>\n<script type=\"text\/javascript\">\n\nvar addthis_config = {\"data_track_clickback\":false,\"data_track_addressbar\":false,\"data_track_textcopy\":false};\n<\/script><script type=\"text\/javascript\" src=\"\/\/s7.addthis.com\/js\/250\/addthis_widget.js#pubid=a457a6d63fb9e6ccabdde4110343bd85\"><\/script>","protected":false},"excerpt":{"rendered":"<p>La double cause de la r\u00e9volte arabe<\/p>\n<p><span style=\"color: #800000;\">  Par Michel Frankland\u00a0\u00a0\u00a0 <\/span><\/p>\n<p style=\"text-align: justify;\">Les t\u00e9l\u00e9spectateurs du monde entier se sont install\u00e9s devant leur t\u00e9l\u00e9, sentant bien qu\u2019ils assistaient \u00e0 un \u00e9v\u00e9nement\u00a0 historique.\u00a0 Des peuples se lib\u00e9raient d\u2019une dictature qui les &hellip;<\/p>\n","protected":false},"author":1,"featured_media":0,"comment_status":"open","ping_status":"open","sticky":false,"template":"","format":"standard","meta":{"footnotes":""},"categories":[1],"tags":[],"class_list":["post-4681","post","type-post","status-publish","format-standard","hentry","category-accueil"],"_links":{"self":[{"href":"http:\/\/www.lecarrefourdesopinions.ca\/index.php?rest_route=\/wp\/v2\/posts\/4681","targetHints":{"allow":["GET"]}}],"collection":[{"href":"http:\/\/www.lecarrefourdesopinions.ca\/index.php?rest_route=\/wp\/v2\/posts"}],"about":[{"href":"http:\/\/www.lecarrefourdesopinions.ca\/index.php?rest_route=\/wp\/v2\/types\/post"}],"author":[{"embeddable":true,"href":"http:\/\/www.lecarrefourdesopinions.ca\/index.php?rest_route=\/wp\/v2\/users\/1"}],"replies":[{"embeddable":true,"href":"http:\/\/www.lecarrefourdesopinions.ca\/index.php?rest_route=%2Fwp%2Fv2%2Fcomments&post=4681"}],"version-history":[{"count":5,"href":"http:\/\/www.lecarrefourdesopinions.ca\/index.php?rest_route=\/wp\/v2\/posts\/4681\/revisions"}],"predecessor-version":[{"id":4791,"href":"http:\/\/www.lecarrefourdesopinions.ca\/index.php?rest_route=\/wp\/v2\/posts\/4681\/revisions\/4791"}],"wp:attachment":[{"href":"http:\/\/www.lecarrefourdesopinions.ca\/index.php?rest_route=%2Fwp%2Fv2%2Fmedia&parent=4681"}],"wp:term":[{"taxonomy":"category","embeddable":true,"href":"http:\/\/www.lecarrefourdesopinions.ca\/index.php?rest_route=%2Fwp%2Fv2%2Fcategories&post=4681"},{"taxonomy":"post_tag","embeddable":true,"href":"http:\/\/www.lecarrefourdesopinions.ca\/index.php?rest_route=%2Fwp%2Fv2%2Ftags&post=4681"}],"curies":[{"name":"wp","href":"https:\/\/api.w.org\/{rel}","templated":true}]}}