{"id":4309,"date":"2011-03-09T10:03:28","date_gmt":"2011-03-09T15:03:28","guid":{"rendered":"http:\/\/www.lecarrefourdesopinions.ca\/?p=4309"},"modified":"2011-03-09T10:03:28","modified_gmt":"2011-03-09T15:03:28","slug":"regarder-devant","status":"publish","type":"post","link":"http:\/\/www.lecarrefourdesopinions.ca\/?p=4309","title":{"rendered":"Regarder devant"},"content":{"rendered":"<p>Regarder devant<\/p>\n<p><em><img loading=\"lazy\" decoding=\"async\" class=\"alignleft size-thumbnail wp-image-4310\" title=\"photo Catherine K\" src=\"http:\/\/www.lecarrefourdesopinions.ca\/wp-content\/uploads\/2011\/01\/photo-Catherine-K-131x107.jpg\" alt=\"\" width=\"131\" height=\"107\" \/> <span style=\"color: #800000;\"> Par<strong> <\/strong>Catherine Kozminski <\/span><\/em><\/p>\n<p>&nbsp;<\/p>\n<p style=\"text-align: justify;\">L\u2019automne 2010 aura \u00e9t\u00e9 plus qu\u2019\u00e9prouvant pour notre famille. Lorsque j\u2019ai soudain pris conscience que la vie de ma fille \u00e9tait s\u00e9rieusement menac\u00e9e (septic\u00e9mie, syst\u00e8me immunitaire affaibli, cath\u00e9ter infect\u00e9, etc.), j\u2019ai senti que mon \u00e2me se scindait en mille morceaux et que plus rien ne pouvait les recoller. La douleur \u00e9tait telle que rien ne me soulageait, comme une agonie qui n\u2019en finit pas. Jusqu&rsquo;\u00e0 ce moment, depuis le mois de d\u00e9cembre 2009, depuis la terrible annonce de la maladie neuromusculaire auto-immune de notre fille, je m\u2019\u00e9tais accroch\u00e9e au fait que Ma\u00eblle s\u2019en sortirait peut-\u00eatre par un quelconque miracle qui, finalement, n\u2019a pas eu lieu. Je restais dans l\u2019action, l\u2019accompagnait \u00e0 ses plasmaph\u00e9r\u00e8ses \u00e0 l\u2019h\u00f4pital, travaillait, cuisinait des plats \u00ab\u00a0sant\u00e9\u00a0\u00bb ! Et puis, je suis tomb\u00e9e de haut. J\u2019ai perdu espoir. Plus de lumi\u00e8re, que la noirceur dans mes yeux. Comment parler de tout cela \u00e0 Ma\u00eblle qui me demandait constamment si elle allait mourir ? <img loading=\"lazy\" decoding=\"async\" class=\"alignleft size-medium wp-image-4836\" title=\"fleures 8 003\" src=\"http:\/\/www.lecarrefourdesopinions.ca\/wp-content\/uploads\/2011\/03\/fleures-8-003-300x225.jpg\" alt=\"\" width=\"300\" height=\"225\" srcset=\"http:\/\/www.lecarrefourdesopinions.ca\/wp-content\/uploads\/2011\/03\/fleures-8-003-300x225.jpg 300w, http:\/\/www.lecarrefourdesopinions.ca\/wp-content\/uploads\/2011\/03\/fleures-8-003-1024x768.jpg 1024w, http:\/\/www.lecarrefourdesopinions.ca\/wp-content\/uploads\/2011\/03\/fleures-8-003-400x300.jpg 400w\" sizes=\"auto, (max-width: 300px) 100vw, 300px\" \/>Je ne pouvais pas lui r\u00e9pondre, car je n\u2019en savais rien. Je doutais de tout. Que dire \u00e0 son fr\u00e8re et sa s\u0153ur, tr\u00e8s affect\u00e9s par cette trag\u00e9die ? J\u2019en voulais au monde entier, \u00e0 ceux qui allaient bien, \u00e0 ceux qui riaient et s\u2019amusaient. J\u2019enviais ce bonheur, cette l\u00e9g\u00e8ret\u00e9 de l\u2019\u00eatre qui pour moi \u00e9tait r\u00e9volue. J\u2019avais mis au monde une vie et je ne pouvais me r\u00e9signer \u00e0 la voir dispara\u00eetre. N\u2019est-ce pas contraire \u00e0 l\u2019ordre des choses ? C\u2019\u00e9tait le monde \u00e0 l\u2019envers ! Les enfants ne doivent pas mourir avant leurs parents ! La nuit, je vivais, le jour n\u2019\u00e9tait qu\u2019un cauchemar qui refaisait sans cesse surface. Je me suis alors demand\u00e9 si j\u2019avais fait quelque chose de mal pour souffrir \u00e0 ce point, pour avoir un si mauvais karma ? Avais-je \u00e9t\u00e9 une minable dans une autre vie ? J\u2019ai lui tout ce que a pu me passer sous la main, sur les anges, sur la vie, sur la mort, sur les miracles, sur la vie apr\u00e8s la mort, puis, plus rien. Je me noyais toujours plus. En \u00e9crivant ces lignes, je me rends m\u00eame compte que les mots rendent \u00e0 peine <img loading=\"lazy\" decoding=\"async\" class=\"alignright size-medium wp-image-4825\" title=\"amarylise 1\" src=\"http:\/\/www.lecarrefourdesopinions.ca\/wp-content\/uploads\/2011\/01\/amarylise-1-300x225.jpg\" alt=\"\" width=\"300\" height=\"225\" srcset=\"http:\/\/www.lecarrefourdesopinions.ca\/wp-content\/uploads\/2011\/01\/amarylise-1-300x225.jpg 300w, http:\/\/www.lecarrefourdesopinions.ca\/wp-content\/uploads\/2011\/01\/amarylise-1-1024x768.jpg 1024w, http:\/\/www.lecarrefourdesopinions.ca\/wp-content\/uploads\/2011\/01\/amarylise-1-400x300.jpg 400w\" sizes=\"auto, (max-width: 300px) 100vw, 300px\" \/>l\u2019\u00e9motion du moment. Je souhaitais seulement serrer mes trois enfants dans mes bras et leur dire \u00e0 quel point je les aime. Arr\u00eater l\u2019horloge du temps et nous mettre \u00e0 l\u2019abri l\u00e0 o\u00f9 il n\u2019y a ni mort, ni souffrance. \u00a0\u00c0 l\u2019h\u00f4pital, pendant les traitements de Ma\u00eblle en h\u00e9mato-oncologie, j\u2019ai rencontr\u00e9 des parents dont l\u2019enfant a perdu le combat. Pendant les hospitalisations de Ma\u00eblle, nous avions sympathis\u00e9 avec un petit gar\u00e7on qui nous regarde aujourd\u2019hui du haut du ciel. Je me suis m\u00eame sentie coupable d\u2019avoir peur de perdre mon enfant devant ces parents an\u00e9antis, condamn\u00e9s \u00e0 souffrir pour toujours. Quel est le sens de la vie apr\u00e8s tout cela, je me le demande encore.<\/p>\n<p style=\"text-align: justify;\">L\u2019ann\u00e9e 2011 vient de se montrer le bout du nez et nous continuons \u00e0 vivre avec la douleur au c\u0153ur. L\u2019\u00e9tat de Ma\u00eblle s\u2019est stabilis\u00e9 apr\u00e8s des mois \u00e0 nous demander si elle nous quitterait. Pendant ce temps, la vie a suivi son cours; Ma\u00eblle est rest\u00e9e une enfant souriante, pers\u00e9v\u00e9rante et pleine d\u2019\u00e9nergie, allant \u00e0 l\u2019\u00e9cole entre ses traitements et les hospitalisations, jouant avec ses amis, c\u00e2linant sa chienne Labelle, sans trop penser \u00e0 demain.<\/p>\n<p style=\"text-align: justify;\">Chaque matin, je remercie la vie d\u2019avoir mes enfants, mon mari, mes parents, d\u2019\u00eatre l\u00e0, simplement, avec eux. J\u2019ai probablement l\u2019air d\u2019une maman comme les autres lorsque je vais \u00e0 l\u2019\u00e9picerie ou \u00e0 la pharmacie. Un c\u0153ur bris\u00e9 ne se voit qu\u2019\u00e0 travers les yeux de l\u2019\u00e2me. J\u2019avance, je marche, malgr\u00e9 les boulets que je tra\u00eene aux pieds. L\u2019ouragan fait rage, mais Ma\u00eblle rit si fort que le soleil prend le dessus. Le d\u00e9sir de vivre de notre fille est si grand que j\u2019ai d\u00e9cid\u00e9 de regarder devant.<img loading=\"lazy\" decoding=\"async\" class=\"alignleft size-full wp-image-4312\" title=\"pub livre Catherine\" src=\"http:\/\/www.lecarrefourdesopinions.ca\/wp-content\/uploads\/2011\/01\/pub-livre-Catherine3.jpg\" alt=\"\" width=\"602\" height=\"599\" srcset=\"http:\/\/www.lecarrefourdesopinions.ca\/wp-content\/uploads\/2011\/01\/pub-livre-Catherine3.jpg 602w, http:\/\/www.lecarrefourdesopinions.ca\/wp-content\/uploads\/2011\/01\/pub-livre-Catherine3-300x298.jpg 300w, http:\/\/www.lecarrefourdesopinions.ca\/wp-content\/uploads\/2011\/01\/pub-livre-Catherine3-400x398.jpg 400w\" sizes=\"auto, (max-width: 602px) 100vw, 602px\" \/><\/p>\n<p>&nbsp;<\/p>\n<p>&nbsp;<\/p>\n<script type=\"text\/javascript\">\n\nvar addthis_config = {\"data_track_clickback\":false,\"data_track_addressbar\":false,\"data_track_textcopy\":false};\n<\/script><script type=\"text\/javascript\" src=\"\/\/s7.addthis.com\/js\/250\/addthis_widget.js#pubid=a457a6d63fb9e6ccabdde4110343bd85\"><\/script>","protected":false},"excerpt":{"rendered":"<p>Regarder devant<\/p>\n<p> <span style=\"color: #800000;\"> Par Catherine Kozminski <\/span><\/p>\n<p>&nbsp;<\/p>\n<p style=\"text-align: justify;\">L\u2019automne 2010 aura \u00e9t\u00e9 plus qu\u2019\u00e9prouvant pour notre famille. Lorsque j\u2019ai soudain pris conscience que la vie de ma fille \u00e9tait s\u00e9rieusement menac\u00e9e (septic\u00e9mie, syst\u00e8me immunitaire affaibli, cath\u00e9ter infect\u00e9, etc.), j\u2019ai &hellip;<\/p>\n","protected":false},"author":1,"featured_media":0,"comment_status":"open","ping_status":"open","sticky":false,"template":"","format":"standard","meta":{"footnotes":""},"categories":[1],"tags":[],"class_list":["post-4309","post","type-post","status-publish","format-standard","hentry","category-accueil"],"_links":{"self":[{"href":"http:\/\/www.lecarrefourdesopinions.ca\/index.php?rest_route=\/wp\/v2\/posts\/4309","targetHints":{"allow":["GET"]}}],"collection":[{"href":"http:\/\/www.lecarrefourdesopinions.ca\/index.php?rest_route=\/wp\/v2\/posts"}],"about":[{"href":"http:\/\/www.lecarrefourdesopinions.ca\/index.php?rest_route=\/wp\/v2\/types\/post"}],"author":[{"embeddable":true,"href":"http:\/\/www.lecarrefourdesopinions.ca\/index.php?rest_route=\/wp\/v2\/users\/1"}],"replies":[{"embeddable":true,"href":"http:\/\/www.lecarrefourdesopinions.ca\/index.php?rest_route=%2Fwp%2Fv2%2Fcomments&post=4309"}],"version-history":[{"count":5,"href":"http:\/\/www.lecarrefourdesopinions.ca\/index.php?rest_route=\/wp\/v2\/posts\/4309\/revisions"}],"predecessor-version":[{"id":4887,"href":"http:\/\/www.lecarrefourdesopinions.ca\/index.php?rest_route=\/wp\/v2\/posts\/4309\/revisions\/4887"}],"wp:attachment":[{"href":"http:\/\/www.lecarrefourdesopinions.ca\/index.php?rest_route=%2Fwp%2Fv2%2Fmedia&parent=4309"}],"wp:term":[{"taxonomy":"category","embeddable":true,"href":"http:\/\/www.lecarrefourdesopinions.ca\/index.php?rest_route=%2Fwp%2Fv2%2Fcategories&post=4309"},{"taxonomy":"post_tag","embeddable":true,"href":"http:\/\/www.lecarrefourdesopinions.ca\/index.php?rest_route=%2Fwp%2Fv2%2Ftags&post=4309"}],"curies":[{"name":"wp","href":"https:\/\/api.w.org\/{rel}","templated":true}]}}