{"id":4234,"date":"2015-09-28T21:48:55","date_gmt":"2015-09-29T01:48:55","guid":{"rendered":"http:\/\/www.lecarrefourdesopinions.ca\/?p=4234"},"modified":"2015-09-28T21:48:55","modified_gmt":"2015-09-29T01:48:55","slug":"non-lesclavage-nest-pas-un-crime","status":"publish","type":"post","link":"http:\/\/www.lecarrefourdesopinions.ca\/?p=4234","title":{"rendered":"NON, l\u2019Esclavage n\u2019est pas un Crime."},"content":{"rendered":"<p><strong>NON, l\u2019Esclavage n\u2019est pas un Crime.<\/strong><\/p>\n<p><strong><img loading=\"lazy\" decoding=\"async\" class=\"alignleft size-thumbnail wp-image-4235\" title=\"photo \u00c9ric Nogard\" src=\"http:\/\/www.lecarrefourdesopinions.ca\/wp-content\/uploads\/2011\/01\/photo-\u00c9ric-Nogard-134x107.jpg\" alt=\"\" width=\"134\" height=\"107\" \/> <\/strong><em><span style=\"color: #800000;\">Eric E.G. NOGARD <\/span><\/em><\/p>\n<p><strong><em><span style=\"color: #993300;\">Plume, O ma plume\u2026<\/span><\/em><\/strong><\/p>\n<p><strong><em><span style=\"color: #993300;\">Te voil\u00e0 vis-\u00e0-vis du pire des Champs de Mines.<\/span><\/em><\/strong><\/p>\n<p><strong><em><span style=\"color: #993300;\">S\u2019il est dit que tu doives t\u2019y risquer,\u2026\u2026Allons-y donc\u00a0! <\/span><\/em><\/strong><\/p>\n<p>&nbsp;<\/p>\n<p>Cela soit dit sans ambages, nous sommes de ceux qui pensent que l\u2019Esclavage n\u2019est pas un Crime.<\/p>\n<p>&nbsp;<\/p>\n<p>Cela va de soi, nous ne nous contenterons pas de dire, nous nous emploierons \u00e0 asseoir ce que nous disons.<\/p>\n<p>&nbsp;<\/p>\n<p>De m\u00eame, serait-il juste et bon que les L.I.C.R.A. (Ligue Internationale Contre le Racisme et l\u2019Antis\u00e9mitisme) et consorts, veuillent bien se prononcer sur notre Avis, en se fondant comme nous tentons de le faire, sous l\u2019Arbitrage de l\u2019Opinion Universelle, bien entendu.<\/p>\n<p>&nbsp;<\/p>\n<p>Nous disons que, si ODIEUX soit-il, ou si Horrible qu\u2019il paraisse, l\u2019Esclavage n\u2019est pas un crime.<\/p>\n<p>Davantage\u00a0! Il peut partir d\u2019un \u00e9lan d\u2019Humanit\u00e9.<\/p>\n<p>D\u2019avantage encore\u00a0! Lui seul peut nous affranchir de nos Servitudes de chaque jour.<\/p>\n<p>&nbsp;<\/p>\n<p>&nbsp;<\/p>\n<p>Au lieu de feindre d\u2019ignorer qu\u2019il soit l\u2019Apanage de la Nature elle-m\u00eame, sous ses Mille Avatars dans tant de Soci\u00e9t\u00e9s\u00a0: celle de l\u2019Abeille, celle de la Fourmi, celle de l\u2019Homme\u2026 qui sont les mieux connues de nous, cherchons ensemble et sereinement quelle d\u00e9finition donner \u00e0 l\u2019Esclavage.<\/p>\n<p>&nbsp;<\/p>\n<p>Sur notre lanc\u00e9e, d\u00e9couvrons \u00e0 notre surprise la plus grande, que l\u2019Humanit\u00e9 est Certainement l\u2019Esp\u00e8ce Animale qui dans son incoh\u00e9rence est aussi prompte \u00e0 le REPROUVER qu\u2019\u00e0 le RECLAMER.<\/p>\n<p>&nbsp;<\/p>\n<p>&nbsp;<\/p>\n<p><strong><em>L\u2019Esclavage dans sa D\u00e9finition.<\/em><\/strong><\/p>\n<p>&nbsp;<\/p>\n<p>En milieu Gr\u00e9gaire \u2013 milieu propre \u00e0 son existence \u2013 l\u2019Esclavage n\u2019est-il pas une forme plus ou moins p\u00e9renne voire d\u00e9finitive et plus ou moins n\u00e9cessaire voire inutile de la Division du Travail\u00a0: Esclave, Ilote, Captif, Serf, Boy, Domestique.<\/p>\n<p>&nbsp;<\/p>\n<p>De m\u00eame, l\u2019Esclavage ne serait-il pas dans certains cas un Acte d\u2019Humanisme plut\u00f4t qu\u2019un Crime contre l\u2019Humanit\u00e9.<\/p>\n<p>&nbsp;<\/p>\n<p>&nbsp;<\/p>\n<p><strong><em>L\u2019Esclavage, Acte d\u2019Humanit\u00e9.<\/em><\/strong><\/p>\n<p>&nbsp;<\/p>\n<p>L\u2019Histoire nous le dit et bien hardi ou bien ignorant le Descendant d\u2019Esclave Martiniquais qui oserait nous contredire.<\/p>\n<p>&nbsp;<\/p>\n<p>Les Guerres Tribales ont exist\u00e9, elles existent jusqu\u2019au G\u00e9nocide, et elles existeront longtemps en Afrique, l\u2019Afrique n\u2019\u00e9tant qu\u2019un exemple entre mille.<\/p>\n<p>&nbsp;<\/p>\n<p>Et qui dit Guerre dit Vaincus.<\/p>\n<p>&nbsp;<\/p>\n<p>Or que faire des vaincus quand on sait ne pas pouvoir les nourrir.<\/p>\n<p>Or, que faire d\u2019eux tellement on sait que faute par vous de les tuer ils vous tueront.<\/p>\n<p>D\u00e8s lors, c\u00f4t\u00e9 Vainqueurs, c\u00f4t\u00e9 Vaincus, l\u2019astreinte aux Travaux Ingrats, cette part dans la Division du Travail, doit-elle appara\u00eetre ou est-elle affaire d\u2019Esclavage ou affaire d\u2019Humanit\u00e9.<\/p>\n<p>&nbsp;<\/p>\n<p>&nbsp;<\/p>\n<p><strong><em>L\u2019Esclavage dans sa N\u00e9cessit\u00e9 et dans sa P\u00e9rennit\u00e9.<\/em><\/strong><\/p>\n<p>&nbsp;<\/p>\n<p>Imaginons, si nous n\u2019avons pas un APICULTEUR pour nous le dire,<\/p>\n<p>Imaginons une Bonne Femme Abeille, la Reine des Abeilles, passant toute sa vie \u00e0 se faire faire l\u2019Amour et rien d\u2019autre que \u00e7a.<\/p>\n<p>&nbsp;<\/p>\n<p>Et pour cela, un Bataillon d\u2019Amoureux nourris et bien nourris pour ne rien faire d\u2019autre que l\u2019Amour \u00e0 la Reine.<\/p>\n<p>&nbsp;<\/p>\n<p>Avec en plus de Vaillants Guerriers pour la S\u00e9curit\u00e9 de cette voluptueuse et \u00e9ternelle Lune de Miel imagin\u00e9e par CUPIDON.<\/p>\n<p>Avec en plus de cet Etat-major soumis jusqu\u2019\u00e0 la mort\u00a0:<\/p>\n<p>&nbsp;<\/p>\n<p>\u00fc Des Ouvri\u00e8res pour la construction des Rayons, habitacle des \u0153ufs de la Reine\u00a0;<\/p>\n<p>&nbsp;<\/p>\n<p>\u00fc Des Collecteuses-Laborantines pour collecter le Pollen, le Nectar et en faire du Miel\u00a0;<\/p>\n<p>&nbsp;<\/p>\n<p>\u00fc Des Magasini\u00e8res-Ventileuses pour emmagasiner et conserver ce Miel\u00a0;<\/p>\n<p>&nbsp;<\/p>\n<p>\u00fc Des Nourrices pour que soient bien nourris Madame, sa nich\u00e9e et toute la communaut\u00e9.<\/p>\n<p>&nbsp;<\/p>\n<p>Tant de Travail et si bien Distribu\u00e9 dans l\u2019Injustice que chacun y trouve son compte, m\u00eame l\u2019Ours ce goy, m\u00eame l\u2019Homme cet intrus.<\/p>\n<p>&nbsp;<\/p>\n<p>Que peut-on avoir \u00e0 redire d\u2019un Esclavage si parfait, d\u2019un Esclavage si P\u00e9renne, d\u2019un Ilotisme si Grec et si Gallo-Romain\u2026<\/p>\n<p>&nbsp;<\/p>\n<p>Pourquoi alors rendre un tel Hommage et vouer un tel culte aux Temples Grecs, aux Pyramides d\u2019Egypte, aux Vestiges de Pomp\u00e9i, \u00e0 la Voie Appienne, au Pont du Gard, \u00e0 notre Canal des Esclaves\u2026 aux Grandes Cath\u00e9drales, aux L\u00e9onardo da Vinci, aux Botticelli\u2026 Verdi\u2026 Goethe\u2026<\/p>\n<p>&nbsp;<\/p>\n<p>&nbsp;<\/p>\n<p><strong><em>On the Other Hand, comme nous dirait \u00ab\u00a0TOMMY\u00a0\u00bb.<\/em><\/strong><\/p>\n<p>&nbsp;<\/p>\n<p>\u201cSi la Soci\u00e9t\u00e9 des Hommes avait \u00e9t\u00e9 condamn\u00e9e au chacun pour soi\u201d tel qu\u2019elle est menac\u00e9e aujourd\u2019hui de l\u2019\u00eatre, chacun devant assumer \u00e0 lui seul tous ses besoins et toutes ses fonctions\u00a0:<\/p>\n<p>&nbsp;<\/p>\n<p>\u00fc Qu\u2019en serait-il des Grandes ou Petites D\u00e9couvertes, des D\u00e9couvertes tout court.<\/p>\n<p>&nbsp;<\/p>\n<p>\u00fc Qu\u2019en serait-il des Grandes Inventions, des Inventions Grandes ou Petites.<\/p>\n<p>&nbsp;<\/p>\n<p>\u00fc Qui aurait d\u00e9couvert l\u2019Am\u00e9rique si, au lieu de disposer de Navires copieusement arm\u00e9s de bagages et de vivres aux frais de la Princesse \u2013 en l\u2019occurrence sa Gracieuse Majest\u00e9 la Reine Isabelle d\u2019Espagne \u2013 Colomb avait \u00e9t\u00e9 astreint, faute de Division du Travail, \u00e0 planter lui-m\u00eame les Patates qui devaient le nourrir.<\/p>\n<p>&nbsp;<\/p>\n<p>\u00fc Qui aurait invent\u00e9 le t\u00e9l\u00e9phone si Stephenson avait \u00e9t\u00e9 astreint \u00e0 p\u00eacher lui-m\u00eame dans la Tamise la perche du repas de son prochain midi.<\/p>\n<p>&nbsp;<\/p>\n<p>&nbsp;<\/p>\n<p>Bref. Sauf \u00e0 nous de cracher publiquement sur tout ce que nous lui devons, malgr\u00e9 les malheureuses Victimes \u00e0 sa Charge et que nous d\u00e9plorons, et que nous lui reprochons,<\/p>\n<p>Comment nier en Conscience le BON de l\u2019Esclavage.<\/p>\n<p>&nbsp;<\/p>\n<p>&nbsp;<\/p>\n<p><strong><em>L\u2019Esclavage dans son Inutilit\u00e9 et dans son Abolition.<\/em><\/strong><\/p>\n<p>&nbsp;<\/p>\n<p>Nul ne nous le fait dire, dans la Soci\u00e9t\u00e9 Humaine, le Propre de l\u2019Esclavage est de s\u2019abolir de lui-m\u00eame, une fois sa Mission Naturelle accomplie.<\/p>\n<p>&nbsp;<\/p>\n<p>Stupide et bien stupide l\u2019id\u00e9e que les Esclaves Noirs aient pu dans les Am\u00e9riques, s\u2019affranchir de l\u2019Esclavage.<\/p>\n<p>&nbsp;<\/p>\n<p>Aussi stupide l\u2019id\u00e9e qu\u2019un quelconque Anti-esclavagiste y soit pour peu ou prou, cet Avatar qu\u2019est l\u2019Esclavage ayant \u00e9t\u00e9 aboli par l\u2019Esclavage lui-m\u00eame.<\/p>\n<p>&nbsp;<\/p>\n<p>Tout s\u2019\u00e9tant fait step by step, le temps y pr\u00eatant la main.<\/p>\n<p>&nbsp;<\/p>\n<ul>\n<li><strong><em><span style=\"text-decoration: underline;\">Premi\u00e8re \u00e9tape<\/span><\/em><\/strong>,<\/li>\n<\/ul>\n<p>&nbsp;<\/p>\n<p>L\u2019Angleterre est Esclavagiste et son Esclavagisme lui permet d\u2019inventer la Machine, l\u2019Industrialisation.<\/p>\n<p>&nbsp;<\/p>\n<ul>\n<li><strong><em><span style=\"text-decoration: underline;\">Deuxi\u00e8me \u00e9tape<\/span><\/em><\/strong>,<\/li>\n<\/ul>\n<p>&nbsp;<\/p>\n<p>La Machine rend de plus en plus inutile tant la main que les bras de l\u2019Homme, et, d\u00e8s lors, \u00e0 quoi bon l\u2019Esclavage.<\/p>\n<p>&nbsp;<\/p>\n<ul>\n<li><strong><em><span style=\"text-decoration: underline;\">Troisi\u00e8me \u00e9tape<\/span><\/em><\/strong>,<\/li>\n<\/ul>\n<p>&nbsp;<\/p>\n<p>La France, Consommatrice d\u2019Esclaves et d\u00e9pourvue de Machines Concurrentielles doit \u00eatre emp\u00each\u00e9e dans sa production de Canne \u00e0 Sucre. Son Commerce d\u2019Esclaves (la traite des n\u00e8gres) est contrari\u00e9, voire \u00e9radiqu\u00e9 AB OVO par la Flotte Maritime Anglaise\u2026 jusqu\u2019\u00e0 ce que chacun sait aussi bien que nous.<\/p>\n<p>&nbsp;<\/p>\n<p><strong><em>Un autre exemple s\u2019il en \u00e9tait besoin\u00a0:<\/em><\/strong><\/p>\n<p>&nbsp;<\/p>\n<p>L\u2019\u0153il \u00e9lectronique n\u2019a-t-il pas remplac\u00e9 l\u2019EUNUQUE dans les HAREMS, dans les SERAILS de toute l\u2019Arabie.<\/p>\n<p>&nbsp;<\/p>\n<p>&nbsp;<\/p>\n<p>D\u00e8s lors, n\u2019est-il pas d\u00e9montr\u00e9 que le propre de l\u2019Esclavage, sa finalit\u00e9, est d\u2019abolir l\u2019Esclavage Humain.<\/p>\n<p>&nbsp;<\/p>\n<p>D\u00e8s lors, n\u2019aurait-il pas du BON et serait-il un CRIME\u00a0?<\/p>\n<p>&nbsp;<\/p>\n<p>&nbsp;<\/p>\n<p><strong><em>Contradiction Humaine, l\u2019Esclavage est r\u00e9clam\u00e9 par ceux qui le combattent.<\/em><\/strong><\/p>\n<p>&nbsp;<\/p>\n<p>Voyons \u00e7a de pr\u00e8s.<\/p>\n<p>&nbsp;<\/p>\n<ul>\n<li>Plus besoin de faire la lessive, la machine est l\u00e0 pour \u00e7a.<\/li>\n<li>Plus besoin de charger les camions, la machine est faite pour \u00e7a.<\/li>\n<li>Plus besoin de Postiers, le T\u00e9l\u00e9phone est l\u00e0 pour \u00e7a.<\/li>\n<li>Plus besoin de Ma\u00eetres d\u2019Ecole, de Secr\u00e9taires, de Comptables, l\u2019Ordi\u2026<\/li>\n<\/ul>\n<p>&nbsp;<\/p>\n<p>Cons\u00e9quence,<\/p>\n<p>&nbsp;<\/p>\n<p>Des gr\u00e8ves contre le ch\u00f4mage, des gr\u00e8ves pour l\u2019Emploi.<\/p>\n<p>&nbsp;<\/p>\n<p>Or, qu\u2019est-ce que l\u2019Emploi quand on y pense\u2026<\/p>\n<p>&nbsp;<\/p>\n<p>Des plaintes pour n\u2019avoir pas le temps de souffler, tellement on est seul \u00e0 tout faire chez soi.<\/p>\n<p>&nbsp;<\/p>\n<p>Or, ainsi r\u00e9duit \u00e0 devoir tout faire par soi-m\u00eame, \u00e0 quel recours, \u00e0 quelle assistance songe-t-on, que ce soit dans son subconscient, que ce soit dans ses constatations inavou\u00e9es\u2026 arr\u00eatons d\u2019\u00eatre Hypocrites.<\/p>\n<p>&nbsp;<\/p>\n<p>Ou alors, Que chacun s\u2019en retourne \u00e0 la Case d\u00e9part et chacun ne sera pas long \u00e0 comprendre\u00a0:<\/p>\n<p>&nbsp;<\/p>\n<ul>\n<li>Que la Nature n\u2019a pas \u00e9t\u00e9 si b\u00eate de proposer l\u2019esclavage.<\/li>\n<li>Que tout est dans la mesure qui, elle-m\u00eame est affaire d\u2019organisation.<\/li>\n<li>Qu\u2019en tout \u00e9tat de cause, l\u2019Esclavage a du BON.<\/li>\n<li>Que la Convoitise ne lui fasse pas grief d\u2019\u00eatre cause de Racisme.<\/li>\n<\/ul>\n<p>&nbsp;<\/p>\n<p><span style=\"color: #800000;\"><strong>NON\u00a0! L\u2019Esclavage n\u2019est pas un CRIME.<\/strong><\/span><\/p>\n<p><span style=\"color: #800000;\"><strong>OUI\u00a0! Le Mieux serait que nous n\u2019en parlions plus.<\/strong><\/span><\/p>\n<p><strong><span style=\"text-decoration: underline;\">Liens Sugg\u00e9r\u00e9s\u00a0:<\/span><\/strong><\/p>\n<ul>\n<li><strong><a href=\"http:\/\/www.lescrutateur.com\/\">http:\/\/www.lescrutateur.com\/<\/a> <\/strong><\/li>\n<\/ul>\n<p><strong><a href=\"http:\/\/www.etatsgenerauxdeloutremer.fr\/reflexions\">http:\/\/www.etatsgenerauxdeloutremer.fr\/reflexions<\/a><\/strong><\/p>\n<p><img loading=\"lazy\" decoding=\"async\" class=\"alignleft size-full wp-image-4233\" title=\"billets de banque de collection\" src=\"http:\/\/www.lecarrefourdesopinions.ca\/wp-content\/uploads\/2011\/01\/billets-de-banque-de-collection.jpg\" alt=\"\" width=\"596\" height=\"328\" srcset=\"http:\/\/www.lecarrefourdesopinions.ca\/wp-content\/uploads\/2011\/01\/billets-de-banque-de-collection.jpg 596w, http:\/\/www.lecarrefourdesopinions.ca\/wp-content\/uploads\/2011\/01\/billets-de-banque-de-collection-300x165.jpg 300w, http:\/\/www.lecarrefourdesopinions.ca\/wp-content\/uploads\/2011\/01\/billets-de-banque-de-collection-400x220.jpg 400w\" sizes=\"auto, (max-width: 596px) 100vw, 596px\" \/><\/p>\n<p>&nbsp;<\/p>\n<script type=\"text\/javascript\">\n\nvar addthis_config = {\"data_track_clickback\":false,\"data_track_addressbar\":false,\"data_track_textcopy\":false};\n<\/script><script type=\"text\/javascript\" src=\"\/\/s7.addthis.com\/js\/250\/addthis_widget.js#pubid=a457a6d63fb9e6ccabdde4110343bd85\"><\/script>","protected":false},"excerpt":{"rendered":"<p>NON, l\u2019Esclavage n\u2019est pas un Crime.<\/p>\n<p> <span style=\"color: #800000;\">Eric E.G. NOGARD <\/span><\/p>\n<p><span style=\"color: #993300;\">Plume, O ma plume\u2026<\/span><\/p>\n<p><span style=\"color: #993300;\">Te voil\u00e0 vis-\u00e0-vis du pire des Champs de Mines.<\/span><\/p>\n<p><span style=\"color: #993300;\">S\u2019il est dit que tu doives t\u2019y risquer,\u2026\u2026Allons-y donc\u00a0! <\/span><\/p>\n<p>&nbsp;<\/p>\n<p>Cela soit dit sans &hellip;<\/p>\n","protected":false},"author":1,"featured_media":0,"comment_status":"open","ping_status":"open","sticky":false,"template":"","format":"standard","meta":{"footnotes":""},"categories":[1],"tags":[],"class_list":["post-4234","post","type-post","status-publish","format-standard","hentry","category-accueil"],"_links":{"self":[{"href":"http:\/\/www.lecarrefourdesopinions.ca\/index.php?rest_route=\/wp\/v2\/posts\/4234","targetHints":{"allow":["GET"]}}],"collection":[{"href":"http:\/\/www.lecarrefourdesopinions.ca\/index.php?rest_route=\/wp\/v2\/posts"}],"about":[{"href":"http:\/\/www.lecarrefourdesopinions.ca\/index.php?rest_route=\/wp\/v2\/types\/post"}],"author":[{"embeddable":true,"href":"http:\/\/www.lecarrefourdesopinions.ca\/index.php?rest_route=\/wp\/v2\/users\/1"}],"replies":[{"embeddable":true,"href":"http:\/\/www.lecarrefourdesopinions.ca\/index.php?rest_route=%2Fwp%2Fv2%2Fcomments&post=4234"}],"version-history":[{"count":5,"href":"http:\/\/www.lecarrefourdesopinions.ca\/index.php?rest_route=\/wp\/v2\/posts\/4234\/revisions"}],"predecessor-version":[{"id":11766,"href":"http:\/\/www.lecarrefourdesopinions.ca\/index.php?rest_route=\/wp\/v2\/posts\/4234\/revisions\/11766"}],"wp:attachment":[{"href":"http:\/\/www.lecarrefourdesopinions.ca\/index.php?rest_route=%2Fwp%2Fv2%2Fmedia&parent=4234"}],"wp:term":[{"taxonomy":"category","embeddable":true,"href":"http:\/\/www.lecarrefourdesopinions.ca\/index.php?rest_route=%2Fwp%2Fv2%2Fcategories&post=4234"},{"taxonomy":"post_tag","embeddable":true,"href":"http:\/\/www.lecarrefourdesopinions.ca\/index.php?rest_route=%2Fwp%2Fv2%2Ftags&post=4234"}],"curies":[{"name":"wp","href":"https:\/\/api.w.org\/{rel}","templated":true}]}}