{"id":4167,"date":"2011-03-30T09:37:44","date_gmt":"2011-03-30T13:37:44","guid":{"rendered":"http:\/\/www.lecarrefourdesopinions.ca\/?p=4167"},"modified":"2011-03-30T09:37:44","modified_gmt":"2011-03-30T13:37:44","slug":"le-maitre-et-l%e2%80%99anneau","status":"publish","type":"post","link":"http:\/\/www.lecarrefourdesopinions.ca\/?p=4167","title":{"rendered":"Le ma\u00eetre et l\u2019anneau"},"content":{"rendered":"<h1>Le ma\u00eetre et l\u2019anneau<\/h1>\n<p><em><img loading=\"lazy\" decoding=\"async\" class=\"alignleft size-thumbnail wp-image-4168\" title=\"FXBoul\u00e9\" src=\"http:\/\/www.lecarrefourdesopinions.ca\/wp-content\/uploads\/2010\/12\/FXBoul\u00e9-134x107.jpg\" alt=\"\" width=\"134\" height=\"107\" \/> <span style=\"color: #800000;\"> Par Fran\u00e7ois-Xavier Boul\u00e9 <\/span><\/em><\/p>\n<p style=\"text-align: justify;\">Lors d\u2019un souper au resto avec des amis, un jeune homme se rend aux toilettes. Soucieux de son hygi\u00e8ne, il se lave les mains avec du savon. Ses mouvements \u00e9nergiques envoient virevolter son alliance dans le lavabo. La panique s\u2019empare du jeune homme\u2026 la bague vaut cher\u2026 que dira son \u00e9pouse\u2026Ses pens\u00e9es filent \u00e0 toutes vitesses et ses mains n\u2019arrivent pas \u00e0 capturer l\u2019anneau qui finit sa course folle dans le drain. Il se voit alors dans l\u2019obligation d\u2019appeler un plombier et d\u2019attendre la fermeture du resto pour faire d\u00e9monter la plomberie et r\u00e9cup\u00e9rer son anneau d\u2019or.<\/p>\n<p style=\"text-align: justify;\">\n<p style=\"text-align: justify;\">Bague en main et remis de ses \u00e9motions, le jeune homme n\u2019arrive pas \u00e0 comprendre pourquoi il n\u2019a pu saisir la bague. Judoka depuis quelques ann\u00e9es, le jeune homme est athl\u00e9tique et assez agile\u2026 mais pas assez, semble-t-il pour saisir un bout de m\u00e9tal avant qu\u2019il ne tombe dans un drain!!! Son ma\u00eetre de judo saura peut-\u00eatre l\u2019\u00e9clairer\u2026<\/p>\n<p style=\"text-align: justify;\">\n<p style=\"text-align: justify;\">Le mercredi suivant, il raconta sa m\u00e9saventure \u00e0 son sensei. Souriant le vieil homme \u00e9coute l\u2019histoire et invite son jeune \u00e9l\u00e8ve \u00e0 revenir apr\u00e8s l\u2019entra\u00eenement. Comme toujours, le ma\u00eetre prenait une tasse de th\u00e9 apr\u00e8s le cours avant de retourner chez lui. Il invita silencieusement le jeune homme \u00e0 prendre place devant la deuxi\u00e8me tasse de th\u00e9 fumant.\u00a0 Le vieil homme pris la parole apr\u00e8s un long silence.<\/p>\n<p style=\"text-align: justify;\">\n<p style=\"text-align: justify;\">&#8211; Vous avez, ce soir, vaincu des adversaires plus gros ou\u00a0 plus fort\u2026 Mais, un simple anneau a eu raison de vous en quelques secondes\u2026Vous n\u2019avez pas su mobiliser \u00e0 ce moment pr\u00e9cis votre \u00e9nergie de la mani\u00e8re la plus efficace. Vous n\u2019avez pas atteint ce principe du judo hors du tatami. Votre panique, votre attachement \u00e0 cet objet ont brouill\u00e9 votre esprit et c\u2019est pourquoi vos gestes furent inefficaces. Vous devez retrouver l\u2019esprit du combat ou du randori en tout instant. L\u2019esprit prisonnier de ses \u00e9motions, de ses craintes ou de ses pens\u00e9es ne peut guider le judoka dans ses action. Ainsi lorsque l\u2019esprit est vide, l\u2019intuition et le geste sont simultan\u00e9s, le judoka encha\u00eene ses mouvements, r\u00e9ussit sa projection\u2026 et le jeune homme met sa main sur le drain avant que son anneau y tombe\u2026<\/p>\n<p style=\"text-align: justify;\">\n<p style=\"text-align: justify;\">&#8211; Il faut donc, lui r\u00e9pondit le jeune homme d\u00e9boussol\u00e9, que je me concentre \u00e0 ne pas penser durant mes actions sur ou hors des tatamis.<\/p>\n<p style=\"text-align: justify;\">\n<p style=\"text-align: justify;\">&#8211; Dans sa course folle dans le lavabo, l\u2019anneau ne pense pas \u00e0 \u00e9chapper \u00e0 la main\u2026 Pour que le geste soit vraiment efficace, il ne faut m\u00eame pas penser \u00e0 ne pas penser\u2026<\/p>\n<p style=\"text-align: justify;\"><img decoding=\"async\" class=\"alignleft size-full wp-image-4969\" title=\"PHOTO GERARD  18\" src=\"http:\/\/www.lecarrefourdesopinions.ca\/wp-content\/uploads\/2011\/03\/PHOTO-GERARD-18.bmp\" alt=\"\" \/><\/p>\n<p><strong> <\/strong><strong><a href=\"http:\/\/mondedesophie.com\/\">http:\/\/mondedesophie.com<\/a><\/strong><\/p>\n<p><strong> <\/strong><\/p>\n<ul>\n<li><a href=\"http:\/\/www.lescrutateur.com\/\">h<strong>ttp:\/\/www.lescrutateur.com\/<\/strong><\/a><strong><br \/> <\/strong><\/li>\n<li><strong><a href=\"http:\/\/www.etatsgenerauxdeloutremer.fr\/reflexions\">http:\/\/www.etatsgenerauxdeloutremer.fr\/reflexions<\/a><\/strong><\/li>\n<\/ul>\n<p style=\"text-align: justify;\"><img loading=\"lazy\" decoding=\"async\" class=\"alignleft size-full wp-image-4170\" title=\"pub livre Catherine\" src=\"http:\/\/www.lecarrefourdesopinions.ca\/wp-content\/uploads\/2010\/12\/pub-livre-Catherine3.jpg\" alt=\"\" width=\"602\" height=\"599\" srcset=\"http:\/\/www.lecarrefourdesopinions.ca\/wp-content\/uploads\/2010\/12\/pub-livre-Catherine3.jpg 602w, http:\/\/www.lecarrefourdesopinions.ca\/wp-content\/uploads\/2010\/12\/pub-livre-Catherine3-300x298.jpg 300w, http:\/\/www.lecarrefourdesopinions.ca\/wp-content\/uploads\/2010\/12\/pub-livre-Catherine3-400x398.jpg 400w\" sizes=\"auto, (max-width: 602px) 100vw, 602px\" \/><\/p>\n<script type=\"text\/javascript\">\n\nvar addthis_config = {\"data_track_clickback\":false,\"data_track_addressbar\":false,\"data_track_textcopy\":false};\n<\/script><script type=\"text\/javascript\" src=\"\/\/s7.addthis.com\/js\/250\/addthis_widget.js#pubid=a457a6d63fb9e6ccabdde4110343bd85\"><\/script>","protected":false},"excerpt":{"rendered":"<p>Le ma\u00eetre et l\u2019anneau<\/p>\n<p> <span style=\"color: #800000;\"> Par Fran\u00e7ois-Xavier Boul\u00e9 <\/span><\/p>\n<p style=\"text-align: justify;\">Lors d\u2019un souper au resto avec des amis, un jeune homme se rend aux toilettes. Soucieux de son hygi\u00e8ne, il se lave les mains avec du savon. Ses mouvements \u00e9nergiques &hellip;<\/p>\n","protected":false},"author":1,"featured_media":0,"comment_status":"open","ping_status":"open","sticky":false,"template":"","format":"standard","meta":{"footnotes":""},"categories":[1],"tags":[],"class_list":["post-4167","post","type-post","status-publish","format-standard","hentry","category-accueil"],"_links":{"self":[{"href":"http:\/\/www.lecarrefourdesopinions.ca\/index.php?rest_route=\/wp\/v2\/posts\/4167","targetHints":{"allow":["GET"]}}],"collection":[{"href":"http:\/\/www.lecarrefourdesopinions.ca\/index.php?rest_route=\/wp\/v2\/posts"}],"about":[{"href":"http:\/\/www.lecarrefourdesopinions.ca\/index.php?rest_route=\/wp\/v2\/types\/post"}],"author":[{"embeddable":true,"href":"http:\/\/www.lecarrefourdesopinions.ca\/index.php?rest_route=\/wp\/v2\/users\/1"}],"replies":[{"embeddable":true,"href":"http:\/\/www.lecarrefourdesopinions.ca\/index.php?rest_route=%2Fwp%2Fv2%2Fcomments&post=4167"}],"version-history":[{"count":5,"href":"http:\/\/www.lecarrefourdesopinions.ca\/index.php?rest_route=\/wp\/v2\/posts\/4167\/revisions"}],"predecessor-version":[{"id":5197,"href":"http:\/\/www.lecarrefourdesopinions.ca\/index.php?rest_route=\/wp\/v2\/posts\/4167\/revisions\/5197"}],"wp:attachment":[{"href":"http:\/\/www.lecarrefourdesopinions.ca\/index.php?rest_route=%2Fwp%2Fv2%2Fmedia&parent=4167"}],"wp:term":[{"taxonomy":"category","embeddable":true,"href":"http:\/\/www.lecarrefourdesopinions.ca\/index.php?rest_route=%2Fwp%2Fv2%2Fcategories&post=4167"},{"taxonomy":"post_tag","embeddable":true,"href":"http:\/\/www.lecarrefourdesopinions.ca\/index.php?rest_route=%2Fwp%2Fv2%2Ftags&post=4167"}],"curies":[{"name":"wp","href":"https:\/\/api.w.org\/{rel}","templated":true}]}}