{"id":4156,"date":"2011-02-25T14:55:04","date_gmt":"2011-02-25T19:55:04","guid":{"rendered":"http:\/\/www.lecarrefourdesopinions.ca\/?p=4156"},"modified":"2011-02-25T14:55:04","modified_gmt":"2011-02-25T19:55:04","slug":"avis-et-preference-contre-apologie-et-incitation","status":"publish","type":"post","link":"http:\/\/www.lecarrefourdesopinions.ca\/?p=4156","title":{"rendered":"Avis et Pr\u00e9f\u00e9rence contre Apologie et Incitation"},"content":{"rendered":"<p><strong>Avis et Pr\u00e9f\u00e9rence contre Apologie et Incitation<\/strong><\/p>\n<p><strong> <\/strong><\/p>\n<p><img loading=\"lazy\" decoding=\"async\" class=\"alignleft size-thumbnail wp-image-4158\" title=\"photo \u00c9ric Nogard\" src=\"http:\/\/www.lecarrefourdesopinions.ca\/wp-content\/uploads\/2010\/12\/photo-\u00c9ric-Nogard10-134x107.jpg\" alt=\"\" width=\"134\" height=\"107\" \/> <em><span style=\"color: #800000;\">Eric E.G. NOGARD <\/span><\/em><strong> <\/strong><\/p>\n<p style=\"text-align: justify;\">Il est des circonstances o\u00f9 manquer de culture et de savoir se ressent avec douleur comme se ressent avec consternation la constatation de maladie de carence.<\/p>\n<p style=\"text-align: justify;\">\n<p style=\"text-align: justify;\">Ainsi, comment distinguer entre donner son avis, son humble avis et faire l\u2019Apologie de quoi que ce soit, de qui que ce soit, de quelque fa\u00e7on que ce soit et o\u00f9 que ce soit.<\/p>\n<p style=\"text-align: justify;\">Peut-\u00eatre un Philosophe, peut-\u00eatre un Sociologue, peut-\u00eatre un sage (tout simplement) pourrait en l\u2019occurrence se r\u00e9v\u00e9ler d\u2019un grand secours en la mati\u00e8re. M\u00eame, mieux que peut-\u00eatre, certainement\u2026 absolument.<\/p>\n<p style=\"text-align: justify;\">H\u00e9las, quel Philosophe, quel Sociologue, quel Sage voudrait y consentir, vu le cas qui nous pr\u00e9occupe au plus haut point.<\/p>\n<p style=\"text-align: justify;\">En ceci, ne pourrait-on pas dire que, tel le Gendarme de la chansonnette, le Philosophe, le Sociologue et le Sage ne sont jamais l\u00e0, quand on les y attend\u2026<\/p>\n<p style=\"text-align: justify;\">\n<p style=\"text-align: justify;\">De m\u00eame, comment distinguer entre Exprimer une Pr\u00e9f\u00e9rence \u00e0 titre strictement Personnel et Faire un Incitation, \u00e0 Inciter \u00e0 Faire, \u00e0 Pousser \u00e0 Faire\u2026 Inciter qui, pousser qui, \u00e0 faire quoi et, pourquoi, et pour quoi, pour quel profit\u2026<\/p>\n<p style=\"text-align: justify;\">La encore la Voix d\u2019un Philosophe serait bonne \u00e0 entendre, la Voix d\u2019un Sociologue serait tr\u00e8s opportune et la Voix d\u2019un Sage serait fort appr\u00e9ci\u00e9e\u2026 Comme celle d\u2019un Dictionnaire, d\u2019un d\u2019ALEMBERT voire d\u2019un VAUGELAS, d\u2019un Acad\u00e9micien.<\/p>\n<p style=\"text-align: justify;\">De m\u00eame, h\u00e9las, quel Philosophe, quel sociologue, quel Sage se risquerait \u00e0 Lib\u00e9rer sa Voix dans un tel Champ de Mines qu\u2019une MOB de Fanatiques sourds, aveugles, pr\u00eats \u00e0 tout casser. Une MOB en D\u00e9lire, au bord de la Transe, voulant imposer sa Rule.<\/p>\n<p style=\"text-align: justify;\">Une MOB d\u00e9cha\u00een\u00e9e, ignorante de l\u2019Apocalypse \u00e0 laquelle elle s\u2019expose.<\/p>\n<p style=\"text-align: justify;\">\n<p style=\"text-align: justify;\">Manquer de Culture, manquer de Savoir, manquer de Philosophe, Manquer de Sage\u2026<\/p>\n<p style=\"text-align: justify;\">Autant dire manquer d\u2019eau, manquer de pain, manquer de lumi\u00e8re, manquer de Paix.<\/p>\n<p style=\"text-align: justify;\">Autant se dire abandonn\u00e9, perdu, \u00e0 moins qu\u2019un Juge n\u2019apparaisse et se prononce au point qu\u2019on se dise au plus profond de soi-m\u00eame\u00a0:<\/p>\n<p style=\"text-align: justify;\">\n<p style=\"text-align: justify;\">\u00ab\u00a0Merci Bon Dieu, tu ne m\u2019as pas abandonn\u00e9\u00a0\u00bb.<\/p>\n<p style=\"text-align: justify;\">\n<p style=\"text-align: justify;\">Avis et pr\u00e9f\u00e9rence\u2026 Apologie et incitation\u2026 sans rien consid\u00e9rer d\u2019autre.<\/p>\n<p style=\"text-align: justify;\">\n<p style=\"text-align: justify;\"><strong><span style=\"text-decoration: underline;\">De l\u2019Avis.<\/span><\/strong><\/p>\n<p style=\"text-align: justify;\">\n<p style=\"text-align: justify;\">Dans la mesure o\u00f9 un avis peut \u00eatre\u00a0:<\/p>\n<p style=\"text-align: justify;\">\n<ul style=\"text-align: justify;\">\n<li>Un point de vue intime, personnel.<\/li>\n<li>Une annonce publique.<\/li>\n<li>Une opinion expos\u00e9e officiellement par un Organisme Consult\u00e9.<\/li>\n<\/ul>\n<p style=\"text-align: justify;\">\n<p style=\"text-align: justify;\">Quelle d\u00e9finition convient le mieux aux Crimes reproch\u00e9s \u00e0 Monsieur Alain HUYGUES-DESPOINTES.<\/p>\n<p style=\"text-align: justify;\">\n<p style=\"text-align: justify;\"><strong><span style=\"text-decoration: underline;\">De la Pr\u00e9f\u00e9rence.<\/span><\/strong><\/p>\n<p style=\"text-align: justify;\">\n<p style=\"text-align: justify;\">Dans la mesure o\u00f9, avoir une Pr\u00e9f\u00e9rence c\u2019est pr\u00e9f\u00e9rer, c\u2019est aimer mieux.<\/p>\n<p style=\"text-align: justify;\">\n<ul style=\"text-align: justify;\">\n<li>Quel Crime y a-t-il \u00e0 aimer mieux.<\/li>\n<li>Qui n\u2019a jamais dit j\u2019aime mieux le lait au caf\u00e9 ou le caf\u00e9 au lait.<\/li>\n<li>Quel Crime y a-t-il \u00e0 Pr\u00e9f\u00e9rer.<\/li>\n<\/ul>\n<p style=\"text-align: justify;\">\n<p style=\"text-align: justify;\">D\u2019ailleurs, Pr\u00e9f\u00e9rer d\u00e9pend-il de soi, au Philosophe de le dire.<\/p>\n<p style=\"text-align: justify;\">Quel Humaniste n\u2019a exprim\u00e9 une Pr\u00e9f\u00e9rence, s\u2019en est-il senti coupable, m\u00eame s\u2019il l\u2019a pay\u00e9 du pilori, de la Croix, du Bucher.<\/p>\n<p style=\"text-align: justify;\">\n<p style=\"text-align: justify;\">Reste qu\u2019\u00e0 cet \u00e9gard, aujourd\u2019hui, nous nous disons Civilis\u00e9s.<\/p>\n<p style=\"text-align: justify;\">\n<p style=\"text-align: justify;\"><strong><span style=\"text-decoration: underline;\">De l\u2019Apologie.<\/span><\/strong><\/p>\n<p style=\"text-align: justify;\">\n<p style=\"text-align: justify;\">L\u2019Apologie consistant en un discours ou, en un \u00e9crit au public, ou en public pour la d\u00e9fense ou l\u2019\u00e9loge de quelqu\u2019un ou de quelque chose.<\/p>\n<p style=\"text-align: justify;\">L\u2019Apologie est-elle \u00e9tablie et peut-elle \u00eatre retenue d\u00e8s lors qu\u2019il n\u2019est prouv\u00e9 ni discours en public, ni \u00e9crit au public de la part d\u2019un pr\u00e9venu d\u2019Apologie.<\/p>\n<p style=\"text-align: justify;\">\n<p style=\"text-align: justify;\">S\u2019il en \u00e9tait ainsi, quelle \u00ab\u00a0TOUR\u00a0\u00bb ne devrait prendre garde \u00e0 elle, car nous en serions au MOYEN \u00c2GE.<\/p>\n<p style=\"text-align: justify;\">\n<p style=\"text-align: justify;\"><strong><span style=\"text-decoration: underline;\">De l\u2019Incitation.<\/span><\/strong><\/p>\n<p style=\"text-align: justify;\">\n<p style=\"text-align: justify;\">Inciter, c\u2019est encourager, inviter, pousser quelqu\u2019un \u00e0 faire ou \u00e0 dire quelque chose.<\/p>\n<p style=\"text-align: justify;\">\n<p style=\"text-align: justify;\">En quoi Monsieur Alain HUYGUES-DESPOINTES a-t-il invit\u00e9, encourag\u00e9, pouss\u00e9 qui que ce soit \u00e0 faire ou \u00e0 dire quoi que ce soit.<\/p>\n<p style=\"text-align: justify;\">\n<p style=\"text-align: justify;\">Seul pourrait y r\u00e9pondre le Journaliste coupable et responsable du reportage sur CANAL +, au risque de provoquer la guerre civile.<\/p>\n<p style=\"text-align: justify;\">\n<p style=\"text-align: justify;\">Ce Journaliste n\u2019a pas \u00e9t\u00e9 appel\u00e9 a T\u00e9moigner.<\/p>\n<p style=\"text-align: justify;\">Sa hi\u00e9rarchie ne semble pas s\u2019en \u00eatre \u00e9mue.<\/p>\n<p style=\"text-align: justify;\">L\u2019Ordre de sa Profession ne semble pas s\u2019en \u00eatre souci\u00e9.<\/p>\n<p style=\"text-align: justify;\">Sa conscience ne semble pas l\u2019avoir interpell\u00e9.<\/p>\n<p style=\"text-align: justify;\">A ce jour il n\u2019a pas r\u00e9pondu \u00e0 notre indignation.<\/p>\n<p style=\"text-align: justify;\">\n<p style=\"text-align: justify;\"><em><strong>Rappelant que tout Tort Public r\u00e9clame REPARATION PUBLIQUE, nous accusons ce Journaliste de tout le mal fait par sa faute \u00e0 Monsieur Alain HUYGUES-DESPOINTES.<\/strong><\/em><\/p>\n<p><strong><span style=\"text-decoration: underline;\">Liens Sugg\u00e9r\u00e9s\u00a0:<\/span><\/strong><\/p>\n<ul>\n<li><a href=\"http:\/\/www.lescrutateur.com\/\">http:\/\/www.lescrutateur.com\/<\/a><\/li>\n<li><a href=\"http:\/\/www.etatsgenerauxdeloutremer.fr\/reflexions\">http:\/\/www.etatsgenerauxdeloutremer.fr\/reflexions<\/a><\/li>\n<\/ul>\n<p style=\"text-align: justify;\"><img loading=\"lazy\" decoding=\"async\" class=\"alignleft size-full wp-image-4157\" title=\"billets de banque de collection\" src=\"http:\/\/www.lecarrefourdesopinions.ca\/wp-content\/uploads\/2010\/12\/billets-de-banque-de-collection10.jpg\" alt=\"\" width=\"596\" height=\"328\" srcset=\"http:\/\/www.lecarrefourdesopinions.ca\/wp-content\/uploads\/2010\/12\/billets-de-banque-de-collection10.jpg 596w, http:\/\/www.lecarrefourdesopinions.ca\/wp-content\/uploads\/2010\/12\/billets-de-banque-de-collection10-300x165.jpg 300w, http:\/\/www.lecarrefourdesopinions.ca\/wp-content\/uploads\/2010\/12\/billets-de-banque-de-collection10-400x220.jpg 400w\" sizes=\"auto, (max-width: 596px) 100vw, 596px\" \/><\/p>\n<p style=\"text-align: justify;\">\n<p style=\"text-align: justify;\">\n<p style=\"text-align: justify;\">\n<p style=\"text-align: justify;\">\n<p style=\"text-align: justify;\">\n<p style=\"text-align: justify;\">\n<p style=\"text-align: justify;\">\n<p style=\"text-align: justify;\">\n<p style=\"text-align: justify;\">\n<p style=\"text-align: justify;\">\n<p style=\"text-align: justify;\"><img loading=\"lazy\" decoding=\"async\" class=\"alignleft size-full wp-image-4426\" title=\"au l\u00e8che doigts\" src=\"http:\/\/www.lecarrefourdesopinions.ca\/wp-content\/uploads\/2011\/02\/au-l\u00e8che-doigts1.jpg\" alt=\"\" width=\"554\" height=\"252\" srcset=\"http:\/\/www.lecarrefourdesopinions.ca\/wp-content\/uploads\/2011\/02\/au-l\u00e8che-doigts1.jpg 554w, http:\/\/www.lecarrefourdesopinions.ca\/wp-content\/uploads\/2011\/02\/au-l\u00e8che-doigts1-300x136.jpg 300w, http:\/\/www.lecarrefourdesopinions.ca\/wp-content\/uploads\/2011\/02\/au-l\u00e8che-doigts1-400x181.jpg 400w\" sizes=\"auto, (max-width: 554px) 100vw, 554px\" \/><\/p>\n<script type=\"text\/javascript\">\n\nvar addthis_config = {\"data_track_clickback\":false,\"data_track_addressbar\":false,\"data_track_textcopy\":false};\n<\/script><script type=\"text\/javascript\" src=\"\/\/s7.addthis.com\/js\/250\/addthis_widget.js#pubid=a457a6d63fb9e6ccabdde4110343bd85\"><\/script>","protected":false},"excerpt":{"rendered":"<p>Avis et Pr\u00e9f\u00e9rence contre Apologie et Incitation<\/p>\n<\/p>\n<p> <span style=\"color: #800000;\">Eric E.G. NOGARD <\/span> <\/p>\n<p style=\"text-align: justify;\">Il est des circonstances o\u00f9 manquer de culture et de savoir se ressent avec douleur comme se ressent avec consternation la constatation de maladie de carence.<\/p>\n<p style=\"text-align: justify;\">\n<p style=\"text-align: justify;\">Ainsi, &hellip;<\/p>\n","protected":false},"author":1,"featured_media":0,"comment_status":"open","ping_status":"open","sticky":false,"template":"","format":"standard","meta":{"footnotes":""},"categories":[1],"tags":[],"class_list":["post-4156","post","type-post","status-publish","format-standard","hentry","category-accueil"],"_links":{"self":[{"href":"http:\/\/www.lecarrefourdesopinions.ca\/index.php?rest_route=\/wp\/v2\/posts\/4156","targetHints":{"allow":["GET"]}}],"collection":[{"href":"http:\/\/www.lecarrefourdesopinions.ca\/index.php?rest_route=\/wp\/v2\/posts"}],"about":[{"href":"http:\/\/www.lecarrefourdesopinions.ca\/index.php?rest_route=\/wp\/v2\/types\/post"}],"author":[{"embeddable":true,"href":"http:\/\/www.lecarrefourdesopinions.ca\/index.php?rest_route=\/wp\/v2\/users\/1"}],"replies":[{"embeddable":true,"href":"http:\/\/www.lecarrefourdesopinions.ca\/index.php?rest_route=%2Fwp%2Fv2%2Fcomments&post=4156"}],"version-history":[{"count":5,"href":"http:\/\/www.lecarrefourdesopinions.ca\/index.php?rest_route=\/wp\/v2\/posts\/4156\/revisions"}],"predecessor-version":[{"id":4702,"href":"http:\/\/www.lecarrefourdesopinions.ca\/index.php?rest_route=\/wp\/v2\/posts\/4156\/revisions\/4702"}],"wp:attachment":[{"href":"http:\/\/www.lecarrefourdesopinions.ca\/index.php?rest_route=%2Fwp%2Fv2%2Fmedia&parent=4156"}],"wp:term":[{"taxonomy":"category","embeddable":true,"href":"http:\/\/www.lecarrefourdesopinions.ca\/index.php?rest_route=%2Fwp%2Fv2%2Fcategories&post=4156"},{"taxonomy":"post_tag","embeddable":true,"href":"http:\/\/www.lecarrefourdesopinions.ca\/index.php?rest_route=%2Fwp%2Fv2%2Ftags&post=4156"}],"curies":[{"name":"wp","href":"https:\/\/api.w.org\/{rel}","templated":true}]}}