{"id":3956,"date":"2010-12-08T21:50:05","date_gmt":"2010-12-09T02:50:05","guid":{"rendered":"http:\/\/www.lecarrefourdesopinions.ca\/?p=3956"},"modified":"2011-11-10T10:59:27","modified_gmt":"2011-11-10T15:59:27","slug":"ester-oui%e2%80%a6","status":"publish","type":"post","link":"http:\/\/www.lecarrefourdesopinions.ca\/?p=3956","title":{"rendered":"ESTER, OUI\u2026"},"content":{"rendered":"<p><strong>ESTER, OUI\u2026 Dans quelles limites\u00a0?..<\/strong><\/p>\n<p><strong><em><img loading=\"lazy\" decoding=\"async\" class=\"alignleft size-thumbnail wp-image-3957\" title=\"photo \u00c9ric Nogard\" src=\"http:\/\/www.lecarrefourdesopinions.ca\/wp-content\/uploads\/2010\/12\/photo-\u00c9ric-Nogard4-134x107.jpg\" alt=\"\" width=\"134\" height=\"107\" \/> par Eric Nogard <\/em><\/strong><strong> <\/strong><\/p>\n<p><strong>Peut-on Ester en Attaque de fa\u00e7on inconditionnelle et partisane quand on Pr\u00e9side une Association Fran\u00e7aise de type Loi 1901, donc subventionn\u00e9e par les Deniers Publics. Telle est la question soumise \u00e0 l\u2019Opinion Universelle (O.U.).<em> <\/em><\/strong><strong><em>Eric E.G.NOGARD.<\/em><\/strong><\/p>\n<p style=\"text-align: justify;\">Le Pr\u00e9sident de toute association Fran\u00e7aise de type 1901 se d\u00e9p\u00eache g\u00e9n\u00e9ralement de se faire investir du Droit d\u2019Ester en Justice au nom de tous ceux qu\u2019il Pr\u00e9side.<\/p>\n<p style=\"text-align: justify;\">\n<p style=\"text-align: justify;\">Droit d\u2019Ester en Attaque, Droit d\u2019Ester en D\u00e9fense.<\/p>\n<p style=\"text-align: justify;\">\n<p style=\"text-align: justify;\">Deux droits qui n\u2019en font qu\u2019un \u2013 peut \u00eatre \u2013 mais ne conviendrait-il pas de les distinguer l\u2019un et l\u2019autre.<\/p>\n<p style=\"text-align: justify;\">\n<p style=\"text-align: justify;\">Ne conviendrait-il pas de veiller de fa\u00e7on vigilante \u00e0 la mise en place de garde-fous qui pr\u00e9viennent la tentation par le d\u00e9tenteur d\u2019un droit aussi consid\u00e9rable\u00a0:<\/p>\n<p style=\"text-align: justify;\">\n<ul style=\"text-align: justify;\">\n<li>D\u2019en faire un blanc-seing, ce qui serait exhorbitant.<\/li>\n<li>De faire usage \u00e0 sa fantaisie, ce qui serait un comble.<\/li>\n<\/ul>\n<p style=\"text-align: justify;\">\n<p style=\"text-align: justify;\"><strong><em><span style=\"text-decoration: underline;\">Le Droit d\u2019Ester en D\u00e9fense.<\/span><\/em><\/strong><\/p>\n<p style=\"text-align: justify;\">\n<p style=\"text-align: justify;\">Que le Pr\u00e9sident d\u2019une Association de Type 1901 repr\u00e9sente ses soci\u00e9taires comme l\u2019Association qu\u2019il Pr\u00e9side, cela peut se concevoir, mais pas de fa\u00e7on inconditionnelle.<\/p>\n<p style=\"text-align: justify;\">\n<ul style=\"text-align: justify;\">\n<li>Les Avocats existent et ils sont l\u00e0 pour cela.<\/li>\n<\/ul>\n<p style=\"text-align: justify;\">\n<ul style=\"text-align: justify;\">\n<li>Les Assembl\u00e9es g\u00e9n\u00e9rales sont possibles et elles doivent en d\u00e9battre au cas par cas et, dans les cas banaux, le Conseil d\u2019Administration.<\/li>\n<\/ul>\n<p style=\"text-align: justify;\">\n<p style=\"text-align: justify;\">Mais nous n\u2019avons pas dans notre Collimateur le Droit d\u2019Ester en D\u00e9fense.<\/p>\n<p style=\"text-align: justify;\">\n<p style=\"text-align: justify;\"><strong><em><span style=\"text-decoration: underline;\">Le Droit d\u2019Ester en Attaque.<\/span><\/em><\/strong><\/p>\n<p style=\"text-align: justify;\">\n<p style=\"text-align: justify;\">Le Droit d\u2019Ester en Attaque, autrement dit, le Droit de Traduire, le Droit de Poursuivre en Justice une Personne qu\u2019elle soit Physique (un individu), qu\u2019elle soit Morale (un Club).<\/p>\n<p style=\"text-align: justify;\">\n<p style=\"text-align: justify;\">C\u2019est ce Droit qui nous pr\u00e9occupe au plus haut point, tellement il peut faire de son d\u00e9tenteur une b\u00eate dangereuse, une b\u00eate redoutable, une b\u00eate malfaisante au plus haut point, surtout lorsqu\u2019en plus elle dispose des Deniers Publics voire Priv\u00e9s, c&rsquo;est-\u00e0-dire de l\u2019argent de tout un chacun.<\/p>\n<p style=\"text-align: justify;\">\n<p style=\"text-align: justify;\"><strong><em>Ce droit<\/em><\/strong> <strong><em>est-il le m\u00eame, c\u2019est-\u00e0-dire conf\u00e9r\u00e9 de fa\u00e7on aussi inconditionnelle, qu\u2019il s\u2019agisse\u00a0:<\/em><\/strong><\/p>\n<p style=\"text-align: justify;\">\n<p style=\"text-align: justify;\">&#8211;\u00a0\u00a0\u00a0\u00a0\u00a0\u00a0\u00a0 D\u2019une action devant le Tribunal de Simple Police\u00a0;<\/p>\n<p style=\"text-align: justify;\">&#8211;\u00a0\u00a0\u00a0\u00a0\u00a0\u00a0\u00a0 D\u2019une action devant le Tribunal de Premi\u00e8re Instance\u00a0;<\/p>\n<p style=\"text-align: justify;\">&#8211;\u00a0\u00a0\u00a0\u00a0\u00a0\u00a0\u00a0 D\u2019une action devant le Tribunal de Grande Instance.<\/p>\n<p style=\"text-align: justify;\">\n<p style=\"text-align: justify;\"><strong><em>Ce droit est-il le m\u00eame et doit-il l\u2019\u00eatre, selon qu\u2019il s\u2019agisse\u00a0:<\/em><\/strong><\/p>\n<p style=\"text-align: justify;\">&#8211;\u00a0\u00a0\u00a0\u00a0\u00a0\u00a0\u00a0 D\u2019une affaire civile\u00a0;<\/p>\n<p style=\"text-align: justify;\">&#8211;\u00a0\u00a0\u00a0\u00a0\u00a0\u00a0\u00a0 D\u2019une affaire sociale\u00a0;<\/p>\n<p style=\"text-align: justify;\">&#8211;\u00a0\u00a0\u00a0\u00a0\u00a0\u00a0\u00a0 D\u2019une affaire P\u00e9nale.<\/p>\n<p style=\"text-align: justify;\"><strong><em>Ce Droit, doit-il s\u2019exercer \u00e0 tous les cas d\u2019esp\u00e8ce similaire ou alors, selon un \u00e9chantillonnage au sein d\u2019une m\u00eame esp\u00e8ce, voire selon celui ou celle \u00e0 qui grief pourrait-\u00eatre fait.<\/em><\/strong><\/p>\n<p style=\"text-align: justify;\">Par exemple, y-a-t-il vol d\u00e8s lors qu\u2019on vous prend votre voiture \u00e0 votre insu, ou n\u2019y-a-t-il vol que selon que le preneur ind\u00e9licat soit un Chinois et pas un Indien ou un Indien et pas un Chinois.<\/p>\n<p style=\"text-align: justify;\">\n<p style=\"text-align: justify;\">Y aurait-il vol ou pas selon qu\u2019on aurait pris la voiture d\u2019un Indien et pas celle d\u2019un Chinois, ou l\u2019inverse.<\/p>\n<p style=\"text-align: justify;\">\n<p style=\"text-align: justify;\">Bref, y aurait-il deux poids et deux mesures en ce chapitre.<\/p>\n<p style=\"text-align: justify;\"><strong><em>Ce Droit, doit-il \u00eatre un Blanc-seing ou doit-il \u00eatre d\u00e9l\u00e9gu\u00e9, selon sa qualification et son degr\u00e9 de gravit\u00e9\u00a0:<\/em><\/strong><\/p>\n<p style=\"text-align: justify;\">\n<p style=\"text-align: justify;\">&#8211;\u00a0\u00a0\u00a0\u00a0\u00a0\u00a0\u00a0 Par le Conseil d\u2019Administration\u00a0;<\/p>\n<p style=\"text-align: justify;\">&#8211;\u00a0\u00a0\u00a0\u00a0\u00a0\u00a0\u00a0 Par l\u2019assembl\u00e9e G\u00e9n\u00e9rale\u00a0;<\/p>\n<p style=\"text-align: justify;\">&#8211;\u00a0\u00a0\u00a0\u00a0\u00a0\u00a0\u00a0 Par l\u2019Assembl\u00e9e G\u00e9n\u00e9rale Extraordinaire.<\/p>\n<p style=\"text-align: justify;\">Autant de garde-fous qui devraient donner \u00e0 r\u00e9fl\u00e9chir\u2026 pour \u00e9viter d\u2019avoir \u00e0 regretter\u00a0; \u2026 ou d\u2019avoir \u00e0 Rougir.<\/p>\n<p style=\"text-align: justify;\"><span style=\"text-decoration: underline;\">En pi\u00e8ce jointe ci-dessous<\/span>, une Communication \u00e0 S.O.S. Racisme en date du 17 D\u00e9cembre 2009, sous le Titre de \u00ab\u00a0 A S.O.S. Racisme\u00a0! Ce mot de Rapha\u00ebl CONFIANT\u00a0\u00bb paru sur Google lien\u00a0 <a href=\"http:\/\/www.lescrutateur.com\/article-a-sos-racisme-par-eric-nogard--41518617.html\">http:\/\/www.lescrutateur.com\/article-a-sos-racisme-par-eric-nogard&#8211;41518617.html<\/a>, qui devrait aider \u00e0 comprendre notre pr\u00e9occupation.<\/p>\n<p style=\"text-align: justify;\">\n<p style=\"text-align: justify;\"><strong><a title=\"A SOS-Racisme, par Eric Nogard.\" href=\"http:\/\/www.lescrutateur.com\/article-a-sos-racisme-par-eric-nogard--41518617.html\">A SOS-Racisme, par Eric Nogard. <\/a><\/strong><\/p>\n<p style=\"text-align: justify;\"><strong><span style=\"text-decoration: underline;\">A SOS-Racisme.<\/span><\/strong> <\/p>\n<p><strong>Eric E.G. NOGARD, Courriel\u00a0: eric.nogard@orange.fr<\/strong><\/p>\n<p style=\"text-align: justify;\"><strong> NewsLetter\u00a0 2009\/164<\/strong><\/p>\n<p style=\"text-align: justify;\">Fort-de-France, le 17 D\u00e9cembre 2009<\/p>\n<p style=\"text-align: justify;\"><strong><span style=\"text-decoration: underline;\">S.O.S. Racisme\u00a0!\u00a0 Ce Mot de Rapha\u00ebl CONFIANT\u2026<\/span><\/strong><\/p>\n<p style=\"text-align: justify;\">Aurez-vous l\u2019obligeance de nous dire quelle est votre \u00ab\u00a0Lecture\u00a0\u00bb de ce mot de Rapha\u00ebl CONFIANT, Ecrivain Martiniquais, dans son Message du 17 D\u00e9cembre 2009, d\u2019apr\u00e8s la R\u00e9daction de \u00ab\u00a0Montray Kr\u00e9yol\u00a0\u00bb\u00a0:<\/p>\n<p style=\"text-align: justify;\">\n<p style=\"text-align: justify;\">\u00ab\u00a0 <strong>Quand \u00e0 vous, esclave domestique, un jour viendra o\u00f9 la Nation martiniquaise s\u2019occupera de votre sort et celui de vos cong\u00e9n\u00e8res\u2026\u00a0\u00bb<\/strong><\/p>\n<p style=\"text-align: justify;\">Quelles cons\u00e9quences comptez-vous en tirer, dans la mesure o\u00f9 les deniers Publics ne vous feraient pas d\u00e9faut et que, par voie de cons\u00e9quence, vous voil\u00e0 tenu envers tout Fran\u00e7ais, voire toute l\u2019Humanit\u00e9.<\/p>\n<p style=\"text-align: justify;\">\n<p style=\"text-align: justify;\"><em><strong> <\/strong><\/em> <em><strong>Liens Sugg\u00e9r\u00e9s\u00a0:<\/strong><\/em> <em><strong> <\/strong><\/em><\/p>\n<p style=\"text-align: justify;\">\u00b7\u00a0\u00a0\u00a0\u00a0\u00a0\u00a0\u00a0 <a href=\"http:\/\/www.lescrutateur.com\/\">http:\/\/www.lescrutateur.com\/<\/a><\/p>\n<p style=\"text-align: justify;\">\u00b7\u00a0\u00a0\u00a0\u00a0\u00a0\u00a0\u00a0 ( <a href=\"http:\/\/www.lescrutateur.com\/ext\/http:\/www.etatsgenerauxdeloutremer.fr\/reflexions\">http:\/\/www.etatsgenerauxdeloutremer.fr\/reflexions<\/a> )<\/p>\n<p style=\"text-align: justify;\">\u00b7\u00a0\u00a0\u00a0\u00a0\u00a0\u00a0\u00a0 <a href=\"http:\/\/www.lescrutateur.com\/ext\/http:\/tatun.unblog.fr\/\">http:\/\/tatun.unblog.fr\/<\/a><\/p>\n<p style=\"text-align: justify;\"><a href=\"http:\/\/www.lescrutateur.com\/ext\/http:\/indiscretions.over-blog.fr\/\">http:\/\/indiscretions.over-blog.fr\/<\/a><\/p>\n<p style=\"text-align: justify;\"><a href=\"http:\/\/www.lescrutateur.com\/ext\/http:\/www.lecarrefourdesopinions.ca\/\">http:\/\/www.lecarrefourdesopinions.ca<\/a><\/p>\n<p style=\"text-align: justify;\"><img loading=\"lazy\" decoding=\"async\" class=\"alignleft size-full wp-image-3958\" title=\"billets de banque de collection\" src=\"http:\/\/www.lecarrefourdesopinions.ca\/wp-content\/uploads\/2010\/12\/billets-de-banque-de-collection4.jpg\" alt=\"\" width=\"459\" height=\"253\" srcset=\"http:\/\/www.lecarrefourdesopinions.ca\/wp-content\/uploads\/2010\/12\/billets-de-banque-de-collection4.jpg 459w, http:\/\/www.lecarrefourdesopinions.ca\/wp-content\/uploads\/2010\/12\/billets-de-banque-de-collection4-300x165.jpg 300w, http:\/\/www.lecarrefourdesopinions.ca\/wp-content\/uploads\/2010\/12\/billets-de-banque-de-collection4-400x220.jpg 400w\" sizes=\"auto, (max-width: 459px) 100vw, 459px\" \/><\/p>\n<script type=\"text\/javascript\">\n\nvar addthis_config = {\"data_track_clickback\":false,\"data_track_addressbar\":false,\"data_track_textcopy\":false};\n<\/script><script type=\"text\/javascript\" src=\"\/\/s7.addthis.com\/js\/250\/addthis_widget.js#pubid=a457a6d63fb9e6ccabdde4110343bd85\"><\/script>","protected":false},"excerpt":{"rendered":"<p>ESTER, OUI\u2026 Dans quelles limites\u00a0?..<\/p>\n<p> par Eric Nogard  <\/p>\n<p>Peut-on Ester en Attaque de fa\u00e7on inconditionnelle et partisane quand on Pr\u00e9side une Association Fran\u00e7aise de type Loi 1901, donc subventionn\u00e9e par les Deniers Publics. Telle est la &hellip;<\/p>\n","protected":false},"author":1,"featured_media":0,"comment_status":"open","ping_status":"open","sticky":false,"template":"","format":"standard","meta":{"footnotes":""},"categories":[8],"tags":[],"class_list":["post-3956","post","type-post","status-publish","format-standard","hentry","category-reserve"],"_links":{"self":[{"href":"http:\/\/www.lecarrefourdesopinions.ca\/index.php?rest_route=\/wp\/v2\/posts\/3956","targetHints":{"allow":["GET"]}}],"collection":[{"href":"http:\/\/www.lecarrefourdesopinions.ca\/index.php?rest_route=\/wp\/v2\/posts"}],"about":[{"href":"http:\/\/www.lecarrefourdesopinions.ca\/index.php?rest_route=\/wp\/v2\/types\/post"}],"author":[{"embeddable":true,"href":"http:\/\/www.lecarrefourdesopinions.ca\/index.php?rest_route=\/wp\/v2\/users\/1"}],"replies":[{"embeddable":true,"href":"http:\/\/www.lecarrefourdesopinions.ca\/index.php?rest_route=%2Fwp%2Fv2%2Fcomments&post=3956"}],"version-history":[{"count":3,"href":"http:\/\/www.lecarrefourdesopinions.ca\/index.php?rest_route=\/wp\/v2\/posts\/3956\/revisions"}],"predecessor-version":[{"id":7169,"href":"http:\/\/www.lecarrefourdesopinions.ca\/index.php?rest_route=\/wp\/v2\/posts\/3956\/revisions\/7169"}],"wp:attachment":[{"href":"http:\/\/www.lecarrefourdesopinions.ca\/index.php?rest_route=%2Fwp%2Fv2%2Fmedia&parent=3956"}],"wp:term":[{"taxonomy":"category","embeddable":true,"href":"http:\/\/www.lecarrefourdesopinions.ca\/index.php?rest_route=%2Fwp%2Fv2%2Fcategories&post=3956"},{"taxonomy":"post_tag","embeddable":true,"href":"http:\/\/www.lecarrefourdesopinions.ca\/index.php?rest_route=%2Fwp%2Fv2%2Ftags&post=3956"}],"curies":[{"name":"wp","href":"https:\/\/api.w.org\/{rel}","templated":true}]}}