{"id":3925,"date":"2015-08-18T19:20:55","date_gmt":"2015-08-18T23:20:55","guid":{"rendered":"http:\/\/www.lecarrefourdesopinions.ca\/?p=3925"},"modified":"2015-08-18T19:29:49","modified_gmt":"2015-08-18T23:29:49","slug":"se-plaindre-est-une-chose","status":"publish","type":"post","link":"http:\/\/www.lecarrefourdesopinions.ca\/?p=3925","title":{"rendered":"Se plaindre est une chose !.."},"content":{"rendered":"<p>\u00a0 \u00a0\u00a0\u00a0\u00a0\u00a0\u00a0\u00a0\u00a0\u00a0\u00a0\u00a0\u00a0\u00a0\u00a0\u00a0\u00a0\u00a0\u00a0\u00a0\u00a0\u00a0\u00a0\u00a0\u00a0\u00a0\u00a0\u00a0\u00a0\u00a0\u00a0\u00a0\u00a0 \u00a0<strong>Se plaindre est une chose\u00a0!..<\/strong><\/p>\n<p><em><img loading=\"lazy\" decoding=\"async\" class=\"alignleft size-thumbnail wp-image-3927\" title=\"photo \u00c9ric Nogard\" src=\"http:\/\/www.lecarrefourdesopinions.ca\/wp-content\/uploads\/2010\/12\/photo-\u00c9ric-Nogard3-134x107.jpg\" alt=\"\" width=\"134\" height=\"107\" \/>\u00a0\u00a0\u00a0\u00a0\u00a0<span style=\"color: #800000;\">Par Eric Nogard\u00a0\u00a0\u00a0 <\/span><\/em><\/p>\n<p>&nbsp;<\/p>\n<p style=\"text-align: justify;\">Se plaindre est une chose dont chacun sait qu\u2019elle est du dernier banal.<\/p>\n<p style=\"text-align: justify;\">\n<p style=\"text-align: justify;\">Sit\u00f4t parvenu en \u00e2ge de le faire, chacun s\u2019est plaint de quelque chose, \u00e0 tort ou \u00e0 raison, innocemment ou pas, en toute bonne foi ou par malice, voire par m\u00e9chancet\u00e9.<\/p>\n<p style=\"text-align: justify;\">\n<p style=\"text-align: justify;\">Qui, quel parent, quel particulier, quel m\u00e9decin, quel Juge, quel coll\u00e8gue, quel dirigeant n\u2019a jamais recueilli une plainte ou n\u2019en a jamais prof\u00e9r\u00e9 une.<\/p>\n<p style=\"text-align: justify;\">\n<p style=\"text-align: justify;\">Une plainte de celui-ci, de celle-l\u00e0, pour ceci, pour cela, de ceci, de cela, de n\u2019importe quoi, par n\u2019importe qui.<\/p>\n<p style=\"text-align: justify;\">\n<p style=\"text-align: justify;\">Au point qu\u2019on puisse affirmer que se plaindre est un besoin vital chez cet \u00e9trange animal qu\u2019est l\u2019\u00eatre humain.<\/p>\n<p style=\"text-align: justify;\">\n<p style=\"text-align: justify;\">Dieu merci, \u00e0 moins d\u2019avoir perdu la raison ou d\u2019\u00eatre sur le point de la perdre, on ne se plaint pas dans le d\u00e9sert\u2026 ni d\u2019ailleurs aux \u00e9toiles, \u00e0 moins d\u2019\u00eatre amoureux et pour avoir le c\u0153ur bien malheureux\u2026<\/p>\n<p style=\"text-align: justify;\">\n<p style=\"text-align: justify;\">Mais, si se plaindre est une chose,<\/p>\n<p style=\"text-align: justify;\">Se plaindre \u00e0 bon escient en est une autre.<\/p>\n<p style=\"text-align: justify;\">\n<p style=\"text-align: justify;\">D\u00e8s lors,<\/p>\n<p style=\"text-align: justify;\">\n<ul style=\"text-align: justify;\">\n<li>Quel reproche faire \u00e0 un plaignant dans la mesure o\u00f9 se plaindre est chose naturelle.<\/li>\n<\/ul>\n<p style=\"text-align: justify;\">\n<ul style=\"text-align: justify;\">\n<li>En va-t-il de m\u00eame, s\u2019agissant de l\u2019oreille qui recueille une plainte\u00a0?<\/li>\n<\/ul>\n<p style=\"text-align: justify;\">\n<p style=\"text-align: justify;\">Pas du tout\u2026 pas du tout\u2026 car ce serait le comble\u00a0!..<\/p>\n<p style=\"text-align: justify;\">Surtout quand on est investi de l\u2019autorit\u00e9 parentale.<\/p>\n<p style=\"text-align: justify;\">Surtout quand on a fait serment \u00e0 Hippocrate.<\/p>\n<p style=\"text-align: justify;\">Surtout quand on est Juge\u2026 car on est juge.<\/p>\n<p style=\"text-align: justify;\">\n<p style=\"text-align: justify;\">Un parent, un arbitre, un m\u00e9decin, un Juge doivent appr\u00e9cier en leur \u00e2me et conscience,<\/p>\n<p style=\"text-align: justify;\">Puis rendre leur d\u00e9cision, leur arbitrage, leur diagnostic ou leur verdict,<\/p>\n<p style=\"text-align: justify;\">De fa\u00e7on souveraine, ce que comprend fort bien la LOI.<\/p>\n<p style=\"text-align: justify;\">\n<p style=\"text-align: justify;\">Ce que je comprends moi-m\u00eame qui ai la t\u00eate davantage mont\u00e9e en enclume qu\u2019en p\u00e2te \u00e0 modeler.<\/p>\n<p style=\"text-align: justify;\">\n<p style=\"text-align: justify;\">Et c\u2019est \u00e0 ce titre que j\u2019ose humblement poser la question de savoir\u00a0:<\/p>\n<p style=\"text-align: justify;\">\n<p style=\"text-align: justify;\">Si les nombreuses Associations qui ont eu \u00e0 se plaindre de Monsieur HUYGUES-DESPOINTES au point de le traduire en Justice pour\u00a0:<\/p>\n<p style=\"text-align: justify;\">\n<p style=\"text-align: justify;\">\u00ab\u00a0<em><strong>Incitation au Racisme et Apologie de Crime contre l\u2019Humanit\u00e9<\/strong><\/em>\u00a0\u00bb<\/p>\n<p style=\"text-align: justify;\">\n<p style=\"text-align: justify;\">Monsieur DESPOINTES ayant dit en priv\u00e9 \u00e0 un JOURNALISTE INDELICAT\u00a0:<\/p>\n<p style=\"text-align: justify;\">\n<p style=\"text-align: justify;\">\u00ab\u00a0Je n\u2019approuve pas le m\u00e9tissage, NEANMOINS, mes enfants et mes petits enfants \u00e9pousent qui ils veulent et j\u2019y consens\u00a0\u00bb.<\/p>\n<p style=\"text-align: justify;\">\n<p style=\"text-align: justify;\">Alors que ces m\u00eames Associations aux larmes de crocodile et aux grimaces de singe n\u2019ont vu aucune incitation au racisme ni aucune apologie de crime contre l\u2019humanit\u00e9 dans le\u00a0:<\/p>\n<p style=\"text-align: justify;\">\n<p style=\"text-align: justify;\">\u00ab\u00a0<strong>Le Pays est \u00e0 nous\u00a0! Foutons les B. dehors<\/strong>\u00a0\u00bb<\/p>\n<p style=\"text-align: justify;\">\n<p style=\"text-align: justify;\">Prof\u00e9r\u00e9 et hurl\u00e9 de part les rues et relay\u00e9 \u00e0 qui mieux-mieux par les MEDIAS dans leur fr\u00e9n\u00e9sie la plus grotesque.<\/p>\n<p style=\"text-align: justify;\">\n<p style=\"text-align: justify;\"><strong><span style=\"text-decoration: underline;\">D\u00e8s lors\u00a0:<\/span><\/strong><\/p>\n<p style=\"text-align: justify;\">En quoi peut-on reprocher \u00e0 l\u2019un son manque d\u2019inclination pour le croisement avec ceux qui manifestement et collectivement ont cri\u00e9 ne pas vouloir de lui NI de ses semblables.<\/p>\n<p style=\"text-align: justify;\">\n<p style=\"text-align: justify;\">Dans la mesure ou lesdites Associations ont trouv\u00e9 normal ce qu\u2019ont prof\u00e9r\u00e9 les uns, elles sont mal fond\u00e9es pour se plaindre de l\u2019inclination de qui que ce soit et doivent \u00eatre d\u00e9bout\u00e9es.<\/p>\n<p style=\"text-align: justify;\">\n<p style=\"text-align: justify;\">En Cons\u00e9quence, dans l\u2019Affaire Alain HUYGUES-DESPOINTES, Seul le NON LIEU peut se comprendre.<\/p>\n<p style=\"text-align: justify;\">\u00a0<img loading=\"lazy\" decoding=\"async\" class=\"alignleft size-full wp-image-3928\" title=\"billets de banque de collection\" src=\"http:\/\/www.lecarrefourdesopinions.ca\/wp-content\/uploads\/2010\/12\/billets-de-banque-de-collection3.jpg\" alt=\"\" width=\"459\" height=\"253\" srcset=\"http:\/\/www.lecarrefourdesopinions.ca\/wp-content\/uploads\/2010\/12\/billets-de-banque-de-collection3.jpg 459w, http:\/\/www.lecarrefourdesopinions.ca\/wp-content\/uploads\/2010\/12\/billets-de-banque-de-collection3-300x165.jpg 300w, http:\/\/www.lecarrefourdesopinions.ca\/wp-content\/uploads\/2010\/12\/billets-de-banque-de-collection3-400x220.jpg 400w\" sizes=\"auto, (max-width: 459px) 100vw, 459px\" \/><\/p>\n<script type=\"text\/javascript\">\n\nvar addthis_config = {\"data_track_clickback\":false,\"data_track_addressbar\":false,\"data_track_textcopy\":false};\n<\/script><script type=\"text\/javascript\" src=\"\/\/s7.addthis.com\/js\/250\/addthis_widget.js#pubid=a457a6d63fb9e6ccabdde4110343bd85\"><\/script>","protected":false},"excerpt":{"rendered":"<p>\u00a0 \u00a0\u00a0\u00a0\u00a0\u00a0\u00a0\u00a0\u00a0\u00a0\u00a0\u00a0\u00a0\u00a0\u00a0\u00a0\u00a0\u00a0\u00a0\u00a0\u00a0\u00a0\u00a0\u00a0\u00a0\u00a0\u00a0\u00a0\u00a0\u00a0\u00a0\u00a0\u00a0 \u00a0Se plaindre est une chose\u00a0!..<\/p>\n<p>\u00a0\u00a0\u00a0\u00a0\u00a0<span style=\"color: #800000;\">Par Eric Nogard\u00a0\u00a0\u00a0 <\/span><\/p>\n<p>&nbsp;<\/p>\n<p style=\"text-align: justify;\">Se plaindre est une chose dont chacun sait qu\u2019elle est du dernier banal.<\/p>\n<p style=\"text-align: justify;\">\n<p style=\"text-align: justify;\">Sit\u00f4t parvenu en \u00e2ge de le faire, chacun s\u2019est plaint de quelque chose, \u00e0 &hellip;<\/p>\n","protected":false},"author":1,"featured_media":0,"comment_status":"open","ping_status":"open","sticky":false,"template":"","format":"standard","meta":{"footnotes":""},"categories":[1],"tags":[],"class_list":["post-3925","post","type-post","status-publish","format-standard","hentry","category-accueil"],"_links":{"self":[{"href":"http:\/\/www.lecarrefourdesopinions.ca\/index.php?rest_route=\/wp\/v2\/posts\/3925","targetHints":{"allow":["GET"]}}],"collection":[{"href":"http:\/\/www.lecarrefourdesopinions.ca\/index.php?rest_route=\/wp\/v2\/posts"}],"about":[{"href":"http:\/\/www.lecarrefourdesopinions.ca\/index.php?rest_route=\/wp\/v2\/types\/post"}],"author":[{"embeddable":true,"href":"http:\/\/www.lecarrefourdesopinions.ca\/index.php?rest_route=\/wp\/v2\/users\/1"}],"replies":[{"embeddable":true,"href":"http:\/\/www.lecarrefourdesopinions.ca\/index.php?rest_route=%2Fwp%2Fv2%2Fcomments&post=3925"}],"version-history":[{"count":4,"href":"http:\/\/www.lecarrefourdesopinions.ca\/index.php?rest_route=\/wp\/v2\/posts\/3925\/revisions"}],"predecessor-version":[{"id":11707,"href":"http:\/\/www.lecarrefourdesopinions.ca\/index.php?rest_route=\/wp\/v2\/posts\/3925\/revisions\/11707"}],"wp:attachment":[{"href":"http:\/\/www.lecarrefourdesopinions.ca\/index.php?rest_route=%2Fwp%2Fv2%2Fmedia&parent=3925"}],"wp:term":[{"taxonomy":"category","embeddable":true,"href":"http:\/\/www.lecarrefourdesopinions.ca\/index.php?rest_route=%2Fwp%2Fv2%2Fcategories&post=3925"},{"taxonomy":"post_tag","embeddable":true,"href":"http:\/\/www.lecarrefourdesopinions.ca\/index.php?rest_route=%2Fwp%2Fv2%2Ftags&post=3925"}],"curies":[{"name":"wp","href":"https:\/\/api.w.org\/{rel}","templated":true}]}}