{"id":3740,"date":"2010-10-21T08:17:04","date_gmt":"2010-10-21T12:17:04","guid":{"rendered":"http:\/\/www.lecarrefourdesopinions.ca\/?p=3740"},"modified":"2011-11-09T14:08:25","modified_gmt":"2011-11-09T19:08:25","slug":"coeur-vaillant","status":"publish","type":"post","link":"http:\/\/www.lecarrefourdesopinions.ca\/?p=3740","title":{"rendered":"Coeur vaillant"},"content":{"rendered":"<p>&nbsp;<\/p>\n<h1>Coeur vaillant<\/h1>\n<p><em><span style=\"color: #800000;\"><img loading=\"lazy\" decoding=\"async\" class=\"alignleft size-thumbnail wp-image-3741\" title=\"J.P.Kozminski\" src=\"http:\/\/www.lecarrefourdesopinions.ca\/wp-content\/uploads\/2010\/10\/J.P.Kozminski-134x107.jpg\" alt=\"\" width=\"134\" height=\"107\" \/> Par Jean-Paul Kozminski <\/span><\/em><\/p>\n<p><em>Monsieur Richard Boudreau, mon v\u00e9t\u00e9ran<\/em>.<\/p>\n<p style=\"text-align: justify;\">Les hauts faits d\u2019arme du 22<sup>i\u00e8me<\/sup> sont connus de tous. C\u2019est toujours avec beaucoup de gentillesse que Monsieur Boudreau me livre, au cours de nos rencontres, ses souvenirs.<\/p>\n<p style=\"text-align: justify;\">Il s\u2019est engag\u00e9 pour voir du pays et aussi parce qu\u2019il comprenait que le r\u00e9gime nazi \u00e9tait mauvais. Qu\u2019il fallait se tenir debout. Originaires de Petit Rocher (NB), ses fr\u00e8res se sont aussi enr\u00f4l\u00e9s.<\/p>\n<p style=\"text-align: justify;\"><img loading=\"lazy\" decoding=\"async\" class=\"alignleft size-medium wp-image-3745\" title=\"IMG_0901\" src=\"http:\/\/www.lecarrefourdesopinions.ca\/wp-content\/uploads\/2010\/10\/IMG_0901-300x225.jpg\" alt=\"\" width=\"300\" height=\"225\" srcset=\"http:\/\/www.lecarrefourdesopinions.ca\/wp-content\/uploads\/2010\/10\/IMG_0901-300x225.jpg 300w, http:\/\/www.lecarrefourdesopinions.ca\/wp-content\/uploads\/2010\/10\/IMG_0901-1024x768.jpg 1024w, http:\/\/www.lecarrefourdesopinions.ca\/wp-content\/uploads\/2010\/10\/IMG_0901-400x300.jpg 400w\" sizes=\"auto, (max-width: 300px) 100vw, 300px\" \/>Apr\u00e8s un entra\u00eenement tr\u00e8s dur en Angleterre, Monsieur Bouchard s\u2019est retrouv\u00e9 dans une p\u00e9niche de d\u00e9barquement, direction une plage de la Sicile.<\/p>\n<p style=\"text-align: justify;\">\u00ab\u00c7a sifflait de partout. Les feux d\u2019artifice de la ronde, c\u2019est rien. Une pluie de fer. J\u2019\u00e9tais inquiet. La rampe s\u2019est baiss\u00e9e et je me suis retrouv\u00e9 dans l\u2019eau avec mon sac. J\u2019avais mon mortier et des munitions. C\u2019est lourd. Un moment donn\u00e9, j\u2019ai senti que mon ami n\u2019\u00e9tait plus derri\u00e8re moi. La balle m\u2019\u00e9tait pass\u00e9e \u00e0 c\u00f4t\u00e9 mais l\u2019a frapp\u00e9. Il est mort dans l\u2019eau. Fallait avancer. <img loading=\"lazy\" decoding=\"async\" class=\"alignright size-full wp-image-3771\" title=\"\u00e9cusson je me souviens\" src=\"http:\/\/www.lecarrefourdesopinions.ca\/wp-content\/uploads\/2010\/10\/\u00e9cusson-je-me-souviens1.jpg\" alt=\"\" width=\"99\" height=\"93\" \/>On a atteint la plage et couru se mettre \u00e0 l\u2019abri. Mais \u00e7a tirait\u00a0<em> <\/em>fort. On a r\u00e9ussi \u00e0 prendre pieds et \u00e0 progresser. C\u2019\u00e9tait pas facile. La petite plaine \u00e9tait entour\u00e9e de petites collines. Les Allemands et les Italiens \u00e9taient bien install\u00e9s dans les villages qui nous entouraient en hauteur. C\u2019\u00e9tait plus facile pour eux parce que la roche se creusait assez facilement pour faire des tranch\u00e9es. Et puis il y avait des embuscades. \u00c7a c\u2019est traitre. Une chance que nos avions \u00e9taient l\u00e0. Mais pas la nuit.\u00bb<\/p>\n<p style=\"text-align: justify;\">\u00abDes gars tombaient\u2026 mais on avan\u00e7ait, on avan\u00e7ait. On prenait une tranch\u00e9e, un village et on continuait. Les ponts \u00e9taient d\u00e9truits, il y avait des mines sur les routes et les chemins de travers, des mitrailleuses pouvaient nous prendre en d\u00e9faut. C\u2019est s\u00fbr que les chars\u00a0 pouvaient pas nous aider toujours. \u00c0 cause des ravins, des rochers et des fois \u00e7a grimpait pas mal. On attaquait un peu comme les indiens. On s\u2019approchait avec le moins de bruit possible et on leur sautait dessus au bon moment. Fallait pas rester \u00e0 d\u00e9couvert longtemps. On se faisait tirer dessus.\u00bb<\/p>\n<p style=\"text-align: justify;\">\u00ab<strong>En Italie, j\u2019ai bien aim\u00e9. C\u2019est beau l\u2019Italie. Mais apr\u00e8s 2 ans j\u2019\u00e9tais tann\u00e9.<\/strong><\/p>\n<p style=\"text-align: justify;\">Ortona, oooh, \u00e7a c\u2019est quelque chose. On s\u2019est retrouv\u00e9, avec le capitaine Triquet, a devoir prendre une maison qui s\u2019appelait la Casa Berardi. On \u00e9tait appuy\u00e9 par des chars. Puis on a \u00e9t\u00e9 isol\u00e9s. Les Allemands, c\u2019est des bons soldats. Ils nous ont men\u00e9 la vie dure. On avait des bless\u00e9s partout. On pouvait pas s\u2019en occuper. On \u00e9tait \u00e0 1 mile de la Casa Berardi. On nous avait dit qu\u2019il fallait y arriver et attendre les renforts. Puis que la route vers Ortona serait libre pour les autres.<\/p>\n<p style=\"text-align: justify;\">Triquet nous a dit que nous \u00e9tions encercl\u00e9s. Que le seul endroit o\u00f9 on serait en s\u00e9curit\u00e9 c\u2019\u00e9tait l\u2019objectif. Il fallait arriver \u00e0 la maison. C\u2019\u00e9tait pas facile mais, maudit, on y est arriv\u00e9.\u00bb<\/p>\n<p style=\"text-align: justify;\">Ce que Monsieur Boudreau m\u2019a racont\u00e9 c\u2019est que les 12 hommes, les 2 sergents et le capitaine Triquet ont investi la maison Berardi et repouss\u00e9 toutes les contre-attaques allemandes. Le bataillon a fini par les rejoindre pour les d\u00e9livrer de la pression ennemie.\u00a0 Des 145 hommes de la compagnie, il y eut 107 bless\u00e9s, 23 tu\u00e9s.<\/p>\n<p style=\"text-align: justify;\">Au petit jour, des soldats du bataillon ont retir\u00e9 Monsieur Boudreau de son trou d\u2019eau. Il avait les pieds gel\u00e9s (c\u2019\u00e9tait le 14 d\u00e9cembre 1943).<\/p>\n<p style=\"text-align: justify;\">Ce qu\u2019il m\u2019a dit\u00a0: \u00abj\u2019ai d\u00fb m\u2019endormir sans m\u2019en apercevoir. \u00c7a faisait pas mal d\u2019heures qu\u2019on n\u2019arr\u00eatait pas. \u00a0On aurait manqu\u00e9 de munitions mais ils nous auraient pas eu.\u00bb<\/p>\n<p style=\"text-align: justify;\">Et aussi\u00a0:\u00ab j\u2019ai \u00e9t\u00e9 bien soign\u00e9 sur le b\u00e2teau et en Tunisie. Apr\u00e8s J\u2019ai retrouv\u00e9 ma compagnie. On est all\u00e9 jusqu\u2019au Nord. Puis \u00e7a \u00e9t\u00e9 la Hollande. Mon fr\u00e8re est mort noy\u00e9.\u00bb<\/p>\n<p style=\"text-align: justify;\">\u00abJ\u2019ai pas voulu avoir une promotion. C\u2019\u00e9tait pas moi de donner des ordres.<\/p>\n<p style=\"text-align: justify;\">Quand je suis revenu, j\u2019ai rien dit \u00e0 mes parents. Un matin, j\u2019ai dit que je devais voir un ami \u00e0 Qu\u00e9bec. C\u2019\u00e9tait pas vrai. Mais fallait que je parte\u2026 je ne pouvais pas parler.\u00bb<\/p>\n<p style=\"text-align: justify;\">\n<p style=\"text-align: justify;\">Monsieur Boudreau m\u2019avait dit\u00a0: Quand tu iras voir ton gars \u00e0 Caraquet, arr\u00eate \u00e0 Petit Rocher. Tu vas voir, il y a un monument pour les anciens combattants, c\u2019est devant l\u2019\u00e9glise.<\/p>\n<p style=\"text-align: justify;\">J\u2019y suis all\u00e9\u2026 fais le tour de l\u2019\u00e9glise. Rien\u2026 aucune plaque souvenir, aucun monument.<\/p>\n<p style=\"text-align: justify;\">\u00c0 mon retour je lui ai dit. Il a v\u00e9rifi\u00e9 aupr\u00e8s de parents. Personne ne sait.<\/p>\n<p style=\"text-align: justify;\">\n<script type=\"text\/javascript\">\n\nvar addthis_config = {\"data_track_clickback\":false,\"data_track_addressbar\":false,\"data_track_textcopy\":false};\n<\/script><script type=\"text\/javascript\" src=\"\/\/s7.addthis.com\/js\/250\/addthis_widget.js#pubid=a457a6d63fb9e6ccabdde4110343bd85\"><\/script>","protected":false},"excerpt":{"rendered":"<p>&nbsp;<\/p>\n<p>Coeur vaillant<\/p>\n<p><span style=\"color: #800000;\"> Par Jean-Paul Kozminski <\/span><\/p>\n<p>Monsieur Richard Boudreau, mon v\u00e9t\u00e9ran.<\/p>\n<p style=\"text-align: justify;\">Les hauts faits d\u2019arme du 22<sup>i\u00e8me<\/sup> sont connus de tous. C\u2019est toujours avec beaucoup de gentillesse que Monsieur Boudreau me livre, au cours de nos &hellip;<\/p>\n","protected":false},"author":1,"featured_media":0,"comment_status":"open","ping_status":"open","sticky":false,"template":"","format":"standard","meta":{"footnotes":""},"categories":[8],"tags":[],"class_list":["post-3740","post","type-post","status-publish","format-standard","hentry","category-reserve"],"_links":{"self":[{"href":"http:\/\/www.lecarrefourdesopinions.ca\/index.php?rest_route=\/wp\/v2\/posts\/3740","targetHints":{"allow":["GET"]}}],"collection":[{"href":"http:\/\/www.lecarrefourdesopinions.ca\/index.php?rest_route=\/wp\/v2\/posts"}],"about":[{"href":"http:\/\/www.lecarrefourdesopinions.ca\/index.php?rest_route=\/wp\/v2\/types\/post"}],"author":[{"embeddable":true,"href":"http:\/\/www.lecarrefourdesopinions.ca\/index.php?rest_route=\/wp\/v2\/users\/1"}],"replies":[{"embeddable":true,"href":"http:\/\/www.lecarrefourdesopinions.ca\/index.php?rest_route=%2Fwp%2Fv2%2Fcomments&post=3740"}],"version-history":[{"count":5,"href":"http:\/\/www.lecarrefourdesopinions.ca\/index.php?rest_route=\/wp\/v2\/posts\/3740\/revisions"}],"predecessor-version":[{"id":7145,"href":"http:\/\/www.lecarrefourdesopinions.ca\/index.php?rest_route=\/wp\/v2\/posts\/3740\/revisions\/7145"}],"wp:attachment":[{"href":"http:\/\/www.lecarrefourdesopinions.ca\/index.php?rest_route=%2Fwp%2Fv2%2Fmedia&parent=3740"}],"wp:term":[{"taxonomy":"category","embeddable":true,"href":"http:\/\/www.lecarrefourdesopinions.ca\/index.php?rest_route=%2Fwp%2Fv2%2Fcategories&post=3740"},{"taxonomy":"post_tag","embeddable":true,"href":"http:\/\/www.lecarrefourdesopinions.ca\/index.php?rest_route=%2Fwp%2Fv2%2Ftags&post=3740"}],"curies":[{"name":"wp","href":"https:\/\/api.w.org\/{rel}","templated":true}]}}