{"id":3414,"date":"2010-08-25T22:49:27","date_gmt":"2010-08-26T02:49:27","guid":{"rendered":"http:\/\/www.lecarrefourdesopinions.ca\/?p=3414"},"modified":"2011-11-10T10:40:30","modified_gmt":"2011-11-10T15:40:30","slug":"solidarite-ftq-solidarnosc","status":"publish","type":"post","link":"http:\/\/www.lecarrefourdesopinions.ca\/?p=3414","title":{"rendered":"SOLIDARIT\u00c9 FTQ-SOLIDARNOSC"},"content":{"rendered":"<p>SOLIDARIT\u00c9 FTQ-SOLIDARNOSC<\/p>\n<p style=\"text-align: center;\"><img loading=\"lazy\" decoding=\"async\" class=\"aligncenter size-full wp-image-3425\" title=\"Logo solidarnosc\" src=\"http:\/\/www.lecarrefourdesopinions.ca\/wp-content\/uploads\/2010\/08\/Logo-solidarnosc1.jpg\" alt=\"\" width=\"261\" height=\"106\" \/><\/p>\n<p><img loading=\"lazy\" decoding=\"async\" class=\"alignleft size-thumbnail wp-image-3415\" title=\"J.P.Kozminski\" src=\"http:\/\/www.lecarrefourdesopinions.ca\/wp-content\/uploads\/2010\/08\/J.P.Kozminski-134x107.jpg\" alt=\"\" width=\"134\" height=\"107\" \/> <span style=\"color: #800000;\"><em>par Jean-Paul Kozminski<\/em> <\/span><\/p>\n<p><a href=\"http:\/\/fr.wikipedia.org\/wiki\/Fichier:Solidarnosc.png\"><\/a><\/p>\n<p>&nbsp;<\/p>\n<p style=\"text-align: justify;\">Le 31 ao\u00fbt est un jour f\u00e9ri\u00e9 en Pologne. Ce jour marque la naissance, en 1980, du premier syndicat ind\u00e9pendant qui, rapidement, regroupera 10 millions de salari\u00e9s. Le premier congr\u00e8s de Solidarit\u00e9, v\u00e9ritable parlement ouvrier, se dote d\u2019une structure d\u00e9mocratique\u00a0: les dirigeants sont r\u00e9vocables. V\u00e9ritable r\u00e9volution initi\u00e9e par une femme, Anna Walentynowicz, qui, sensible aux difficiles conditions de travail sur les chantiers navals, a cr\u00e9\u00e9 la premi\u00e8re\u00a0 association ind\u00e9pendante \u00e0\u00a0 Gdansk. Son licenciement provoque la col\u00e8re des ouvriers qui refusent \u00a0de travailler\u00a0: c\u2019est la gr\u00e8ve qui donnera naissance \u00e0 SOLIDARIT\u00c9. Le monde entier vient de conna\u00eetre Lech Walesa, figure embl\u00e9matique d\u2019un changement social et politique.<\/p>\n<p style=\"text-align: justify;\">Ce changement, s\u2019est effectu\u00e9 sur des ann\u00e9es de luttes, de n\u00e9gociations difficiles, de privations, de sacrifices.<\/p>\n<p style=\"text-align: justify;\">L\u2019histoire de la Pologne est faite de r\u00e9sistance, d\u2019abn\u00e9gation et de courage. Le destin a voulu qu\u2019un Polonais \u00abJean-Paul ll\u00bb soit \u00e9lu pape. La victoire sur le communisme devint certitude.<\/p>\n<p style=\"text-align: justify;\">Certitude aliment\u00e9e par une fraternit\u00e9, une solidarit\u00e9 internationale.<\/p>\n<p style=\"text-align: justify;\">Au Qu\u00e9bec, M. Z\u00e9non Mazur s\u2019est investi pour faire reconna\u00eetre la l\u00e9gitimit\u00e9 de Solidarnosc.<\/p>\n<p style=\"text-align: justify;\">Et c\u2019est l\u00e0 que l\u2019on doit\u00a0reconna\u00eetre l\u2019apport consid\u00e9rable de Monsieur <strong>Fernand Daoust<\/strong> et de la <strong>FTQ<\/strong>. <img loading=\"lazy\" decoding=\"async\" class=\"alignleft size-thumbnail wp-image-3418\" title=\"5035\" src=\"http:\/\/www.lecarrefourdesopinions.ca\/wp-content\/uploads\/2010\/08\/50351-134x107.jpg\" alt=\"\" width=\"134\" height=\"107\" \/>La grande centrale syndicale a r\u00e9pondu avec conviction et a mis bien des ressources au service de cette grande cause. Avec une grande d\u00e9licatesse, jamais comme une aum\u00f4ne, ces ressources ont \u00e9t\u00e9 achemin\u00e9es aux femmes, enfants et aux travailleurs polonais qui vivaient dans la pr\u00e9carit\u00e9.<\/p>\n<p style=\"text-align: justify;\">Sans Monsieur Daoust et les dirigeants de l\u2019\u00e9poque, sans leur soutien moral, les syndiqu\u00e9s de Solidarnosc auraient encore plus soufferts. Je me souviens de la visite de repr\u00e9sentants du syndicat polonais\u00a0: ils ont trouv\u00e9 compr\u00e9hension, chaleur humaine car les syndicats qu\u00e9b\u00e9cois, aussi, ont eu leur part de luttes et de difficult\u00e9s, de gr\u00e8ves et de matraquage.<\/p>\n<p style=\"text-align: justify;\">La lettre de Monsieur <strong>Michel Arseneault<\/strong>, pr\u00e9sident de la <strong>FTQ<\/strong>, perp\u00e9tue cet engagement envers <img loading=\"lazy\" decoding=\"async\" class=\"alignleft size-thumbnail wp-image-3419\" title=\"2957\" src=\"http:\/\/www.lecarrefourdesopinions.ca\/wp-content\/uploads\/2010\/08\/29571-134x107.jpg\" alt=\"\" width=\"134\" height=\"107\" \/>ceux et celles qui luttent pour la libert\u00e9, une plus grande \u00e9galit\u00e9 et une justice sociale.<\/p>\n<p style=\"text-align: justify;\">Lors de ces comm\u00e9morations, nous aurons l\u2019occasion de lever notre verre \u00e0 celles et ceux\u00a0 qui se sont battus, \u00e0 celles et ceux qui ont apport\u00e9 r\u00e9confort et bont\u00e9, qui ont ouvert leur c\u0153ur.<\/p>\n<p style=\"text-align: justify;\">Mais surtout, levons nos verres \u00e0 la jeunesse qui peut exprimer librement sa vitalit\u00e9, sa cr\u00e9ativit\u00e9, qui peut partager, offrir et donner. Que nos enfants gardent le souvenir de celles et ceux qui les ont pr\u00e9c\u00e9d\u00e9s, qui ont fait les n\u00e9cessaires sacrifices, parfois de leur vie, pour qu\u2019ils soient heureux.<\/p>\n<p style=\"text-align: justify;\">\u00c0 vous pour qui le mot <strong>SOLIDARIT\u00c9<\/strong> n\u2019est pas un vain mot, SALUT, NA ZDROWI\u00c9.<\/p>\n<script type=\"text\/javascript\">\n\nvar addthis_config = {\"data_track_clickback\":false,\"data_track_addressbar\":false,\"data_track_textcopy\":false};\n<\/script><script type=\"text\/javascript\" src=\"\/\/s7.addthis.com\/js\/250\/addthis_widget.js#pubid=a457a6d63fb9e6ccabdde4110343bd85\"><\/script>","protected":false},"excerpt":{"rendered":"<p>SOLIDARIT\u00c9 FTQ-SOLIDARNOSC<\/p>\n<p style=\"text-align: center;\">\n<p> <span style=\"color: #800000;\">par Jean-Paul Kozminski <\/span><\/p>\n<\/p>\n<p>&nbsp;<\/p>\n<p style=\"text-align: justify;\">Le 31 ao\u00fbt est un jour f\u00e9ri\u00e9 en Pologne. Ce jour marque la naissance, en 1980, du premier syndicat ind\u00e9pendant qui, rapidement, regroupera 10 millions de salari\u00e9s. Le premier congr\u00e8s de &hellip;<\/p>\n","protected":false},"author":1,"featured_media":0,"comment_status":"open","ping_status":"open","sticky":false,"template":"","format":"standard","meta":{"footnotes":""},"categories":[8],"tags":[],"class_list":["post-3414","post","type-post","status-publish","format-standard","hentry","category-reserve"],"_links":{"self":[{"href":"http:\/\/www.lecarrefourdesopinions.ca\/index.php?rest_route=\/wp\/v2\/posts\/3414","targetHints":{"allow":["GET"]}}],"collection":[{"href":"http:\/\/www.lecarrefourdesopinions.ca\/index.php?rest_route=\/wp\/v2\/posts"}],"about":[{"href":"http:\/\/www.lecarrefourdesopinions.ca\/index.php?rest_route=\/wp\/v2\/types\/post"}],"author":[{"embeddable":true,"href":"http:\/\/www.lecarrefourdesopinions.ca\/index.php?rest_route=\/wp\/v2\/users\/1"}],"replies":[{"embeddable":true,"href":"http:\/\/www.lecarrefourdesopinions.ca\/index.php?rest_route=%2Fwp%2Fv2%2Fcomments&post=3414"}],"version-history":[{"count":5,"href":"http:\/\/www.lecarrefourdesopinions.ca\/index.php?rest_route=\/wp\/v2\/posts\/3414\/revisions"}],"predecessor-version":[{"id":7161,"href":"http:\/\/www.lecarrefourdesopinions.ca\/index.php?rest_route=\/wp\/v2\/posts\/3414\/revisions\/7161"}],"wp:attachment":[{"href":"http:\/\/www.lecarrefourdesopinions.ca\/index.php?rest_route=%2Fwp%2Fv2%2Fmedia&parent=3414"}],"wp:term":[{"taxonomy":"category","embeddable":true,"href":"http:\/\/www.lecarrefourdesopinions.ca\/index.php?rest_route=%2Fwp%2Fv2%2Fcategories&post=3414"},{"taxonomy":"post_tag","embeddable":true,"href":"http:\/\/www.lecarrefourdesopinions.ca\/index.php?rest_route=%2Fwp%2Fv2%2Ftags&post=3414"}],"curies":[{"name":"wp","href":"https:\/\/api.w.org\/{rel}","templated":true}]}}