{"id":3274,"date":"2010-07-29T07:38:27","date_gmt":"2010-07-29T11:38:27","guid":{"rendered":"http:\/\/www.lecarrefourdesopinions.ca\/?p=3274"},"modified":"2011-11-09T12:50:13","modified_gmt":"2011-11-09T17:50:13","slug":"casa-ditalia","status":"publish","type":"post","link":"http:\/\/www.lecarrefourdesopinions.ca\/?p=3274","title":{"rendered":"Casa D&rsquo;Italia"},"content":{"rendered":"<p><strong>Casa D&rsquo;Italia\u00a0: salle multifonctionnelle, biblioth\u00e8que et beaucoup plus<\/strong><strong> <\/strong><\/p>\n<p><img loading=\"lazy\" decoding=\"async\" class=\"alignleft size-full wp-image-3275\" title=\"yves Alavo\" src=\"http:\/\/www.lecarrefourdesopinions.ca\/wp-content\/uploads\/2010\/07\/yves-Alavo5.jpg\" alt=\"\" width=\"112\" height=\"144\" \/> <span style=\"color: #800000;\"><strong><em>Yves ALAVO<\/em><\/strong> <\/span><\/p>\n<p style=\"text-align: justify;\">La Maison d\u2019Italie de Montr\u00e9al (<strong>Casa d\u2019Italia<\/strong>), lieu symbolique de l\u2019histoire de la communaut\u00e9 italienne au Canada construit en 1936, fait partie du patrimoine architectural du Qu\u00e9bec. \u00a0La Maison d\u2019Italie, situ\u00e9e au coin des rues Jean-Talon et Berri, est un centre communautaire qui accueille diff\u00e9rents organismes italiens et italo-canadiens. \u00a0Pendant 70 ans, la Maison d\u2019Italie a repr\u00e9sent\u00e9 le point d\u2019arriv\u00e9e des Italiens au Qu\u00e9bec et le lieu des \u00e9v\u00e9nements les plus importants de leur vie sociale : les f\u00eates, les mariages, les r\u00e9unions des diff\u00e9rentes associations r\u00e9gionales, etc.<\/p>\n<p style=\"text-align: justify;\">\n<p style=\"text-align: justify;\">Afin de redonner son lustre d\u2019antan \u00e0 la Maison d\u2019Italie, les repr\u00e9sentants de cette institution et la Fondation Communautaire Canadienne-Italienne (FCCI) ont lanc\u00e9 une campagne de financement <img loading=\"lazy\" decoding=\"async\" class=\"alignleft size-medium wp-image-3276\" title=\"CAM_5451.Casa Italia\" src=\"http:\/\/www.lecarrefourdesopinions.ca\/wp-content\/uploads\/2010\/07\/CAM_5451.Casa-Italia-300x199.jpg\" alt=\"\" width=\"300\" height=\"199\" srcset=\"http:\/\/www.lecarrefourdesopinions.ca\/wp-content\/uploads\/2010\/07\/CAM_5451.Casa-Italia-300x199.jpg 300w, http:\/\/www.lecarrefourdesopinions.ca\/wp-content\/uploads\/2010\/07\/CAM_5451.Casa-Italia-1024x680.jpg 1024w, http:\/\/www.lecarrefourdesopinions.ca\/wp-content\/uploads\/2010\/07\/CAM_5451.Casa-Italia-400x265.jpg 400w, http:\/\/www.lecarrefourdesopinions.ca\/wp-content\/uploads\/2010\/07\/CAM_5451.Casa-Italia.jpg 1280w\" sizes=\"auto, (max-width: 300px) 100vw, 300px\" \/>conjointe avec l\u2019objectif de recueillir une somme importante qui s\u2019ajoute aux contributions des diff\u00e9rents ordres de gouvernement.<\/p>\n<p style=\"text-align: justify;\">\n<p style=\"text-align: justify;\">Une fois l\u2019\u00e9difice restaur\u00e9, la Maison d\u2019Italie accueillera une salle multifonctionnelle, une biblioth\u00e8que, un centre d\u2019archives, une exposition historique, des bureaux locatifs et un centre d\u2019information touristique.\u00a0 Tels \u00e9taient les lignes trac\u00e9es depuis quatre ans pour ouvrir un chapitre tout neuf d\u2019un lieu mythique, <strong>Casa d\u2019Italia<\/strong>.<\/p>\n<p style=\"text-align: justify;\">\n<p style=\"text-align: justify;\"><strong>Berceau de la conscience culturelle collective<\/strong><\/p>\n<p style=\"text-align: justify;\">\n<p style=\"text-align: justify;\">Personne mieux que Pasquale L. Iacobacci, dans un document de recherche et un texte qui parlent de l\u2019historique et nous conduit \u00e0 la vocation nouvelle, n\u2019a r\u00e9ussi \u00e0 expliquer clairement la place centrale de ce lieu dans notre histoire commune.\u00a0 Au-del\u00e0 de la communaut\u00e9 d\u2019origine italienne, nous <img loading=\"lazy\" decoding=\"async\" class=\"alignright size-medium wp-image-3277\" title=\"CAM_5452\" src=\"http:\/\/www.lecarrefourdesopinions.ca\/wp-content\/uploads\/2010\/07\/CAM_5452-300x199.jpg\" alt=\"\" width=\"300\" height=\"199\" srcset=\"http:\/\/www.lecarrefourdesopinions.ca\/wp-content\/uploads\/2010\/07\/CAM_5452-300x199.jpg 300w, http:\/\/www.lecarrefourdesopinions.ca\/wp-content\/uploads\/2010\/07\/CAM_5452-1024x680.jpg 1024w, http:\/\/www.lecarrefourdesopinions.ca\/wp-content\/uploads\/2010\/07\/CAM_5452-400x265.jpg 400w, http:\/\/www.lecarrefourdesopinions.ca\/wp-content\/uploads\/2010\/07\/CAM_5452.jpg 1280w\" sizes=\"auto, (max-width: 300px) 100vw, 300px\" \/>sommes, du d\u00e9but du si\u00e8cle pass\u00e9 aux moments actuels o\u00f9 vont rena\u00eetre l\u2019espace et les multiples missions de la <strong>Casa d\u2019Italia<\/strong>, dans une aventure collective, une d\u00e9marche strat\u00e9gique unique et riche.<\/p>\n<p style=\"text-align: justify;\">\n<p style=\"text-align: justify;\">La renaissance de la <strong>Casa d\u2019Italia<\/strong> a pris une tournure significative avec la construction du Centre Leonardo da Vinci \u00e0 Saint-L\u00e9onard, sous la houlette de Giuseppe Borsellino et des \u00ab\u00a0gouverneurs\u00a0\u00bb de la Fondation communautaire canadienne italienne (FCCI).\u00a0 Une nouvelle orientation, un repositionnement et de nouvelles perspectives se dessinaient d\u00e9sormais pour <strong>Casa d\u2019Italia<\/strong> : comit\u00e9 des horizons nouveaux, d\u00e9bats, programme architectural renouvel\u00e9 et bien s\u00fbr un processus de financement \u00e0 court, moyen et long terme.<\/p>\n<p style=\"text-align: justify;\">\n<p style=\"text-align: justify;\">Au c\u0153ur de l\u2019automne 2010, alors que depuis l\u2019automne pass\u00e9 d\u2019immenses travaux sont ex\u00e9cut\u00e9s sous la direction, avec la vigilance et la passion de Pasquale L. Iacobacci, Montr\u00e9al va avoir une nouvelle salle aux aires fonctionnelles, aux accents fantaisistes, aux allures artistiques et surtout au <img loading=\"lazy\" decoding=\"async\" class=\"alignleft size-medium wp-image-3278\" title=\"CAM_5468\" src=\"http:\/\/www.lecarrefourdesopinions.ca\/wp-content\/uploads\/2010\/07\/CAM_5468-300x199.jpg\" alt=\"\" width=\"300\" height=\"199\" srcset=\"http:\/\/www.lecarrefourdesopinions.ca\/wp-content\/uploads\/2010\/07\/CAM_5468-300x199.jpg 300w, http:\/\/www.lecarrefourdesopinions.ca\/wp-content\/uploads\/2010\/07\/CAM_5468-1024x680.jpg 1024w, http:\/\/www.lecarrefourdesopinions.ca\/wp-content\/uploads\/2010\/07\/CAM_5468-400x265.jpg 400w, http:\/\/www.lecarrefourdesopinions.ca\/wp-content\/uploads\/2010\/07\/CAM_5468.jpg 1280w\" sizes=\"auto, (max-width: 300px) 100vw, 300px\" \/>service de nos meilleures institutions et de tous les organismes culturels, sociaux et \u00e0 vocation de promotion, de cr\u00e9ation et de diffusion.<\/p>\n<p style=\"text-align: justify;\">\n<p style=\"text-align: justify;\"><strong>Casa d\u2019Italia<\/strong> est \u00e0 voir, \u00e0 red\u00e9couvrir, \u00e0 apprivoiser, \u00e0 vivre pour notre plus grand bonheur.\u00a0 Une galerie pour les arts visuels, les arts graphiques et les arts m\u00e9diatiques et \u00e9lectroniques, un mus\u00e9e et centre de la d\u00e9couverte mis \u00e0 la disposition des \u00e9l\u00e8ves, des \u00e9tudiants et du monde de l\u2019\u00e9ducation pour la sensibilisation au civisme et l\u2019\u00e9ducation aux droits; un espace dit hall des c\u00e9l\u00e9brations ouvert aux activit\u00e9s socioculturelles, aux conf\u00e9rences de presse, aux soupers et aux \u00e9v\u00e9nements vari\u00e9s; le Temple de la m\u00e9moire et des hommages consacr\u00e9 \u00e0 l\u2019apport et aux contributions des Canadiens d\u2019origine italienne \u00e0 notre soci\u00e9t\u00e9 dans tous les secteurs d\u2019activit\u00e9s qui sera en compl\u00e9ment au M\u00e9morial visuel sur le mur ext\u00e9rieur, Nord-est de l\u2019\u00e9difice, mettant en relief la m\u00e9moire pass\u00e9e et pr\u00e9sente des Canadiens d\u2019origine italienne.\u00a0 Une biblioth\u00e8que et des archives qui rassemblent des documents (passeports, p\u00e9riodiques, photographies, livres, publications, artefacts) t\u00e9moins du patrimoine.\u00a0 Nouveaut\u00e9, un laboratoire culinaire o\u00f9 suivre des cours de cuisine, interface directe de la <em>Petite Italie<\/em>, avec des repas \u00e0 th\u00e8mes, des productions gourmandes sous les commandites des r\u00e9gions et des d\u00e9partements du tourisme ainsi qu\u2019un volet consacr\u00e9 aux vins et aux huiles d\u2019origine \u00ab\u00a0contr\u00f4l\u00e9e\u00a0\u00bb.<\/p>\n<p style=\"text-align: justify;\">\n<p style=\"text-align: justify;\"><strong>Casa d\u2019Italia<\/strong> est nouvelle avec les travaux de r\u00e9novation et d\u2019expansion.\u00a0 Le trio ma\u00eetre de la campagne de financement (Nicholas Di Tempora, Jean-Pierre Desrosiers et Guiseppe Danisi) aura s\u00fbrement \u00e0 d\u00e9ployer de nouveaux efforts tant l\u2019\u0153uvre m\u00e9rite des moyens suppl\u00e9mentaires qui sauront conduire le projet \u00e0 sa maturit\u00e9 compl\u00e8te.\u00a0 De la facture art d\u00e9co et des structures patin\u00e9es<img loading=\"lazy\" decoding=\"async\" class=\"alignright size-medium wp-image-3279\" title=\"CAM_5470\" src=\"http:\/\/www.lecarrefourdesopinions.ca\/wp-content\/uploads\/2010\/07\/CAM_5470-300x199.jpg\" alt=\"\" width=\"300\" height=\"199\" srcset=\"http:\/\/www.lecarrefourdesopinions.ca\/wp-content\/uploads\/2010\/07\/CAM_5470-300x199.jpg 300w, http:\/\/www.lecarrefourdesopinions.ca\/wp-content\/uploads\/2010\/07\/CAM_5470-1024x680.jpg 1024w, http:\/\/www.lecarrefourdesopinions.ca\/wp-content\/uploads\/2010\/07\/CAM_5470-400x265.jpg 400w, http:\/\/www.lecarrefourdesopinions.ca\/wp-content\/uploads\/2010\/07\/CAM_5470.jpg 1280w\" sizes=\"auto, (max-width: 300px) 100vw, 300px\" \/> par l\u2019histoire et le temps, une fleur belle et \u00e9minemment utile vient parfumer d\u2019une essence unique le panorama actuel et futur du Montr\u00e9al culturel.\u00a0 Dans quelques semaines <strong>Casa d\u2019Italia <\/strong>sera, semblable \u00e0 un jeune prince, pr\u00eat \u00e0 convoler en justes noces avec les forces vives de chez nous et du monde entier.\u00a0 Pr\u00e9parez-vous \u00e0 d\u00e9couvrir ce lieu qui comblera vraiment votre soif de beaut\u00e9.<\/p>\n<p style=\"text-align: justify;\">\n<p style=\"text-align: justify;\"><em><span style=\"color: #800000;\">Photos de Camilo Gomez Duran, photographe urbain<br \/>de Montr\u00e9al.<br \/><\/span><\/em><\/p>\n<p style=\"text-align: justify;\">Pour information et participation\u00a0:<\/p>\n<p style=\"text-align: justify;\"><strong>Casa D`Italia. <\/strong><\/p>\n<p>505, rue Jean-Talon Est,<\/p>\n<p>Montr\u00e9al, QC H2R 1T6<\/p>\n<p>T\u00e9l\u00e9phone : 514-271-2524<\/p>\n<p>&nbsp;<\/p>\n<p>Pasquale L. Iacobacci<\/p>\n<p>Consultant-Directeur de projet<\/p>\n<p>Centre communautaire de la Petite Italie &#8211; Casa d&rsquo;Italia<\/p>\n<p>&nbsp;<\/p>\n<p>T\u00e9l: (514) 271-2524 T\u00e9l\u00e9copieur: (514) 271-5073<\/p>\n<p>Cellulaire: (514) 996-0279<\/p>\n<p><a href=\"mailto:pliacobacci@casaditaliamtl.com\">pliacobacci@casaditaliamtl.com<\/a><\/p>\n<p>&nbsp;<\/p>\n<p>&nbsp;<\/p>\n<script type=\"text\/javascript\">\n\nvar addthis_config = {\"data_track_clickback\":false,\"data_track_addressbar\":false,\"data_track_textcopy\":false};\n<\/script><script type=\"text\/javascript\" src=\"\/\/s7.addthis.com\/js\/250\/addthis_widget.js#pubid=a457a6d63fb9e6ccabdde4110343bd85\"><\/script>","protected":false},"excerpt":{"rendered":"<p>Casa D&rsquo;Italia\u00a0: salle multifonctionnelle, biblioth\u00e8que et beaucoup plus <\/p>\n<p> <span style=\"color: #800000;\">Yves ALAVO <\/span><\/p>\n<p style=\"text-align: justify;\">La Maison d\u2019Italie de Montr\u00e9al (Casa d\u2019Italia), lieu symbolique de l\u2019histoire de la communaut\u00e9 italienne au Canada construit en 1936, fait partie du patrimoine architectural du &hellip;<\/p>\n","protected":false},"author":1,"featured_media":0,"comment_status":"open","ping_status":"open","sticky":false,"template":"","format":"standard","meta":{"footnotes":""},"categories":[8],"tags":[],"class_list":["post-3274","post","type-post","status-publish","format-standard","hentry","category-reserve"],"_links":{"self":[{"href":"http:\/\/www.lecarrefourdesopinions.ca\/index.php?rest_route=\/wp\/v2\/posts\/3274","targetHints":{"allow":["GET"]}}],"collection":[{"href":"http:\/\/www.lecarrefourdesopinions.ca\/index.php?rest_route=\/wp\/v2\/posts"}],"about":[{"href":"http:\/\/www.lecarrefourdesopinions.ca\/index.php?rest_route=\/wp\/v2\/types\/post"}],"author":[{"embeddable":true,"href":"http:\/\/www.lecarrefourdesopinions.ca\/index.php?rest_route=\/wp\/v2\/users\/1"}],"replies":[{"embeddable":true,"href":"http:\/\/www.lecarrefourdesopinions.ca\/index.php?rest_route=%2Fwp%2Fv2%2Fcomments&post=3274"}],"version-history":[{"count":2,"href":"http:\/\/www.lecarrefourdesopinions.ca\/index.php?rest_route=\/wp\/v2\/posts\/3274\/revisions"}],"predecessor-version":[{"id":7112,"href":"http:\/\/www.lecarrefourdesopinions.ca\/index.php?rest_route=\/wp\/v2\/posts\/3274\/revisions\/7112"}],"wp:attachment":[{"href":"http:\/\/www.lecarrefourdesopinions.ca\/index.php?rest_route=%2Fwp%2Fv2%2Fmedia&parent=3274"}],"wp:term":[{"taxonomy":"category","embeddable":true,"href":"http:\/\/www.lecarrefourdesopinions.ca\/index.php?rest_route=%2Fwp%2Fv2%2Fcategories&post=3274"},{"taxonomy":"post_tag","embeddable":true,"href":"http:\/\/www.lecarrefourdesopinions.ca\/index.php?rest_route=%2Fwp%2Fv2%2Ftags&post=3274"}],"curies":[{"name":"wp","href":"https:\/\/api.w.org\/{rel}","templated":true}]}}