{"id":3177,"date":"2010-06-24T08:39:04","date_gmt":"2010-06-24T12:39:04","guid":{"rendered":"http:\/\/www.lecarrefourdesopinions.ca\/?p=3177"},"modified":"2010-09-09T10:17:25","modified_gmt":"2010-09-09T14:17:25","slug":"en-retard-a-sainte-justine","status":"publish","type":"post","link":"http:\/\/www.lecarrefourdesopinions.ca\/?p=3177","title":{"rendered":"En retard \u00e0 Sainte-Justine"},"content":{"rendered":"<p><strong>En retard \u00e0 Sainte-Justine<\/strong><\/p>\n<p><em><img loading=\"lazy\" decoding=\"async\" class=\"alignleft size-thumbnail wp-image-3178\" title=\"Catherine\" src=\"http:\/\/www.lecarrefourdesopinions.ca\/wp-content\/uploads\/2010\/06\/Catherine1-134x107.jpg\" alt=\"\" width=\"134\" height=\"107\" \/> <span style=\"color: #800000;\">Par Catherine Kozminski <\/span><\/em><\/p>\n<p style=\"text-align: justify;\">Comme tous les mardis et les vendredis depuis quatre mois maintenant, je sais que je ne dois surtout pas quitter la maison plus tard que 6h45 Am, afin de m\u2019assurer de ne pas \u00eatre coinc\u00e9e dans le trafic matinal. Traverser le pont Jacques-Cartier rel\u00e8ve pratiquement de l\u2019h\u00e9ro\u00efsme, alors il faut faire preuve de pr\u00e9voyance \u00e0 tous les \u00e9gards. Je connais tous les d\u00e9tours et raccourcis possibles et inimaginables pour que le trajet ne dure pas plus de quarante-cinq minutes. Chaque seconde est calcul\u00e9e pour que je n\u2019arrive pas en retard \u00e0 l\u2019h\u00f4pital Sainte-Justine avec Ma\u00eblle. Sur place, une \u00e9quipe dynamique et accueillante form\u00e9e d\u2019infirmi\u00e8res attachantes et de pr\u00e9pos\u00e9es d\u00e9vou\u00e9es nous attend pour que puisse commencer les traitements de plasmaph\u00e9r\u00e8se dont Ma\u00eblle a besoin pour que sa maladie neuromusculaire, la myasth\u00e9nie grave, reste bien contr\u00f4l\u00e9e. Mis \u00e0 part les traitements \u00e0 l\u2019h\u00f4pital et la prise de m\u00e9dicaments plusieurs fois par jour, la vie de Ma\u00eblle ressemble presque \u00e0 celle de tous les autres enfants de 7 ans \u00bd. Sa maladie ne l\u2019emp\u00eache pas de continuer \u00e0 mener son existence presque normalement, d\u2019aller \u00e0 l\u2019\u00e9cole d\u00e8s son traitement termin\u00e9, de courir dans le jardin en esp\u00e9rant d\u00e9nicher un papillon qu\u2019elle pourra observer dans un petit contenant qu\u2019elle a re\u00e7u \u00e0 son anniversaire. Ce que Ma\u00eblle pr\u00e9f\u00e8re avant toutes choses, c\u2019est de jouer avec sa chienne de la Fondation MIRA, Labelle. Cette derni\u00e8re la suit partout et l\u2019accompagne m\u00eame parfois \u00e0 l\u2019h\u00f4pital, \u00e0 son grand bonheur.<\/p>\n<p style=\"text-align: justify;\">\n<p style=\"text-align: justify;\">Pendant que je conduis, ces images d\u2019une vie tranquille, loin de la maladie, me font r\u00eaver. Peut-\u00eatre un peu trop, car, distraite, je ne vois pas le motocycliste qui freine brutalement devant moi et c\u2019est l\u2019impact. Je n\u2019ai qu\u2019une id\u00e9e en t\u00eate\u00a0: je vais \u00eatre en retard \u00e0 Sainte-Justine. Le conducteur n\u2019a rien et nous non plus, heureusement, mais c\u2019en est trop pour moi. Je ne peux plus contr\u00f4ler mes larmes qui jaillissent comme un torrent sous les regards impuissants de toutes ces personnes prises dans la circulation. Je maudis le destin. C\u2019est comme un mauvais r\u00eave qui est en fait ma r\u00e9alit\u00e9 quotidienne. Je trouve que la vie est injuste. Ma\u00eblle m\u2019observe, impuissante, elle aussi, devant les larmes de sa maman. Je voudrais qu\u2019elle ne me voie pas pleurer. Je voudrais tellement incarner l\u2019image d\u2019une m\u00e8re aussi forte qu\u2019un m\u00e2t de navire qui tient bon devant toutes les intemp\u00e9ries que pr\u00e9voit M\u00e8re Nature. Cette fois, je dois enlever ce masque de la super maman. J\u2019essuie mes larmes et je continue ma route en esp\u00e9rant toujours de ne pas \u00eatre trop en retard \u00e0 l\u2019h\u00f4pital. Ma\u00eblle aime bien retourner \u00e0 l\u2019\u00e9cole juste \u00e0 temps pour le d\u00eener qu\u2019elle prend en compagnie de ses amis. Je ne pense qu\u2019\u00e0 cela. Plus rien n\u2019a d\u2019importance \u00e0 part continuer \u00e0 vivre, malgr\u00e9 tout, malgr\u00e9 l\u2019adversit\u00e9 qui a frapp\u00e9 \u00e0 notre porte sans pr\u00e9venir. Au loin, sur le chemin de la C\u00f4te-Sainte-Catherine, je devine l\u2019\u00e9norme b\u00e2tisse de l\u2019h\u00f4pital. Ma\u00eblle m\u2019observe du coin de l\u2019\u0153il, comme si elle voulait me demander si \u00e7a allait, si j\u2019allais tenir le coup. Je lui souris du mieux que je peux, car je la trouve si courageuse. Alors, nous sortons de la voiture apr\u00e8s nous \u00eatre gar\u00e9es dans le grand stationnement du centre M\u00e8re-Enfant. Ma\u00eblle me prend la main, puis galope jusqu\u2019\u00e0 l\u2019entr\u00e9e de l\u2019h\u00f4pital. Nous entrons, je respire un bon coup et \u2026 c\u2019est reparti.<\/p>\n<script type=\"text\/javascript\">\n\nvar addthis_config = {\"data_track_clickback\":false,\"data_track_addressbar\":false,\"data_track_textcopy\":false};\n<\/script><script type=\"text\/javascript\" src=\"\/\/s7.addthis.com\/js\/250\/addthis_widget.js#pubid=a457a6d63fb9e6ccabdde4110343bd85\"><\/script>","protected":false},"excerpt":{"rendered":"<p>En retard \u00e0 Sainte-Justine<\/p>\n<p> <span style=\"color: #800000;\">Par Catherine Kozminski <\/span><\/p>\n<p style=\"text-align: justify;\">Comme tous les mardis et les vendredis depuis quatre mois maintenant, je sais que je ne dois surtout pas quitter la maison plus tard que 6h45 Am, afin de m\u2019assurer &hellip;<\/p>\n","protected":false},"author":1,"featured_media":0,"comment_status":"open","ping_status":"open","sticky":false,"template":"","format":"standard","meta":{"footnotes":""},"categories":[8],"tags":[],"class_list":["post-3177","post","type-post","status-publish","format-standard","hentry","category-reserve"],"_links":{"self":[{"href":"http:\/\/www.lecarrefourdesopinions.ca\/index.php?rest_route=\/wp\/v2\/posts\/3177","targetHints":{"allow":["GET"]}}],"collection":[{"href":"http:\/\/www.lecarrefourdesopinions.ca\/index.php?rest_route=\/wp\/v2\/posts"}],"about":[{"href":"http:\/\/www.lecarrefourdesopinions.ca\/index.php?rest_route=\/wp\/v2\/types\/post"}],"author":[{"embeddable":true,"href":"http:\/\/www.lecarrefourdesopinions.ca\/index.php?rest_route=\/wp\/v2\/users\/1"}],"replies":[{"embeddable":true,"href":"http:\/\/www.lecarrefourdesopinions.ca\/index.php?rest_route=%2Fwp%2Fv2%2Fcomments&post=3177"}],"version-history":[{"count":3,"href":"http:\/\/www.lecarrefourdesopinions.ca\/index.php?rest_route=\/wp\/v2\/posts\/3177\/revisions"}],"predecessor-version":[{"id":3606,"href":"http:\/\/www.lecarrefourdesopinions.ca\/index.php?rest_route=\/wp\/v2\/posts\/3177\/revisions\/3606"}],"wp:attachment":[{"href":"http:\/\/www.lecarrefourdesopinions.ca\/index.php?rest_route=%2Fwp%2Fv2%2Fmedia&parent=3177"}],"wp:term":[{"taxonomy":"category","embeddable":true,"href":"http:\/\/www.lecarrefourdesopinions.ca\/index.php?rest_route=%2Fwp%2Fv2%2Fcategories&post=3177"},{"taxonomy":"post_tag","embeddable":true,"href":"http:\/\/www.lecarrefourdesopinions.ca\/index.php?rest_route=%2Fwp%2Fv2%2Ftags&post=3177"}],"curies":[{"name":"wp","href":"https:\/\/api.w.org\/{rel}","templated":true}]}}