{"id":3057,"date":"2010-06-03T00:02:51","date_gmt":"2010-06-03T04:02:51","guid":{"rendered":"http:\/\/www.lecarrefourdesopinions.ca\/?p=3057"},"modified":"2010-09-09T09:55:42","modified_gmt":"2010-09-09T13:55:42","slug":"%c2%ab-ceci-est-un-chien-mira-%c2%bb","status":"publish","type":"post","link":"http:\/\/www.lecarrefourdesopinions.ca\/?p=3057","title":{"rendered":"\u00ab Ceci est un chien MIRA ! \u00bb"},"content":{"rendered":"<p><strong>\u00ab\u00a0Ceci est un chien MIRA !\u00a0\u00bb<\/strong><\/p>\n<p><img loading=\"lazy\" decoding=\"async\" class=\"alignleft size-thumbnail wp-image-3058\" title=\"Catherine\" src=\"http:\/\/www.lecarrefourdesopinions.ca\/wp-content\/uploads\/2010\/06\/Catherine-134x107.jpg\" alt=\"\" width=\"134\" height=\"107\" \/> <span style=\"color: #800000;\"><em>Par <\/em><strong><em>Catherine Kozminski<\/em> <\/strong><\/span><\/p>\n<p>&nbsp;<\/p>\n<p style=\"text-align: justify;\"><strong>Jamais, au grand jamais, je n\u2019aurais imagin\u00e9 qu\u2019un de mes enfants puisse un jour \u00eatre b\u00e9n\u00e9ficiaire d\u2019un chien d\u2019assistance de la Fondation MIRA.<\/strong> Lorsque nous avons appris que Ma\u00eblle, notre fille a\u00een\u00e9e de 3 ans \u00e0 l\u2019\u00e9poque, pr\u00e9sentait une forme d\u2019autisme, j\u2019\u00e9tais d\u00e9j\u00e0 convaincue que la pr\u00e9sence d\u2019un animal \u00e0 ses c\u00f4t\u00e9s pourrait faire une diff\u00e9rence. Je ne pensais pas, toutefois, que ce grand Labernois, Labelle de son pr\u00e9nom, puisse \u00eatre une r\u00e9elle th\u00e9rapie aussi pour la m\u00e8re de trois enfants que je suis. Nous voil\u00e0 <img loading=\"lazy\" decoding=\"async\" class=\"alignleft size-medium wp-image-3059\" title=\"PA110043\" src=\"http:\/\/www.lecarrefourdesopinions.ca\/wp-content\/uploads\/2010\/06\/PA110043-300x225.jpg\" alt=\"\" width=\"300\" height=\"225\" srcset=\"http:\/\/www.lecarrefourdesopinions.ca\/wp-content\/uploads\/2010\/06\/PA110043-300x225.jpg 300w, http:\/\/www.lecarrefourdesopinions.ca\/wp-content\/uploads\/2010\/06\/PA110043-1024x768.jpg 1024w, http:\/\/www.lecarrefourdesopinions.ca\/wp-content\/uploads\/2010\/06\/PA110043-400x300.jpg 400w\" sizes=\"auto, (max-width: 300px) 100vw, 300px\" \/>maintenant trois ans plus tard et des poussi\u00e8res \u2026 Ma\u00eblle est non seulement autiste, mais d\u00e9sormais atteinte d\u2019une maladie neuromusculaire auto-immune tr\u00e8s rare chez les enfants, la myasth\u00e9nie grave. \u00c0 travers toutes les \u00e9preuves que nous devons traverser, Labelle reste le baume qui apaise nos souffrances et nos questions sans r\u00e9ponses, ces derni\u00e8res commen\u00e7ant bien souvent par \u00ab\u00a0pourquoi\u00a0?\u00a0\u00bb.<\/p>\n<p style=\"text-align: justify;\">Puisque Ma\u00eblle est trait\u00e9e deux fois par semaine au pavillon Vid\u00e9otron du CHU Sainte-Justine en h\u00e9mato-oncologie pour des plasmaph\u00e9r\u00e8ses<a href=\"http:\/\/www.lecarrefourdesopinions.ca\/wp-includes\/js\/tinymce\/plugins\/paste\/pasteword.htm?ver=327-1235#_ftn1\">[1]<\/a>, nous passons de nombreuses heures \u00e0 ce centre hospitalier en compagnie d\u2019enfants atteints de cancers ou de maladies du sang. Malheureusement, bien que fort compr\u00e9hensible, Labelle ne peut nous accompagner dans cette section de l\u2019h\u00f4pital, car les risques d\u2019allergies sont tr\u00e8s \u00e9lev\u00e9s au centre de canc\u00e9rologie. Elle attendra donc, tranquillement, notre retour au courant de la journ\u00e9e.<\/p>\n<p style=\"text-align: justify;\">\n<p style=\"text-align: justify;\">D\u00e8s les traitements termin\u00e9s, Ma\u00eblle se rend \u00e0 ses cours, malgr\u00e9 sa grande fatigue et cours rejoindre ses amis \u00e0 l\u2019\u00e9cole. De mon c\u00f4t\u00e9, je suis plus souvent qu\u2019autrement \u00e9puis\u00e9e et vid\u00e9e par l\u2019impuissance que je ressens devant la maladie de ces enfants, m\u00eame apr\u00e8s des mois, parce qu\u2019on ne s\u2019habitue pas \u00e0 cette r\u00e9alit\u00e9 qui ne devrait pas en \u00eatre une de fa\u00e7on naturelle. Il demeure si difficile de retenir ses larmes lorsqu\u2019une jeune fille de 14 ans \u00e0 peine, sans cheveux, enfl\u00e9e de partout par la cortisone, pleure de d\u00e9couragement face \u00e0 son triste destin. Comment reprendre un rythme de croisi\u00e8re effr\u00e9n\u00e9, mais bien adapt\u00e9 \u00e0 notre soci\u00e9t\u00e9 capitaliste dans de telles circonstances ? Tout me para\u00eet tellement artificiel ! On dit souvent que \u00ab\u00a0l\u2019essentiel, c\u2019est d\u2019\u00eatre aim\u00e9\u00a0\u00bb, comme dans la chanson de Ginette Reno, mais l\u2019essentiel, c\u2019est aussi d\u2019aimer.<\/p>\n<p style=\"text-align: justify;\">\n<p style=\"text-align: justify;\">Le silence est devenu depuis quelques temps mon meilleur conseiller, mais c\u2019est Labelle qui nous dicte le chemin \u00e0 suivre\u00a0: ne pas (trop) changer nos habitudes familiales; continuer \u00e0 rire des bouffonneries de notre chienne d\u2019assistance; regarder Ma\u00eblle s\u2019endormir, comme un ange, aux c\u00f4t\u00e9s de sa \u00ab\u00a0toutoune\u00a0\u00bb; chanter \u00e0 tue-t\u00eate et danser comme des fous sur les airs de la Compagnie Cr\u00e9ole.\u00a0 Oublier la vie, oublier la mort.<\/p>\n<p style=\"text-align: justify;\">\n<p style=\"text-align: justify;\">Souvent, quand cela est possible, j\u2019aime me promener avec Labelle. Malgr\u00e9 son foulard bleu \u00e0 l\u2019insigne de la Fondation MIRA, bien des gens se questionnent encore en voyant notre chienne hybride. Certains prennent m\u00eame peur en la voyant circuler \u00e0 la pharmacie ou au supermarch\u00e9; voire \u00e0 l\u2019h\u00f4pital et ce, malgr\u00e9 son harnais bien identifi\u00e9. Je m\u2019entends donc souvent r\u00e9p\u00e9ter haut et fort \u00e0 qui veut l\u2019entendre:\u00a0\u00ab\u00a0Ceci est un chien Mira; M-I-R-A !\u00a0\u00bb. Ah ! Quelle fiert\u00e9 de prononcer le nom de cet organisme qui, depuis sa cr\u00e9ation en 1981, a donn\u00e9 plus de 2000 chiens-guides et chiens d\u2019assistance dont notre Labelle qui ensoleille toujours davantage les journ\u00e9es un peu plus grises de la courte existence de notre fille de 7 ans. Car quand Ma\u00eblle rit, la vie est belle !<\/p>\n<p style=\"text-align: justify;\">\n<p>[1] <strong>Technique qui permet de pr\u00e9lever du plasma (liquide contenu dans le sang) chez un donneur de sang ou chez un malade.<\/strong><\/p>\n<p><strong> <a href=\"http:\/\/www.vulgaris-medical.com\/encyclopedie\/plasmapherese-3698.html\">http:\/\/www.vulgaris-medical.com\/encyclopedie\/plasmapherese-3698.html<\/a><\/strong><\/p>\n<p style=\"text-align: justify;\"><strong>Catherine Kozminski<\/strong><\/p>\n<p style=\"text-align: justify;\">Fonds Ma\u00eblle Adenot<\/p>\n<p style=\"text-align: justify;\">Fondation CHU Sainte-Justine<\/p>\n<p style=\"text-align: justify;\"><a href=\"http:\/\/www.maelle-adenot.com\/\">www.maelle-adenot.com<\/a><\/p>\n<p><a href=\"mailto:info@maelle-adenot.com\">info@maelle-adenot.com<\/a><\/p>\n<p>&nbsp;<\/p>\n<p>&nbsp;<\/p>\n<hr size=\"1\" \/>\n<p>&nbsp;<\/p>\n<script type=\"text\/javascript\">\n\nvar addthis_config = {\"data_track_clickback\":false,\"data_track_addressbar\":false,\"data_track_textcopy\":false};\n<\/script><script type=\"text\/javascript\" src=\"\/\/s7.addthis.com\/js\/250\/addthis_widget.js#pubid=a457a6d63fb9e6ccabdde4110343bd85\"><\/script>","protected":false},"excerpt":{"rendered":"<p>\u00ab\u00a0Ceci est un chien MIRA !\u00a0\u00bb<\/p>\n<p> <span style=\"color: #800000;\">Par Catherine Kozminski <\/span><\/p>\n<p>&nbsp;<\/p>\n<p style=\"text-align: justify;\">Jamais, au grand jamais, je n\u2019aurais imagin\u00e9 qu\u2019un de mes enfants puisse un jour \u00eatre b\u00e9n\u00e9ficiaire d\u2019un chien d\u2019assistance de la Fondation MIRA. Lorsque nous &hellip;<\/p>\n","protected":false},"author":1,"featured_media":0,"comment_status":"open","ping_status":"open","sticky":false,"template":"","format":"standard","meta":{"footnotes":""},"categories":[8],"tags":[],"class_list":["post-3057","post","type-post","status-publish","format-standard","hentry","category-reserve"],"_links":{"self":[{"href":"http:\/\/www.lecarrefourdesopinions.ca\/index.php?rest_route=\/wp\/v2\/posts\/3057","targetHints":{"allow":["GET"]}}],"collection":[{"href":"http:\/\/www.lecarrefourdesopinions.ca\/index.php?rest_route=\/wp\/v2\/posts"}],"about":[{"href":"http:\/\/www.lecarrefourdesopinions.ca\/index.php?rest_route=\/wp\/v2\/types\/post"}],"author":[{"embeddable":true,"href":"http:\/\/www.lecarrefourdesopinions.ca\/index.php?rest_route=\/wp\/v2\/users\/1"}],"replies":[{"embeddable":true,"href":"http:\/\/www.lecarrefourdesopinions.ca\/index.php?rest_route=%2Fwp%2Fv2%2Fcomments&post=3057"}],"version-history":[{"count":5,"href":"http:\/\/www.lecarrefourdesopinions.ca\/index.php?rest_route=\/wp\/v2\/posts\/3057\/revisions"}],"predecessor-version":[{"id":3590,"href":"http:\/\/www.lecarrefourdesopinions.ca\/index.php?rest_route=\/wp\/v2\/posts\/3057\/revisions\/3590"}],"wp:attachment":[{"href":"http:\/\/www.lecarrefourdesopinions.ca\/index.php?rest_route=%2Fwp%2Fv2%2Fmedia&parent=3057"}],"wp:term":[{"taxonomy":"category","embeddable":true,"href":"http:\/\/www.lecarrefourdesopinions.ca\/index.php?rest_route=%2Fwp%2Fv2%2Fcategories&post=3057"},{"taxonomy":"post_tag","embeddable":true,"href":"http:\/\/www.lecarrefourdesopinions.ca\/index.php?rest_route=%2Fwp%2Fv2%2Ftags&post=3057"}],"curies":[{"name":"wp","href":"https:\/\/api.w.org\/{rel}","templated":true}]}}